{"id":22629,"date":"2023-02-21T14:02:57","date_gmt":"2023-02-21T13:02:57","guid":{"rendered":"https:\/\/cmm.imgw.pl\/?p=22629"},"modified":"2023-02-21T23:55:11","modified_gmt":"2023-02-21T22:55:11","slug":"komentarz-do-numerycznych-prognoz-pogody-21-22-02-2022","status":"publish","type":"post","link":"https:\/\/cmm.imgw.pl\/?p=22629","title":{"rendered":"Komentarz do numerycznych prognoz pogody (21\/22.02.2022)"},"content":{"rendered":"\n<p><em>Tre\u015b\u0107 komentarza do numerycznych prognoz meteorologicznych stanowi niezale\u017cne od biura prognoz meteorologicznych opracowanie wykonane w Centrum Modelowania Meteorologicznego i nie stanowi oficjalnej prognozy synoptycznej IMGW-PIB.<\/em><\/p>\n\n\n\n<p>Opracowanie:<\/p>\n\n\n\n<p>dr&nbsp;Grzegorz&nbsp;Duniec, Centrum Modelowania Meteorologicznego IMGW-PIB<\/p>\n\n\n<p><img loading=\"lazy\" width=\"740\" height=\"655\" class=\"wp-image-22630 aligncenter\" src=\"http:\/\/cmm.imgw.pl\/wp-content\/uploads\/2023\/02\/word-image-22629-1.png\" srcset=\"https:\/\/cmm.imgw.pl\/wp-content\/uploads\/2023\/02\/word-image-22629-1.png 740w, https:\/\/cmm.imgw.pl\/wp-content\/uploads\/2023\/02\/word-image-22629-1-300x266.png 300w\" sizes=\"(max-width: 740px) 100vw, 740px\" \/><\/p>\n<p>W nocy obszar wysokiego ci\u015bnienia zalega\u0142 nad zachodni\u0105 Europ\u0105, z o\u015brodkiem 1027 hPa nad Szwajcari\u0105 oraz 1026 hPa nad Morzem \u015ar\u00f3dziemnym.<\/p>\n<p>W nocy pogod\u0119 w Polsce kszta\u0142towa\u0142 uk\u0142ad niskiego ci\u015bnienia, z dwoma o\u015brodkami znajduj\u0105cymi si\u0119 na pofalowanym froncie okluzji. G\u0142\u0119boko\u015b\u0107 obu wir\u00f3w cyklonicznych by\u0142a taka sama i wynosi\u0142a 983 hPa. Wiry cykloniczne wype\u0142nia\u0142y si\u0119. Front okluzji by\u0142 do\u015b\u0107 d\u0142ugi i rozci\u0105ga\u0142 si\u0119 od Bia\u0142orusi po Skandynawi\u0119 w kierunku SE-NW. Nad Polsk\u0105 zalega\u0142 w zatoce front ch\u0142odny.<\/p>\n<p><img loading=\"lazy\" width=\"1385\" height=\"983\" class=\"wp-image-22631 aligncenter\" src=\"http:\/\/cmm.imgw.pl\/wp-content\/uploads\/2023\/02\/word-image-22629-2.png\" srcset=\"https:\/\/cmm.imgw.pl\/wp-content\/uploads\/2023\/02\/word-image-22629-2.png 1385w, https:\/\/cmm.imgw.pl\/wp-content\/uploads\/2023\/02\/word-image-22629-2-300x213.png 300w, https:\/\/cmm.imgw.pl\/wp-content\/uploads\/2023\/02\/word-image-22629-2-1024x727.png 1024w, https:\/\/cmm.imgw.pl\/wp-content\/uploads\/2023\/02\/word-image-22629-2-768x545.png 768w\" sizes=\"(max-width: 1385px) 100vw, 1385px\" \/><\/p>\n<p>Nad ranem front ch\u0142odny zalega\u0142 w zatoce na po\u0142udniu Polski. Centrum ni\u017cu o g\u0142\u0119boko\u015bci 985 hPa zalega\u0142o nad zachodni\u0105 Rosj\u0105, przy granicy z Bia\u0142orusi\u0105 i Ukrain\u0105. W pofalowanym froncie okluzji wyodr\u0119bni\u0142y si\u0119 fragmenty frontu o charakterze frontu ciep\u0142ego i ch\u0142odnego. Drugi wir cyklonalny znajduj\u0105cy si\u0119 na froncie okluzji wype\u0142ni\u0142 si\u0119 i rozmy\u0142 w dolnych warstwach troposfery.<\/p>\n<p><img loading=\"lazy\" width=\"558\" height=\"503\" class=\"wp-image-22632 aligncenter\" src=\"http:\/\/cmm.imgw.pl\/wp-content\/uploads\/2023\/02\/word-image-22629-3.png\" srcset=\"https:\/\/cmm.imgw.pl\/wp-content\/uploads\/2023\/02\/word-image-22629-3.png 558w, https:\/\/cmm.imgw.pl\/wp-content\/uploads\/2023\/02\/word-image-22629-3-300x270.png 300w\" sizes=\"(max-width: 558px) 100vw, 558px\" \/> <img loading=\"lazy\" width=\"554\" height=\"503\" class=\"wp-image-22633 aligncenter\" src=\"http:\/\/cmm.imgw.pl\/wp-content\/uploads\/2023\/02\/word-image-22629-4.png\" srcset=\"https:\/\/cmm.imgw.pl\/wp-content\/uploads\/2023\/02\/word-image-22629-4.png 554w, https:\/\/cmm.imgw.pl\/wp-content\/uploads\/2023\/02\/word-image-22629-4-300x272.png 300w\" sizes=\"(max-width: 554px) 100vw, 554px\" \/> <img loading=\"lazy\" width=\"558\" height=\"499\" class=\"wp-image-22634 aligncenter\" src=\"http:\/\/cmm.imgw.pl\/wp-content\/uploads\/2023\/02\/word-image-22629-5.png\" srcset=\"https:\/\/cmm.imgw.pl\/wp-content\/uploads\/2023\/02\/word-image-22629-5.png 558w, https:\/\/cmm.imgw.pl\/wp-content\/uploads\/2023\/02\/word-image-22629-5-300x268.png 300w\" sizes=\"(max-width: 558px) 100vw, 558px\" \/> <img loading=\"lazy\" width=\"564\" height=\"508\" class=\"wp-image-22635 aligncenter\" src=\"http:\/\/cmm.imgw.pl\/wp-content\/uploads\/2023\/02\/word-image-22629-6.png\" srcset=\"https:\/\/cmm.imgw.pl\/wp-content\/uploads\/2023\/02\/word-image-22629-6.png 564w, https:\/\/cmm.imgw.pl\/wp-content\/uploads\/2023\/02\/word-image-22629-6-300x270.png 300w\" sizes=\"(max-width: 564px) 100vw, 564px\" \/><\/p>\n<p>Na wy\u017cszych poziomach izobarycznych odnale\u017a\u0107 mo\u017cna zalegaj\u0105cy o\u015brodek ni\u017cowy. Z analizy nachylenia osi ni\u017cu wynika, \u017ce na wysoko\u015bci 1,5 km (850 hPa) o\u015brodek 120 gpdam zalega nad zachodni\u0105 Rosj\u0105, praktycznie nad o\u015brodkiem przyziemnym. Na wysoko\u015bci 700 hPa (3 km) o\u015brodek z 268 gpdam r\u00f3wnie\u017c zalega nad zachodni\u0105 Rosj\u0105. O\u015brodki te praktycznie zalegaj\u0105 jeden nad drugim. Na wy\u017cszych poziomach o\u015brodek wiru cyklonalnego zalega nad zachodni\u0105 Rosj\u0105. Wida\u0107, \u017ce o\u015b \u0142\u0105cz\u0105ca poszczeg\u00f3lne centra ni\u017cowe na poszczeg\u00f3lnych poziomach nie wykazuje du\u017cego pochylenia, w kierunku ch\u0142odnych mas powietrza, co wskazuje na to, \u017ce ni\u017c powoli traci asymetri\u0119 termiczn\u0105 i nieznacznie zmienia swoje po\u0142o\u017cenie. Na wy\u017cszych poziomach 500 hPa (5,5 km) oraz 300 hPa (9 km) wyst\u0119puje zag\u0119szczenie izohips oraz izoterm co wskazuje na wyst\u0119powanie g\u00f3rnych stref frontowych oraz zwi\u0105zanego z nimi pr\u0105du strumieniowego.<\/p>\n<p>Nad Atlantykiem znajduje si\u0119 kolejny uk\u0142ad niskiego ci\u015bnienia. G\u0142\u0119boko\u015b\u0107 tego wiru cyklonalnego wynosi 995 hPa. Na wy\u017cszych poziomach izobarycznych wyst\u0119puje jedynie zakrzywienie cykloniczne izohips. Ni\u017c si\u0119 pog\u0142\u0119bia i wejdzie w stadium okludowania.<\/p>\n<p><img loading=\"lazy\" width=\"1075\" height=\"764\" class=\"wp-image-22636 aligncenter\" src=\"http:\/\/cmm.imgw.pl\/wp-content\/uploads\/2023\/02\/word-image-22629-7.gif\"><\/p>\n<p>W nocy o\u015brodek ni\u017cu 985 hPa znajdzie si\u0119 ju\u017c nad Morzem Norweskim. Zachodnie rejony kraju b\u0119d\u0105 pod wp\u0142ywem frontu ciep\u0142ego. Po\u0142udniowe rejony Polski jeszcze pod wp\u0142ywem frontu ch\u0142odnego. Wschodnie rejony Polski r\u00f3wnie\u017c pozostan\u0105 pod wp\u0142ywem ko\u0144cowego fragmentu frontu atmosferycznego.<\/p>\n<p><img loading=\"lazy\" width=\"1075\" height=\"764\" class=\"wp-image-22637 aligncenter\" src=\"http:\/\/cmm.imgw.pl\/wp-content\/uploads\/2023\/02\/word-image-22629-8.gif\"><\/p>\n<p>Nad Skandynawi\u0105 rozbuduje si\u0119 uk\u0142ad wysokiego ci\u015bnienia, kt\u00f3ry zablokuje tranzyt ni\u017cu znad Morza Norweskiego na wsch\u00f3d. Ni\u017c b\u0119dzie si\u0119 dalej pog\u0142\u0119bia\u0142, ale jego dalszy ruch odbywa\u0107 si\u0119 b\u0119dzie w kierunku NNE. Jutro, prawdopodobnie, na pogod\u0119 w Polsce wschodniej b\u0119dzie mia\u0142 wp\u0142yw ko\u0144cowy odcinek frontu ch\u0142odnego. Od p\u00f3\u0142nocy rozbudowywa\u0107 si\u0119 b\u0119dzie wy\u017c, kt\u00f3ry zacznie kszta\u0142towa\u0107 pogod\u0119 w naszym kraju.<\/p>\n<p><img loading=\"lazy\" width=\"1075\" height=\"764\" class=\"wp-image-22638 aligncenter\" src=\"http:\/\/cmm.imgw.pl\/wp-content\/uploads\/2023\/02\/word-image-22629-9.gif\"><\/p>\n<p>W nocy z \u015brody na czwartek centrum wy\u017cu z o\u015brodkiem 1025 hPa b\u0119dzie nad zachodni\u0105 \u0141otw\u0105 lub zachodni\u0105 Rosj\u0105. Nad Atlantykiem znajdowa\u0107 si\u0119 b\u0119dzie drugi wy\u017c z o\u015brodkiem 1035 hPa. Natomiast w bru\u017adzie barycznej niskiego ci\u015bnienia zalega\u0107 b\u0119dzie rozleg\u0142y front atmosferyczny przebiegaj\u0105cy od Skandynawii przez Europ\u0119 zachodni\u0105, a\u017c po Atlantyk.<\/p>\n<p><img loading=\"lazy\" width=\"600\" height=\"640\" class=\"wp-image-22639 aligncenter\" src=\"http:\/\/cmm.imgw.pl\/wp-content\/uploads\/2023\/02\/word-image-22629-10.png\" srcset=\"https:\/\/cmm.imgw.pl\/wp-content\/uploads\/2023\/02\/word-image-22629-10.png 600w, https:\/\/cmm.imgw.pl\/wp-content\/uploads\/2023\/02\/word-image-22629-10-281x300.png 281w\" sizes=\"(max-width: 600px) 100vw, 600px\" \/> <img loading=\"lazy\" width=\"600\" height=\"640\" class=\"wp-image-22640 aligncenter\" src=\"http:\/\/cmm.imgw.pl\/wp-content\/uploads\/2023\/02\/word-image-22629-11.png\" srcset=\"https:\/\/cmm.imgw.pl\/wp-content\/uploads\/2023\/02\/word-image-22629-11.png 600w, https:\/\/cmm.imgw.pl\/wp-content\/uploads\/2023\/02\/word-image-22629-11-281x300.png 281w\" sizes=\"(max-width: 600px) 100vw, 600px\" \/> <img loading=\"lazy\" width=\"634\" height=\"490\" class=\"wp-image-22641 aligncenter\" src=\"http:\/\/cmm.imgw.pl\/wp-content\/uploads\/2023\/02\/theta-w-850hpa-gfs-wto-21-02-2023-15-utc.gif\" alt=\"Theta-W 850hPa GFS wto. 21.02.2023 15 UTC\"> <img loading=\"lazy\" width=\"634\" height=\"490\" class=\"wp-image-22642 aligncenter\" src=\"http:\/\/cmm.imgw.pl\/wp-content\/uploads\/2023\/02\/theta-w-850hpa-gfs-sro-22-02-2023-03-utc.gif\" alt=\"Theta-W 850hPa GFS \u015bro. 22.02.2023 03 UTC\"><\/p>\n<p><img loading=\"lazy\" width=\"634\" height=\"490\" class=\"wp-image-22643 aligncenter\" src=\"http:\/\/cmm.imgw.pl\/wp-content\/uploads\/2023\/02\/theta-w-850hpa-gfs-wto-21-02-2023-15-utc-1.gif\" alt=\"Theta-W 850hPa GFS wto. 21.02.2023 15 UTC\"> <img loading=\"lazy\" width=\"634\" height=\"490\" class=\"wp-image-22644 aligncenter\" src=\"http:\/\/cmm.imgw.pl\/wp-content\/uploads\/2023\/02\/theta-w-850hpa-gfs-sro-22-02-2023-03-utc-1.gif\" alt=\"Theta-W 850hPa GFS \u015bro. 22.02.2023 03 UTC\"><\/p>\n<p>Z p\u00f3\u0142nocnego zachodu nap\u0142ywa powietrze polarno-morskie. Na wysoko\u015bci 700 hPa oraz 500 hPa, nad Skandynawi\u0105, izotermy odchylaj\u0105 si\u0119 na lewo od izohips co wskazuje na adwekcj\u0119 ch\u0142odu. W nocy w p\u00f3\u0142nocno wschodnim obszarze kraju zaznaczy si\u0119 zatoka ch\u0142odniejszego powietrza. Na zachodzie i po\u0142udniowym zachodzie Polski wyst\u0119powa\u0107 b\u0119dzie klin cieplejszego powietrza. Na po\u0142udniu i po\u0142udniowo zachodniej Polsce, na wysoko\u015bci 3 i 5,5 km izotermy r\u00f3wnie\u017c odchylaj\u0105 si\u0119 na lewo od izohips co wskazuje na adwekcj\u0119 ch\u0142odu.<\/p>\n<p><img loading=\"lazy\" width=\"820\" height=\"589\" class=\"wp-image-22645 aligncenter\" src=\"http:\/\/cmm.imgw.pl\/wp-content\/uploads\/2023\/02\/word-image-22629-16.png\" srcset=\"https:\/\/cmm.imgw.pl\/wp-content\/uploads\/2023\/02\/word-image-22629-16.png 820w, https:\/\/cmm.imgw.pl\/wp-content\/uploads\/2023\/02\/word-image-22629-16-300x215.png 300w, https:\/\/cmm.imgw.pl\/wp-content\/uploads\/2023\/02\/word-image-22629-16-768x552.png 768w\" sizes=\"(max-width: 820px) 100vw, 820px\" \/><\/p>\n<p>Nad ranem w p\u00f3\u0142nocno wschodnim obszarze wyst\u0105pi nieznaczne odchylenie si\u0119 izoterm na prawo wzgl\u0119dem izohips, w tym obszarze wyst\u0105pi s\u0142aba adwekcja ciep\u0142a.<\/p>\n<p>Powy\u017csze wnioski znajduj\u0105 odzwierciedlenie w prognozie pola temperatury na wysoko\u015bci 5,5 km w horyzoncie 24 godzin.<\/p>\n<p><img loading=\"lazy\" width=\"634\" height=\"490\" class=\"wp-image-22646 aligncenter\" src=\"http:\/\/cmm.imgw.pl\/wp-content\/uploads\/2023\/02\/height-temp-500-hpa-gfs-wto-21-02-2023-12-utc-1.gif\" alt=\"Height\/Temp. 500 hPa GFS wto. 21.02.2023 12 UTC\"> <img loading=\"lazy\" width=\"634\" height=\"490\" class=\"wp-image-22647 aligncenter\" src=\"http:\/\/cmm.imgw.pl\/wp-content\/uploads\/2023\/02\/height-temp-500-hpa-gfs-sro-22-02-2023-12-utc.gif\" alt=\"Height\/Temp. 500 hPa GFS \u015bro. 22.02.2023 12 UTC\"><\/p>\n<p>Temperatura powietrza na tej wysoko\u015bci w ci\u0105gu doby obni\u017cy si\u0119, za wyj\u0105tkiem p\u00f3\u0142nocno wschodnich obszar\u00f3w, gdzie temperatura wzro\u015bnie.<\/p>\n<p><img loading=\"lazy\" width=\"686\" height=\"686\" class=\"wp-image-22648 aligncenter\" src=\"http:\/\/cmm.imgw.pl\/wp-content\/uploads\/2023\/02\/word-image-22629-19.jpeg\" srcset=\"https:\/\/cmm.imgw.pl\/wp-content\/uploads\/2023\/02\/word-image-22629-19.jpeg 686w, https:\/\/cmm.imgw.pl\/wp-content\/uploads\/2023\/02\/word-image-22629-19-300x300.jpeg 300w, https:\/\/cmm.imgw.pl\/wp-content\/uploads\/2023\/02\/word-image-22629-19-150x150.jpeg 150w, https:\/\/cmm.imgw.pl\/wp-content\/uploads\/2023\/02\/word-image-22629-19-600x600.jpeg 600w\" sizes=\"(max-width: 686px) 100vw, 686px\" \/> <img loading=\"lazy\" width=\"678\" height=\"678\" class=\"wp-image-22649 aligncenter\" src=\"http:\/\/cmm.imgw.pl\/wp-content\/uploads\/2023\/02\/word-image-22629-20.jpeg\" srcset=\"https:\/\/cmm.imgw.pl\/wp-content\/uploads\/2023\/02\/word-image-22629-20.jpeg 678w, https:\/\/cmm.imgw.pl\/wp-content\/uploads\/2023\/02\/word-image-22629-20-300x300.jpeg 300w, https:\/\/cmm.imgw.pl\/wp-content\/uploads\/2023\/02\/word-image-22629-20-150x150.jpeg 150w, https:\/\/cmm.imgw.pl\/wp-content\/uploads\/2023\/02\/word-image-22629-20-600x600.jpeg 600w\" sizes=\"(max-width: 678px) 100vw, 678px\" \/><\/p>\n<p>Dzisiaj po po\u0142udniu temperatura powietrza wyniesie od 3\u00b0C w Suwa\u0142kach do 9\u00b0C we Wroc\u0142awiu. W nocy temperatura powietrza wyniesie od -1\u00b0C w Suwa\u0142kach do 4\u00b0C na zachodzie i po\u0142udniu kraju.<\/p>\n<p><img loading=\"lazy\" width=\"645\" height=\"607\" class=\"wp-image-22650 aligncenter\" src=\"http:\/\/cmm.imgw.pl\/wp-content\/uploads\/2023\/02\/word-image-22629-21.jpeg\" srcset=\"https:\/\/cmm.imgw.pl\/wp-content\/uploads\/2023\/02\/word-image-22629-21.jpeg 645w, https:\/\/cmm.imgw.pl\/wp-content\/uploads\/2023\/02\/word-image-22629-21-300x282.jpeg 300w\" sizes=\"(max-width: 645px) 100vw, 645px\" \/> <img loading=\"lazy\" width=\"632\" height=\"595\" class=\"wp-image-22651 aligncenter\" src=\"http:\/\/cmm.imgw.pl\/wp-content\/uploads\/2023\/02\/word-image-22629-22.jpeg\" srcset=\"https:\/\/cmm.imgw.pl\/wp-content\/uploads\/2023\/02\/word-image-22629-22.jpeg 632w, https:\/\/cmm.imgw.pl\/wp-content\/uploads\/2023\/02\/word-image-22629-22-300x282.jpeg 300w\" sizes=\"(max-width: 632px) 100vw, 632px\" \/><\/p>\n<p>Temperatura odczuwalna od -5\u00b0C w Suwa\u0142kach do 5\u00b0C w Zielonej G\u00f3rze. W nocy temperatura odczuwalna od <br>-10\u00b0C w Suwa\u0142kach do 1\u00b0C w po\u0142udniowo zachodnich dzielnicach kraju.<\/p>\n<p><img loading=\"lazy\" width=\"649\" height=\"649\" class=\"wp-image-22652 aligncenter\" src=\"http:\/\/cmm.imgw.pl\/wp-content\/uploads\/2023\/02\/word-image-22629-23.jpeg\" srcset=\"https:\/\/cmm.imgw.pl\/wp-content\/uploads\/2023\/02\/word-image-22629-23.jpeg 649w, https:\/\/cmm.imgw.pl\/wp-content\/uploads\/2023\/02\/word-image-22629-23-300x300.jpeg 300w, https:\/\/cmm.imgw.pl\/wp-content\/uploads\/2023\/02\/word-image-22629-23-150x150.jpeg 150w, https:\/\/cmm.imgw.pl\/wp-content\/uploads\/2023\/02\/word-image-22629-23-600x600.jpeg 600w\" sizes=\"(max-width: 649px) 100vw, 649px\" \/> <img loading=\"lazy\" width=\"653\" height=\"653\" class=\"wp-image-22653 aligncenter\" src=\"http:\/\/cmm.imgw.pl\/wp-content\/uploads\/2023\/02\/word-image-22629-24.jpeg\" srcset=\"https:\/\/cmm.imgw.pl\/wp-content\/uploads\/2023\/02\/word-image-22629-24.jpeg 653w, https:\/\/cmm.imgw.pl\/wp-content\/uploads\/2023\/02\/word-image-22629-24-300x300.jpeg 300w, https:\/\/cmm.imgw.pl\/wp-content\/uploads\/2023\/02\/word-image-22629-24-150x150.jpeg 150w, https:\/\/cmm.imgw.pl\/wp-content\/uploads\/2023\/02\/word-image-22629-24-600x600.jpeg 600w\" sizes=\"(max-width: 653px) 100vw, 653px\" \/><\/p>\n<p>Temperatura punktu rosy wyniesie od -1\u00b0C w Suwa\u0142kach do 6\u00b0C we Wroc\u0142awiu. W nocy temperatura punktu rosy wyniesie od -4\u00b0C w Suwa\u0142kach do 3\u00b0C na zachodzie i po\u0142udniu kraju.<\/p>\n<p><img loading=\"lazy\" width=\"2156\" height=\"1728\" class=\"wp-image-22654 aligncenter\" src=\"http:\/\/cmm.imgw.pl\/wp-content\/uploads\/2023\/02\/word-image-22629-25.png\" srcset=\"https:\/\/cmm.imgw.pl\/wp-content\/uploads\/2023\/02\/word-image-22629-25.png 2156w, https:\/\/cmm.imgw.pl\/wp-content\/uploads\/2023\/02\/word-image-22629-25-300x240.png 300w, https:\/\/cmm.imgw.pl\/wp-content\/uploads\/2023\/02\/word-image-22629-25-1024x821.png 1024w, https:\/\/cmm.imgw.pl\/wp-content\/uploads\/2023\/02\/word-image-22629-25-768x616.png 768w, https:\/\/cmm.imgw.pl\/wp-content\/uploads\/2023\/02\/word-image-22629-25-1536x1231.png 1536w, https:\/\/cmm.imgw.pl\/wp-content\/uploads\/2023\/02\/word-image-22629-25-2048x1641.png 2048w\" sizes=\"(max-width: 2156px) 100vw, 2156px\" \/> <img loading=\"lazy\" width=\"2156\" height=\"1728\" class=\"wp-image-22655 aligncenter\" src=\"http:\/\/cmm.imgw.pl\/wp-content\/uploads\/2023\/02\/word-image-22629-26.png\" srcset=\"https:\/\/cmm.imgw.pl\/wp-content\/uploads\/2023\/02\/word-image-22629-26.png 2156w, https:\/\/cmm.imgw.pl\/wp-content\/uploads\/2023\/02\/word-image-22629-26-300x240.png 300w, https:\/\/cmm.imgw.pl\/wp-content\/uploads\/2023\/02\/word-image-22629-26-1024x821.png 1024w, https:\/\/cmm.imgw.pl\/wp-content\/uploads\/2023\/02\/word-image-22629-26-768x616.png 768w, https:\/\/cmm.imgw.pl\/wp-content\/uploads\/2023\/02\/word-image-22629-26-1536x1231.png 1536w, https:\/\/cmm.imgw.pl\/wp-content\/uploads\/2023\/02\/word-image-22629-26-2048x1641.png 2048w\" sizes=\"(max-width: 2156px) 100vw, 2156px\" \/> <img loading=\"lazy\" width=\"2156\" height=\"1728\" class=\"wp-image-22656 aligncenter\" src=\"http:\/\/cmm.imgw.pl\/wp-content\/uploads\/2023\/02\/word-image-22629-27.png\" srcset=\"https:\/\/cmm.imgw.pl\/wp-content\/uploads\/2023\/02\/word-image-22629-27.png 2156w, https:\/\/cmm.imgw.pl\/wp-content\/uploads\/2023\/02\/word-image-22629-27-300x240.png 300w, https:\/\/cmm.imgw.pl\/wp-content\/uploads\/2023\/02\/word-image-22629-27-1024x821.png 1024w, https:\/\/cmm.imgw.pl\/wp-content\/uploads\/2023\/02\/word-image-22629-27-768x616.png 768w, https:\/\/cmm.imgw.pl\/wp-content\/uploads\/2023\/02\/word-image-22629-27-1536x1231.png 1536w, https:\/\/cmm.imgw.pl\/wp-content\/uploads\/2023\/02\/word-image-22629-27-2048x1641.png 2048w\" sizes=\"(max-width: 2156px) 100vw, 2156px\" \/><\/p>\n<p>Jak ju\u017c wspomniano wy\u017cej, podczas analizy pola barycznego na poziomach izobarycznych, nad Polsk\u0105 p\u00f3\u0142nocno wschodni\u0105 zalega\u0107 b\u0119dzie o\u015b pr\u0105du strumieniowego. Wysoko\u015b\u0107 osi pr\u0105du na przestrzeni kilku godzin b\u0119dzie si\u0119 zmienia\u0142a. Pocz\u0105tkowo wysoko\u015b\u0107 osi pr\u0105du wyniesie FL330 (10,9 km), wieczorem zalega\u0107 b\u0119dzie ni\u017cej na wysoko\u015bci FL320 (10,5 km). W nocy na wysoko\u015bci FL330\/FL340 (10,9 km\/11,2 km). Maksymalna pr\u0119dko\u015b\u0107 w osi pr\u0105du b\u0119dzie stopniowo si\u0119 zmniejsza\u0142a. O godzinie 13 CET &#8211; 65 m\/s, o godzinie 19 CET &#8211; 55m\/s. O godzinie wynosi\u0107 b\u0119dzie jeszcze 1 CET &#8211; 50-55 m\/s.<\/p>\n<p><img loading=\"lazy\" width=\"600\" height=\"640\" class=\"wp-image-22657 aligncenter\" src=\"http:\/\/cmm.imgw.pl\/wp-content\/uploads\/2023\/02\/word-image-22629-28.png\" srcset=\"https:\/\/cmm.imgw.pl\/wp-content\/uploads\/2023\/02\/word-image-22629-28.png 600w, https:\/\/cmm.imgw.pl\/wp-content\/uploads\/2023\/02\/word-image-22629-28-281x300.png 281w\" sizes=\"(max-width: 600px) 100vw, 600px\" \/> <img loading=\"lazy\" width=\"600\" height=\"640\" class=\"wp-image-22658 aligncenter\" src=\"http:\/\/cmm.imgw.pl\/wp-content\/uploads\/2023\/02\/word-image-22629-29.png\" srcset=\"https:\/\/cmm.imgw.pl\/wp-content\/uploads\/2023\/02\/word-image-22629-29.png 600w, https:\/\/cmm.imgw.pl\/wp-content\/uploads\/2023\/02\/word-image-22629-29-281x300.png 281w\" sizes=\"(max-width: 600px) 100vw, 600px\" \/><\/p>\n<p>Z oblicze\u0144 numerycznych wynika, \u017ce obszar du\u017cych pr\u0119dko\u015bci, na wysoko\u015bci 9km, zalega\u0107 b\u0119dzie pocz\u0105tkowo w p\u00f3\u0142nocno wschodniej i p\u00f3\u0142nocnej Polsce. Po p\u00f3\u0142nocy maksymalna pr\u0119dko\u015b\u0107 os\u0142abnie i obszar maksymalnych pr\u0119dko\u015bci przesunie si\u0119 nad p\u00f3\u0142nocno wschodni\u0105 Polsk\u0119, ale j\u0105dro maksymalnej pr\u0119dko\u015bci znajdzie si\u0119 ju\u017c nad Bia\u0142orusi\u0105 i Ukrain\u0105.<\/p>\n<p><img loading=\"lazy\" width=\"600\" height=\"640\" class=\"wp-image-22659 aligncenter\" src=\"http:\/\/cmm.imgw.pl\/wp-content\/uploads\/2023\/02\/word-image-22629-30.png\" srcset=\"https:\/\/cmm.imgw.pl\/wp-content\/uploads\/2023\/02\/word-image-22629-30.png 600w, https:\/\/cmm.imgw.pl\/wp-content\/uploads\/2023\/02\/word-image-22629-30-281x300.png 281w\" sizes=\"(max-width: 600px) 100vw, 600px\" \/> <img loading=\"lazy\" width=\"600\" height=\"640\" class=\"wp-image-22660 aligncenter\" src=\"http:\/\/cmm.imgw.pl\/wp-content\/uploads\/2023\/02\/word-image-22629-31.png\" srcset=\"https:\/\/cmm.imgw.pl\/wp-content\/uploads\/2023\/02\/word-image-22629-31.png 600w, https:\/\/cmm.imgw.pl\/wp-content\/uploads\/2023\/02\/word-image-22629-31-281x300.png 281w\" sizes=\"(max-width: 600px) 100vw, 600px\" \/><\/p>\n<p>Na wysoko\u015bci 5,5 km obszar maksymalnych pr\u0119dko\u015bci 47,5 m\/s zalega\u0107 b\u0119dzie w po\u0142udniowo wschodniej Polsce. W\u0105ski pas du\u017cych pr\u0119dko\u015bci (42,5 m\/s) przebiega\u0107 b\u0119dzie pocz\u0105tkowo z NW na SE. Po p\u00f3\u0142nocy pr\u0119dko\u015b\u0107 na tej wysoko\u015bci r\u00f3wnie\u017c zmaleje. Jedynie na kra\u0144cach po\u0142udniowo wschodnich maksymalna pr\u0119dko\u015b\u0107 wiatru osi\u0105gnie 35 m\/s. Na pozosta\u0142ym obszarze 20 m\/s na zachodzie kraju i 32,5 m\/s na wschodzie kraju.<\/p>\n<p><img loading=\"lazy\" width=\"635\" height=\"635\" class=\"wp-image-22661 aligncenter\" src=\"http:\/\/cmm.imgw.pl\/wp-content\/uploads\/2023\/02\/word-image-22629-32.jpeg\" srcset=\"https:\/\/cmm.imgw.pl\/wp-content\/uploads\/2023\/02\/word-image-22629-32.jpeg 635w, https:\/\/cmm.imgw.pl\/wp-content\/uploads\/2023\/02\/word-image-22629-32-300x300.jpeg 300w, https:\/\/cmm.imgw.pl\/wp-content\/uploads\/2023\/02\/word-image-22629-32-150x150.jpeg 150w, https:\/\/cmm.imgw.pl\/wp-content\/uploads\/2023\/02\/word-image-22629-32-600x600.jpeg 600w\" sizes=\"(max-width: 635px) 100vw, 635px\" \/> <img loading=\"lazy\" width=\"648\" height=\"648\" class=\"wp-image-22662 aligncenter\" src=\"http:\/\/cmm.imgw.pl\/wp-content\/uploads\/2023\/02\/word-image-22629-33.jpeg\" srcset=\"https:\/\/cmm.imgw.pl\/wp-content\/uploads\/2023\/02\/word-image-22629-33.jpeg 648w, https:\/\/cmm.imgw.pl\/wp-content\/uploads\/2023\/02\/word-image-22629-33-300x300.jpeg 300w, https:\/\/cmm.imgw.pl\/wp-content\/uploads\/2023\/02\/word-image-22629-33-150x150.jpeg 150w, https:\/\/cmm.imgw.pl\/wp-content\/uploads\/2023\/02\/word-image-22629-33-600x600.jpeg 600w\" sizes=\"(max-width: 648px) 100vw, 648px\" \/><\/p>\n<p><img loading=\"lazy\" width=\"662\" height=\"662\" class=\"wp-image-22663 aligncenter\" src=\"http:\/\/cmm.imgw.pl\/wp-content\/uploads\/2023\/02\/word-image-22629-34.jpeg\" srcset=\"https:\/\/cmm.imgw.pl\/wp-content\/uploads\/2023\/02\/word-image-22629-34.jpeg 662w, https:\/\/cmm.imgw.pl\/wp-content\/uploads\/2023\/02\/word-image-22629-34-300x300.jpeg 300w, https:\/\/cmm.imgw.pl\/wp-content\/uploads\/2023\/02\/word-image-22629-34-150x150.jpeg 150w, https:\/\/cmm.imgw.pl\/wp-content\/uploads\/2023\/02\/word-image-22629-34-600x600.jpeg 600w\" sizes=\"(max-width: 662px) 100vw, 662px\" \/> <img loading=\"lazy\" width=\"648\" height=\"648\" class=\"wp-image-22664 aligncenter\" src=\"http:\/\/cmm.imgw.pl\/wp-content\/uploads\/2023\/02\/word-image-22629-35.jpeg\" srcset=\"https:\/\/cmm.imgw.pl\/wp-content\/uploads\/2023\/02\/word-image-22629-35.jpeg 648w, https:\/\/cmm.imgw.pl\/wp-content\/uploads\/2023\/02\/word-image-22629-35-300x300.jpeg 300w, https:\/\/cmm.imgw.pl\/wp-content\/uploads\/2023\/02\/word-image-22629-35-150x150.jpeg 150w, https:\/\/cmm.imgw.pl\/wp-content\/uploads\/2023\/02\/word-image-22629-35-600x600.jpeg 600w\" sizes=\"(max-width: 648px) 100vw, 648px\" \/><\/p>\n<p>Pr\u0119dko\u015b\u0107 wiatru na wysoko\u015bci wiatromierza (10 metr\u00f3w) wyniesie 16-28 km\/h. Wiatr b\u0119dzie wia\u0142 z kierunku p\u00f3\u0142nocno zachodniego. W ci\u0105gu dnia wyst\u0119powa\u0107 b\u0119d\u0105 porywy wiatru w ca\u0142ym kraju. Maksymalne pr\u0119dko\u015bci wiatru do 60 km\/h na wschodzie Polski oraz na pobrze\u017cu. W Karpatach do 130 km\/h. Na \u015anie\u017cce w porywach do 150 km\/h. W nocy wiatr os\u0142abnie. \u015arednia pr\u0119dko\u015b\u0107 wiatru wyniesie 2-13 km\/h. Kierunek wiatru NNW oraz NW. Na zachodzie zmienny. W porywach do 25-30 km\/h w po\u0142udniowo wschodniej Polsce. W Karpatach do 70-90 km\/h a na \u015anie\u017cce do 100 km\/h.<\/p>\n<p><img loading=\"lazy\" width=\"600\" height=\"640\" class=\"wp-image-22665 aligncenter\" src=\"http:\/\/cmm.imgw.pl\/wp-content\/uploads\/2023\/02\/word-image-22629-36.png\" srcset=\"https:\/\/cmm.imgw.pl\/wp-content\/uploads\/2023\/02\/word-image-22629-36.png 600w, https:\/\/cmm.imgw.pl\/wp-content\/uploads\/2023\/02\/word-image-22629-36-281x300.png 281w\" sizes=\"(max-width: 600px) 100vw, 600px\" \/> <img loading=\"lazy\" width=\"600\" height=\"640\" class=\"wp-image-22666 aligncenter\" src=\"http:\/\/cmm.imgw.pl\/wp-content\/uploads\/2023\/02\/word-image-22629-37.png\" srcset=\"https:\/\/cmm.imgw.pl\/wp-content\/uploads\/2023\/02\/word-image-22629-37.png 600w, https:\/\/cmm.imgw.pl\/wp-content\/uploads\/2023\/02\/word-image-22629-37-281x300.png 281w\" sizes=\"(max-width: 600px) 100vw, 600px\" \/><\/p>\n<p>Na wysoko\u015bci 9 km (300 hPa) od zachodu po centrum i na po\u0142udniu Polski du\u017ca zawarto\u015b\u0107 pary wodnej. Wilgotno\u015b\u0107 na poziomie 60-99%. W nocy obszar z wi\u0119ksz\u0105 zawarto\u015bci\u0105 pary wodnej zwi\u0119kszy si\u0119.<\/p>\n<p><img loading=\"lazy\" width=\"600\" height=\"640\" class=\"wp-image-22667 aligncenter\" src=\"http:\/\/cmm.imgw.pl\/wp-content\/uploads\/2023\/02\/word-image-22629-38.png\" srcset=\"https:\/\/cmm.imgw.pl\/wp-content\/uploads\/2023\/02\/word-image-22629-38.png 600w, https:\/\/cmm.imgw.pl\/wp-content\/uploads\/2023\/02\/word-image-22629-38-281x300.png 281w\" sizes=\"(max-width: 600px) 100vw, 600px\" \/> <img loading=\"lazy\" width=\"600\" height=\"640\" class=\"wp-image-22668 aligncenter\" src=\"http:\/\/cmm.imgw.pl\/wp-content\/uploads\/2023\/02\/word-image-22629-39.png\" srcset=\"https:\/\/cmm.imgw.pl\/wp-content\/uploads\/2023\/02\/word-image-22629-39.png 600w, https:\/\/cmm.imgw.pl\/wp-content\/uploads\/2023\/02\/word-image-22629-39-281x300.png 281w\" sizes=\"(max-width: 600px) 100vw, 600px\" \/><\/p>\n<p>Na wysoko\u015bci 5,5 km (500 hPa) obszar najwi\u0119kszej wilgotno\u015bci 60-95\/99 % zalega\u0107 b\u0119dzie na zachodzie i po\u0142udniu kraju. Na pozosta\u0142ym obszarze wilgotno\u015b\u0107 powietrza na poziomie 10-30%. W nocy powi\u0119kszy si\u0119 obszar ze zwi\u0119kszan\u0105 zawarto\u015bci\u0105 pary wodnej.<\/p>\n<p><img loading=\"lazy\" width=\"600\" height=\"640\" class=\"wp-image-22669 aligncenter\" src=\"http:\/\/cmm.imgw.pl\/wp-content\/uploads\/2023\/02\/word-image-22629-40.png\" srcset=\"https:\/\/cmm.imgw.pl\/wp-content\/uploads\/2023\/02\/word-image-22629-40.png 600w, https:\/\/cmm.imgw.pl\/wp-content\/uploads\/2023\/02\/word-image-22629-40-281x300.png 281w\" sizes=\"(max-width: 600px) 100vw, 600px\" \/> <img loading=\"lazy\" width=\"600\" height=\"640\" class=\"wp-image-22670 aligncenter\" src=\"http:\/\/cmm.imgw.pl\/wp-content\/uploads\/2023\/02\/word-image-22629-41.png\" srcset=\"https:\/\/cmm.imgw.pl\/wp-content\/uploads\/2023\/02\/word-image-22629-41.png 600w, https:\/\/cmm.imgw.pl\/wp-content\/uploads\/2023\/02\/word-image-22629-41-281x300.png 281w\" sizes=\"(max-width: 600px) 100vw, 600px\" \/><\/p>\n<p>Na wysoko\u015bci 3 km (700 hPa) zawarto\u015b\u0107 pary wodnej jest niewielka. Wilgotno\u015b\u0107 wyniesie 10-30%. Pocz\u0105tkowo, w p\u00f3\u0142nocno wschodnich obszarach du\u017ca wilgotno\u015b\u0107 powietrza 60-99%. W nocy na terenie ca\u0142ego kraju ma\u0142a zawarto\u015b\u0107 pary wodnej, 10-30%. Jedynie na kra\u0144cach zachodnich 60-70%.<\/p>\n<p><img loading=\"lazy\" width=\"600\" height=\"640\" class=\"wp-image-22671 aligncenter\" src=\"http:\/\/cmm.imgw.pl\/wp-content\/uploads\/2023\/02\/word-image-22629-42.png\" srcset=\"https:\/\/cmm.imgw.pl\/wp-content\/uploads\/2023\/02\/word-image-22629-42.png 600w, https:\/\/cmm.imgw.pl\/wp-content\/uploads\/2023\/02\/word-image-22629-42-281x300.png 281w\" sizes=\"(max-width: 600px) 100vw, 600px\" \/> <img loading=\"lazy\" width=\"600\" height=\"640\" class=\"wp-image-22672 aligncenter\" src=\"http:\/\/cmm.imgw.pl\/wp-content\/uploads\/2023\/02\/word-image-22629-43.png\" srcset=\"https:\/\/cmm.imgw.pl\/wp-content\/uploads\/2023\/02\/word-image-22629-43.png 600w, https:\/\/cmm.imgw.pl\/wp-content\/uploads\/2023\/02\/word-image-22629-43-281x300.png 281w\" sizes=\"(max-width: 600px) 100vw, 600px\" \/><\/p>\n<p>Na wysoko\u015bci 1,5 km (850 hPa) du\u017ca wilgotno\u015b\u0107 80-99% na znacznym obszarze kraju. W nocy jedynie od wschodu po centrum i na po\u0142udniu kraju du\u017ca wilgotno\u015b\u0107. Na pozosta\u0142ym obszarze ma\u0142a wilgotno\u015b\u0107.<\/p>\n<p><img loading=\"lazy\" width=\"630\" height=\"630\" class=\"wp-image-22673 aligncenter\" src=\"http:\/\/cmm.imgw.pl\/wp-content\/uploads\/2023\/02\/word-image-22629-44.jpeg\" srcset=\"https:\/\/cmm.imgw.pl\/wp-content\/uploads\/2023\/02\/word-image-22629-44.jpeg 630w, https:\/\/cmm.imgw.pl\/wp-content\/uploads\/2023\/02\/word-image-22629-44-300x300.jpeg 300w, https:\/\/cmm.imgw.pl\/wp-content\/uploads\/2023\/02\/word-image-22629-44-150x150.jpeg 150w, https:\/\/cmm.imgw.pl\/wp-content\/uploads\/2023\/02\/word-image-22629-44-600x600.jpeg 600w\" sizes=\"(max-width: 630px) 100vw, 630px\" \/> <img loading=\"lazy\" width=\"620\" height=\"620\" class=\"wp-image-22674 aligncenter\" src=\"http:\/\/cmm.imgw.pl\/wp-content\/uploads\/2023\/02\/word-image-22629-45.jpeg\" srcset=\"https:\/\/cmm.imgw.pl\/wp-content\/uploads\/2023\/02\/word-image-22629-45.jpeg 620w, https:\/\/cmm.imgw.pl\/wp-content\/uploads\/2023\/02\/word-image-22629-45-300x300.jpeg 300w, https:\/\/cmm.imgw.pl\/wp-content\/uploads\/2023\/02\/word-image-22629-45-150x150.jpeg 150w, https:\/\/cmm.imgw.pl\/wp-content\/uploads\/2023\/02\/word-image-22629-45-600x600.jpeg 600w\" sizes=\"(max-width: 620px) 100vw, 620px\" \/><\/p>\n<p>Na wysoko\u015bci klatki meteorologicznej, w dzie\u0144, wilgotno\u015b\u0107 powietrza wynosi\u0107 b\u0119dzie 74-98%, natomiast w nocy 80-99%.<\/p>\n<p><img loading=\"lazy\" width=\"800\" height=\"800\" class=\"wp-image-22675 aligncenter\" src=\"http:\/\/cmm.imgw.pl\/wp-content\/uploads\/2023\/02\/word-image-22629-46.png\" srcset=\"https:\/\/cmm.imgw.pl\/wp-content\/uploads\/2023\/02\/word-image-22629-46.png 800w, https:\/\/cmm.imgw.pl\/wp-content\/uploads\/2023\/02\/word-image-22629-46-300x300.png 300w, https:\/\/cmm.imgw.pl\/wp-content\/uploads\/2023\/02\/word-image-22629-46-150x150.png 150w, https:\/\/cmm.imgw.pl\/wp-content\/uploads\/2023\/02\/word-image-22629-46-768x768.png 768w, https:\/\/cmm.imgw.pl\/wp-content\/uploads\/2023\/02\/word-image-22629-46-600x600.png 600w\" sizes=\"(max-width: 800px) 100vw, 800px\" \/> <img loading=\"lazy\" width=\"800\" height=\"800\" class=\"wp-image-22676 aligncenter\" src=\"http:\/\/cmm.imgw.pl\/wp-content\/uploads\/2023\/02\/word-image-22629-47.png\" srcset=\"https:\/\/cmm.imgw.pl\/wp-content\/uploads\/2023\/02\/word-image-22629-47.png 800w, https:\/\/cmm.imgw.pl\/wp-content\/uploads\/2023\/02\/word-image-22629-47-300x300.png 300w, https:\/\/cmm.imgw.pl\/wp-content\/uploads\/2023\/02\/word-image-22629-47-150x150.png 150w, https:\/\/cmm.imgw.pl\/wp-content\/uploads\/2023\/02\/word-image-22629-47-768x768.png 768w, https:\/\/cmm.imgw.pl\/wp-content\/uploads\/2023\/02\/word-image-22629-47-600x600.png 600w\" sizes=\"(max-width: 800px) 100vw, 800px\" \/><\/p>\n<p>Zachmurzenie ca\u0142kowite du\u017ce i ca\u0142kowite. Lokalnie umiarkowane.<\/p>\n<p><img loading=\"lazy\" width=\"800\" height=\"800\" class=\"wp-image-22677 aligncenter\" src=\"http:\/\/cmm.imgw.pl\/wp-content\/uploads\/2023\/02\/word-image-22629-48.png\" srcset=\"https:\/\/cmm.imgw.pl\/wp-content\/uploads\/2023\/02\/word-image-22629-48.png 800w, https:\/\/cmm.imgw.pl\/wp-content\/uploads\/2023\/02\/word-image-22629-48-300x300.png 300w, https:\/\/cmm.imgw.pl\/wp-content\/uploads\/2023\/02\/word-image-22629-48-150x150.png 150w, https:\/\/cmm.imgw.pl\/wp-content\/uploads\/2023\/02\/word-image-22629-48-768x768.png 768w, https:\/\/cmm.imgw.pl\/wp-content\/uploads\/2023\/02\/word-image-22629-48-600x600.png 600w\" sizes=\"(max-width: 800px) 100vw, 800px\" \/> <img loading=\"lazy\" width=\"800\" height=\"800\" class=\"wp-image-22678 aligncenter\" src=\"http:\/\/cmm.imgw.pl\/wp-content\/uploads\/2023\/02\/word-image-22629-49.png\" srcset=\"https:\/\/cmm.imgw.pl\/wp-content\/uploads\/2023\/02\/word-image-22629-49.png 800w, https:\/\/cmm.imgw.pl\/wp-content\/uploads\/2023\/02\/word-image-22629-49-300x300.png 300w, https:\/\/cmm.imgw.pl\/wp-content\/uploads\/2023\/02\/word-image-22629-49-150x150.png 150w, https:\/\/cmm.imgw.pl\/wp-content\/uploads\/2023\/02\/word-image-22629-49-768x768.png 768w, https:\/\/cmm.imgw.pl\/wp-content\/uploads\/2023\/02\/word-image-22629-49-600x600.png 600w\" sizes=\"(max-width: 800px) 100vw, 800px\" \/><\/p>\n<p>Zachmurzenie pi\u0119tra niskiego du\u017ce i ca\u0142kowite. Na niebie chmury Stratocumulus. W strefie opad\u00f3w mog\u0105 wyst\u0105pi\u0107 chmury Stratus fractus.<\/p>\n<p><img loading=\"lazy\" width=\"525\" height=\"525\" class=\"wp-image-22679 aligncenter\" src=\"http:\/\/cmm.imgw.pl\/wp-content\/uploads\/2023\/02\/word-image-22629-50.png\" srcset=\"https:\/\/cmm.imgw.pl\/wp-content\/uploads\/2023\/02\/word-image-22629-50.png 525w, https:\/\/cmm.imgw.pl\/wp-content\/uploads\/2023\/02\/word-image-22629-50-300x300.png 300w, https:\/\/cmm.imgw.pl\/wp-content\/uploads\/2023\/02\/word-image-22629-50-150x150.png 150w\" sizes=\"(max-width: 525px) 100vw, 525px\" \/> <img loading=\"lazy\" width=\"503\" height=\"503\" class=\"wp-image-22680 aligncenter\" src=\"http:\/\/cmm.imgw.pl\/wp-content\/uploads\/2023\/02\/word-image-22629-51.png\" srcset=\"https:\/\/cmm.imgw.pl\/wp-content\/uploads\/2023\/02\/word-image-22629-51.png 503w, https:\/\/cmm.imgw.pl\/wp-content\/uploads\/2023\/02\/word-image-22629-51-300x300.png 300w, https:\/\/cmm.imgw.pl\/wp-content\/uploads\/2023\/02\/word-image-22629-51-150x150.png 150w\" sizes=\"(max-width: 503px) 100vw, 503px\" \/><\/p>\n<p><img loading=\"lazy\" width=\"570\" height=\"570\" class=\"wp-image-22681 aligncenter\" src=\"http:\/\/cmm.imgw.pl\/wp-content\/uploads\/2023\/02\/word-image-22629-52.png\" srcset=\"https:\/\/cmm.imgw.pl\/wp-content\/uploads\/2023\/02\/word-image-22629-52.png 570w, https:\/\/cmm.imgw.pl\/wp-content\/uploads\/2023\/02\/word-image-22629-52-300x300.png 300w, https:\/\/cmm.imgw.pl\/wp-content\/uploads\/2023\/02\/word-image-22629-52-150x150.png 150w\" sizes=\"(max-width: 570px) 100vw, 570px\" \/> <img loading=\"lazy\" width=\"548\" height=\"548\" class=\"wp-image-22682 aligncenter\" src=\"http:\/\/cmm.imgw.pl\/wp-content\/uploads\/2023\/02\/word-image-22629-53.png\" srcset=\"https:\/\/cmm.imgw.pl\/wp-content\/uploads\/2023\/02\/word-image-22629-53.png 548w, https:\/\/cmm.imgw.pl\/wp-content\/uploads\/2023\/02\/word-image-22629-53-300x300.png 300w, https:\/\/cmm.imgw.pl\/wp-content\/uploads\/2023\/02\/word-image-22629-53-150x150.png 150w\" sizes=\"(max-width: 548px) 100vw, 548px\" \/><\/p>\n<p><img loading=\"lazy\" width=\"634\" height=\"634\" class=\"wp-image-22683 aligncenter\" src=\"http:\/\/cmm.imgw.pl\/wp-content\/uploads\/2023\/02\/word-image-22629-54.png\" srcset=\"https:\/\/cmm.imgw.pl\/wp-content\/uploads\/2023\/02\/word-image-22629-54.png 634w, https:\/\/cmm.imgw.pl\/wp-content\/uploads\/2023\/02\/word-image-22629-54-300x300.png 300w, https:\/\/cmm.imgw.pl\/wp-content\/uploads\/2023\/02\/word-image-22629-54-150x150.png 150w, https:\/\/cmm.imgw.pl\/wp-content\/uploads\/2023\/02\/word-image-22629-54-600x600.png 600w\" sizes=\"(max-width: 634px) 100vw, 634px\" \/> <img loading=\"lazy\" width=\"600\" height=\"600\" class=\"wp-image-22684 aligncenter\" src=\"http:\/\/cmm.imgw.pl\/wp-content\/uploads\/2023\/02\/word-image-22629-55.png\" srcset=\"https:\/\/cmm.imgw.pl\/wp-content\/uploads\/2023\/02\/word-image-22629-55.png 600w, https:\/\/cmm.imgw.pl\/wp-content\/uploads\/2023\/02\/word-image-22629-55-300x300.png 300w, https:\/\/cmm.imgw.pl\/wp-content\/uploads\/2023\/02\/word-image-22629-55-150x150.png 150w\" sizes=\"(max-width: 600px) 100vw, 600px\" \/><\/p>\n<p>Na niebie nale\u017cy spodziewa\u0107 si\u0119 tak\u017ce chmur Cumulonimbus calvus\/capillatus oraz Cumulus w r\u00f3\u017cnym stadium rozwoju.<\/p>\n<p><img loading=\"lazy\" width=\"800\" height=\"800\" class=\"wp-image-22685 aligncenter\" src=\"http:\/\/cmm.imgw.pl\/wp-content\/uploads\/2023\/02\/word-image-22629-56.png\" srcset=\"https:\/\/cmm.imgw.pl\/wp-content\/uploads\/2023\/02\/word-image-22629-56.png 800w, https:\/\/cmm.imgw.pl\/wp-content\/uploads\/2023\/02\/word-image-22629-56-300x300.png 300w, https:\/\/cmm.imgw.pl\/wp-content\/uploads\/2023\/02\/word-image-22629-56-150x150.png 150w, https:\/\/cmm.imgw.pl\/wp-content\/uploads\/2023\/02\/word-image-22629-56-768x768.png 768w, https:\/\/cmm.imgw.pl\/wp-content\/uploads\/2023\/02\/word-image-22629-56-600x600.png 600w\" sizes=\"(max-width: 800px) 100vw, 800px\" \/> <img loading=\"lazy\" width=\"800\" height=\"800\" class=\"wp-image-22686 aligncenter\" src=\"http:\/\/cmm.imgw.pl\/wp-content\/uploads\/2023\/02\/word-image-22629-57.png\" srcset=\"https:\/\/cmm.imgw.pl\/wp-content\/uploads\/2023\/02\/word-image-22629-57.png 800w, https:\/\/cmm.imgw.pl\/wp-content\/uploads\/2023\/02\/word-image-22629-57-300x300.png 300w, https:\/\/cmm.imgw.pl\/wp-content\/uploads\/2023\/02\/word-image-22629-57-150x150.png 150w, https:\/\/cmm.imgw.pl\/wp-content\/uploads\/2023\/02\/word-image-22629-57-768x768.png 768w, https:\/\/cmm.imgw.pl\/wp-content\/uploads\/2023\/02\/word-image-22629-57-600x600.png 600w\" sizes=\"(max-width: 800px) 100vw, 800px\" \/><\/p>\n<p>Zachmurzenie pi\u0119tra \u015bredniego du\u017ce i ca\u0142kowite na zachodzie, na po\u0142udniu, w po\u0142udniowo zachodniej Polsce. W nocy na po\u0142udniu i zachodzie zachmurzenie du\u017ce. Na niebie Altocumulus, Altostratus. W strefie pr\u0105du strumieniowego mog\u0105 wyst\u0105pi\u0107 chmury Altocumulus radiatus\/undulatus oraz Altostratus undulatus.<\/p>\n<p><img loading=\"lazy\" width=\"800\" height=\"800\" class=\"wp-image-22687 aligncenter\" src=\"http:\/\/cmm.imgw.pl\/wp-content\/uploads\/2023\/02\/word-image-22629-58.png\" srcset=\"https:\/\/cmm.imgw.pl\/wp-content\/uploads\/2023\/02\/word-image-22629-58.png 800w, https:\/\/cmm.imgw.pl\/wp-content\/uploads\/2023\/02\/word-image-22629-58-300x300.png 300w, https:\/\/cmm.imgw.pl\/wp-content\/uploads\/2023\/02\/word-image-22629-58-150x150.png 150w, https:\/\/cmm.imgw.pl\/wp-content\/uploads\/2023\/02\/word-image-22629-58-768x768.png 768w, https:\/\/cmm.imgw.pl\/wp-content\/uploads\/2023\/02\/word-image-22629-58-600x600.png 600w\" sizes=\"(max-width: 800px) 100vw, 800px\" \/> <img loading=\"lazy\" width=\"800\" height=\"800\" class=\"wp-image-22688 aligncenter\" src=\"http:\/\/cmm.imgw.pl\/wp-content\/uploads\/2023\/02\/word-image-22629-59.png\" srcset=\"https:\/\/cmm.imgw.pl\/wp-content\/uploads\/2023\/02\/word-image-22629-59.png 800w, https:\/\/cmm.imgw.pl\/wp-content\/uploads\/2023\/02\/word-image-22629-59-300x300.png 300w, https:\/\/cmm.imgw.pl\/wp-content\/uploads\/2023\/02\/word-image-22629-59-150x150.png 150w, https:\/\/cmm.imgw.pl\/wp-content\/uploads\/2023\/02\/word-image-22629-59-768x768.png 768w, https:\/\/cmm.imgw.pl\/wp-content\/uploads\/2023\/02\/word-image-22629-59-600x600.png 600w\" sizes=\"(max-width: 800px) 100vw, 800px\" \/><\/p>\n<p>Zachmurzenie pi\u0119tra wysokiego du\u017ce i ca\u0142kowite. Mog\u0105 zdarzy\u0107 si\u0119 rozpogodzenie w tej warstwie chmur. Na niebie Cirrus fibratus\/spissatus, Cirrostratus fibratus. W strefie pr\u0105du strumieniowego mog\u0105 wyst\u0105pi\u0107 chmury Cirrus radiatus. Cirrostratus undulatus. W obszarze pr\u0105du strumieniowego chmury pi\u0119tra wysokiego b\u0119d\u0105 szybko si\u0119 przemieszcza\u0142y na niebie.<\/p>\n<p><img loading=\"lazy\" width=\"1150\" height=\"1315\" class=\"wp-image-22689 aligncenter\" src=\"http:\/\/cmm.imgw.pl\/wp-content\/uploads\/2023\/02\/word-image-22629-60.gif\"> <img loading=\"lazy\" width=\"1150\" height=\"1315\" class=\"wp-image-22690 aligncenter\" src=\"http:\/\/cmm.imgw.pl\/wp-content\/uploads\/2023\/02\/word-image-22629-61.gif\"> <img loading=\"lazy\" width=\"1150\" height=\"1315\" class=\"wp-image-22691 aligncenter\" src=\"http:\/\/cmm.imgw.pl\/wp-content\/uploads\/2023\/02\/word-image-22629-62.gif\"> <img loading=\"lazy\" width=\"600\" height=\"640\" class=\"wp-image-22692 aligncenter\" src=\"http:\/\/cmm.imgw.pl\/wp-content\/uploads\/2023\/02\/word-image-22629-63.png\" srcset=\"https:\/\/cmm.imgw.pl\/wp-content\/uploads\/2023\/02\/word-image-22629-63.png 600w, https:\/\/cmm.imgw.pl\/wp-content\/uploads\/2023\/02\/word-image-22629-63-281x300.png 281w\" sizes=\"(max-width: 600px) 100vw, 600px\" \/> <img loading=\"lazy\" width=\"600\" height=\"640\" class=\"wp-image-22693 aligncenter\" src=\"http:\/\/cmm.imgw.pl\/wp-content\/uploads\/2023\/02\/word-image-22629-64.png\" srcset=\"https:\/\/cmm.imgw.pl\/wp-content\/uploads\/2023\/02\/word-image-22629-64.png 600w, https:\/\/cmm.imgw.pl\/wp-content\/uploads\/2023\/02\/word-image-22629-64-281x300.png 281w\" sizes=\"(max-width: 600px) 100vw, 600px\" \/> <img loading=\"lazy\" width=\"600\" height=\"640\" class=\"wp-image-22694 aligncenter\" src=\"http:\/\/cmm.imgw.pl\/wp-content\/uploads\/2023\/02\/word-image-22629-65.png\" srcset=\"https:\/\/cmm.imgw.pl\/wp-content\/uploads\/2023\/02\/word-image-22629-65.png 600w, https:\/\/cmm.imgw.pl\/wp-content\/uploads\/2023\/02\/word-image-22629-65-281x300.png 281w\" sizes=\"(max-width: 600px) 100vw, 600px\" \/> <img loading=\"lazy\" width=\"600\" height=\"640\" class=\"wp-image-22695 aligncenter\" src=\"http:\/\/cmm.imgw.pl\/wp-content\/uploads\/2023\/02\/word-image-22629-66.png\" srcset=\"https:\/\/cmm.imgw.pl\/wp-content\/uploads\/2023\/02\/word-image-22629-66.png 600w, https:\/\/cmm.imgw.pl\/wp-content\/uploads\/2023\/02\/word-image-22629-66-281x300.png 281w\" sizes=\"(max-width: 600px) 100vw, 600px\" \/> <img loading=\"lazy\" width=\"600\" height=\"640\" class=\"wp-image-22696 aligncenter\" src=\"http:\/\/cmm.imgw.pl\/wp-content\/uploads\/2023\/02\/word-image-22629-67.png\" srcset=\"https:\/\/cmm.imgw.pl\/wp-content\/uploads\/2023\/02\/word-image-22629-67.png 600w, https:\/\/cmm.imgw.pl\/wp-content\/uploads\/2023\/02\/word-image-22629-67-281x300.png 281w\" sizes=\"(max-width: 600px) 100vw, 600px\" \/> <img loading=\"lazy\" width=\"600\" height=\"640\" class=\"wp-image-22697 aligncenter\" src=\"http:\/\/cmm.imgw.pl\/wp-content\/uploads\/2023\/02\/word-image-22629-68.png\" srcset=\"https:\/\/cmm.imgw.pl\/wp-content\/uploads\/2023\/02\/word-image-22629-68.png 600w, https:\/\/cmm.imgw.pl\/wp-content\/uploads\/2023\/02\/word-image-22629-68-281x300.png 281w\" sizes=\"(max-width: 600px) 100vw, 600px\" \/><\/p>\n<p>Wysoko\u015b\u0107 izotermy 0\u00b0C w dzie\u0144 wyniesie od 300 metr\u00f3w w NE rejonie kraju do 1200-1400 metr\u00f3w na po\u0142udniu kraju. W nocy do 1100-1300 metr\u00f3w na po\u0142udniu kraju. W NE osi\u0105gnie powierzchni\u0119 Ziemi. Wysoko\u015b\u0107 izotermy <br>-10\u00b0C wyniesie oko\u0142o 2-3,5 km. Wysoko\u015b\u0107 izotermy -20\u00b0C oko\u0142o 4-5 km. Wierzcho\u0142ki chmur niskich w fazie ciek\u0142ej. Wierzcho\u0142ki chmur wysokich w fazie lodowej. Wierzcho\u0142ki chmur Ac i Ac w fazie mieszanej oraz lodowej.<\/p>\n<p><img loading=\"lazy\" width=\"438\" height=\"438\" class=\"wp-image-22698 aligncenter\" src=\"http:\/\/cmm.imgw.pl\/wp-content\/uploads\/2023\/02\/word-image-22629-69.jpeg\" srcset=\"https:\/\/cmm.imgw.pl\/wp-content\/uploads\/2023\/02\/word-image-22629-69.jpeg 438w, https:\/\/cmm.imgw.pl\/wp-content\/uploads\/2023\/02\/word-image-22629-69-300x300.jpeg 300w, https:\/\/cmm.imgw.pl\/wp-content\/uploads\/2023\/02\/word-image-22629-69-150x150.jpeg 150w\" sizes=\"(max-width: 438px) 100vw, 438px\" \/> <img loading=\"lazy\" width=\"441\" height=\"441\" class=\"wp-image-22699 aligncenter\" src=\"http:\/\/cmm.imgw.pl\/wp-content\/uploads\/2023\/02\/word-image-22629-70.jpeg\" srcset=\"https:\/\/cmm.imgw.pl\/wp-content\/uploads\/2023\/02\/word-image-22629-70.jpeg 441w, https:\/\/cmm.imgw.pl\/wp-content\/uploads\/2023\/02\/word-image-22629-70-300x300.jpeg 300w, https:\/\/cmm.imgw.pl\/wp-content\/uploads\/2023\/02\/word-image-22629-70-150x150.jpeg 150w\" sizes=\"(max-width: 441px) 100vw, 441px\" \/> <img loading=\"lazy\" width=\"418\" height=\"418\" class=\"wp-image-22700\" src=\"http:\/\/cmm.imgw.pl\/wp-content\/uploads\/2023\/02\/word-image-22629-71.jpeg\" srcset=\"https:\/\/cmm.imgw.pl\/wp-content\/uploads\/2023\/02\/word-image-22629-71.jpeg 418w, https:\/\/cmm.imgw.pl\/wp-content\/uploads\/2023\/02\/word-image-22629-71-300x300.jpeg 300w, https:\/\/cmm.imgw.pl\/wp-content\/uploads\/2023\/02\/word-image-22629-71-150x150.jpeg 150w\" sizes=\"(max-width: 418px) 100vw, 418px\" \/> <img loading=\"lazy\" width=\"409\" height=\"409\" class=\"wp-image-22701\" src=\"http:\/\/cmm.imgw.pl\/wp-content\/uploads\/2023\/02\/word-image-22629-72.jpeg\" srcset=\"https:\/\/cmm.imgw.pl\/wp-content\/uploads\/2023\/02\/word-image-22629-72.jpeg 409w, https:\/\/cmm.imgw.pl\/wp-content\/uploads\/2023\/02\/word-image-22629-72-300x300.jpeg 300w, https:\/\/cmm.imgw.pl\/wp-content\/uploads\/2023\/02\/word-image-22629-72-150x150.jpeg 150w\" sizes=\"(max-width: 409px) 100vw, 409px\" \/> <img loading=\"lazy\" width=\"427\" height=\"427\" class=\"wp-image-22702\" src=\"http:\/\/cmm.imgw.pl\/wp-content\/uploads\/2023\/02\/word-image-22629-73.jpeg\" srcset=\"https:\/\/cmm.imgw.pl\/wp-content\/uploads\/2023\/02\/word-image-22629-73.jpeg 427w, https:\/\/cmm.imgw.pl\/wp-content\/uploads\/2023\/02\/word-image-22629-73-300x300.jpeg 300w, https:\/\/cmm.imgw.pl\/wp-content\/uploads\/2023\/02\/word-image-22629-73-150x150.jpeg 150w\" sizes=\"(max-width: 427px) 100vw, 427px\" \/> <img loading=\"lazy\" width=\"409\" height=\"409\" class=\"wp-image-22703\" src=\"http:\/\/cmm.imgw.pl\/wp-content\/uploads\/2023\/02\/word-image-22629-74.jpeg\" srcset=\"https:\/\/cmm.imgw.pl\/wp-content\/uploads\/2023\/02\/word-image-22629-74.jpeg 409w, https:\/\/cmm.imgw.pl\/wp-content\/uploads\/2023\/02\/word-image-22629-74-300x300.jpeg 300w, https:\/\/cmm.imgw.pl\/wp-content\/uploads\/2023\/02\/word-image-22629-74-150x150.jpeg 150w\" sizes=\"(max-width: 409px) 100vw, 409px\" \/> <img loading=\"lazy\" width=\"408\" height=\"408\" class=\"wp-image-22704\" src=\"http:\/\/cmm.imgw.pl\/wp-content\/uploads\/2023\/02\/word-image-22629-75.jpeg\" srcset=\"https:\/\/cmm.imgw.pl\/wp-content\/uploads\/2023\/02\/word-image-22629-75.jpeg 408w, https:\/\/cmm.imgw.pl\/wp-content\/uploads\/2023\/02\/word-image-22629-75-300x300.jpeg 300w, https:\/\/cmm.imgw.pl\/wp-content\/uploads\/2023\/02\/word-image-22629-75-150x150.jpeg 150w\" sizes=\"(max-width: 408px) 100vw, 408px\" \/> <img loading=\"lazy\" width=\"403\" height=\"403\" class=\"wp-image-22705\" src=\"http:\/\/cmm.imgw.pl\/wp-content\/uploads\/2023\/02\/word-image-22629-76.jpeg\" srcset=\"https:\/\/cmm.imgw.pl\/wp-content\/uploads\/2023\/02\/word-image-22629-76.jpeg 403w, https:\/\/cmm.imgw.pl\/wp-content\/uploads\/2023\/02\/word-image-22629-76-300x300.jpeg 300w, https:\/\/cmm.imgw.pl\/wp-content\/uploads\/2023\/02\/word-image-22629-76-150x150.jpeg 150w\" sizes=\"(max-width: 403px) 100vw, 403px\" \/> <img loading=\"lazy\" width=\"397\" height=\"397\" class=\"wp-image-22706\" src=\"http:\/\/cmm.imgw.pl\/wp-content\/uploads\/2023\/02\/word-image-22629-77.jpeg\" srcset=\"https:\/\/cmm.imgw.pl\/wp-content\/uploads\/2023\/02\/word-image-22629-77.jpeg 397w, https:\/\/cmm.imgw.pl\/wp-content\/uploads\/2023\/02\/word-image-22629-77-300x300.jpeg 300w, https:\/\/cmm.imgw.pl\/wp-content\/uploads\/2023\/02\/word-image-22629-77-150x150.jpeg 150w\" sizes=\"(max-width: 397px) 100vw, 397px\" \/> <img loading=\"lazy\" width=\"437\" height=\"437\" class=\"wp-image-22707\" src=\"http:\/\/cmm.imgw.pl\/wp-content\/uploads\/2023\/02\/word-image-22629-78.jpeg\" srcset=\"https:\/\/cmm.imgw.pl\/wp-content\/uploads\/2023\/02\/word-image-22629-78.jpeg 437w, https:\/\/cmm.imgw.pl\/wp-content\/uploads\/2023\/02\/word-image-22629-78-300x300.jpeg 300w, https:\/\/cmm.imgw.pl\/wp-content\/uploads\/2023\/02\/word-image-22629-78-150x150.jpeg 150w\" sizes=\"(max-width: 437px) 100vw, 437px\" \/> <img loading=\"lazy\" width=\"458\" height=\"458\" class=\"wp-image-22708 aligncenter\" src=\"http:\/\/cmm.imgw.pl\/wp-content\/uploads\/2023\/02\/word-image-22629-79.jpeg\" srcset=\"https:\/\/cmm.imgw.pl\/wp-content\/uploads\/2023\/02\/word-image-22629-79.jpeg 458w, https:\/\/cmm.imgw.pl\/wp-content\/uploads\/2023\/02\/word-image-22629-79-300x300.jpeg 300w, https:\/\/cmm.imgw.pl\/wp-content\/uploads\/2023\/02\/word-image-22629-79-150x150.jpeg 150w\" sizes=\"(max-width: 458px) 100vw, 458px\" \/> <img loading=\"lazy\" width=\"434\" height=\"434\" class=\"wp-image-22709 aligncenter\" src=\"http:\/\/cmm.imgw.pl\/wp-content\/uploads\/2023\/02\/word-image-22629-80.jpeg\" srcset=\"https:\/\/cmm.imgw.pl\/wp-content\/uploads\/2023\/02\/word-image-22629-80.jpeg 434w, https:\/\/cmm.imgw.pl\/wp-content\/uploads\/2023\/02\/word-image-22629-80-300x300.jpeg 300w, https:\/\/cmm.imgw.pl\/wp-content\/uploads\/2023\/02\/word-image-22629-80-150x150.jpeg 150w\" sizes=\"(max-width: 434px) 100vw, 434px\" \/><\/p>\n<p>Na mapach szczeg\u00f3\u0142owy prognostyczny rozk\u0142ad pola opadu. Nale\u017cy jednak zaznaczy\u0107, \u017ce procesy fizyczne zachodz\u0105ce w chmurach s\u0105 skomplikowane i zachodz\u0105 w skali mniejszej ni\u017c rozdzielczo\u015b\u0107 siatki obliczeniowej. Procesu te musz\u0105 by\u015b parametryzowane. Poniewa\u017c parametryzacji jest wiele i w r\u00f3\u017cnych modelach implementowane s\u0105 r\u00f3\u017cne parametryzacje zatem wyniki pochodz\u0105ce z r\u00f3\u017cnych modeli mog\u0105 si\u0119 od siebie r\u00f3\u017cni\u0107. Oczywi\u015bcie nie jest to jedyna przyczyna. Z modelu COSMO wynika, \u017ce dzisiaj nale\u017cy spodziewa\u0107 g\u0142\u00f3wnie opad\u00f3w konwekcyjnych. Opady o charakterze przelotnym charakteryzuj\u0105 si\u0119 zmienn\u0105 intensywno\u015bci oraz wi\u0119kszymi rozmiarami kropel opadowych. Pod wiecz\u00f3r we wschodniej Polsce mog\u0105 wyst\u0105pi\u0107 opady o charakterze mieszanym deszczu ze \u015bniegiem (wysoko\u015b\u0107 izotermy 0\u00b0C poni\u017cej 500 metr\u00f3w, ale temperatura powierzchni ziemi powy\u017cej 3\u00b0C oraz geopotencja\u0142 wzgl\u0119dny pomi\u0119dzy warto\u015bciami 128-132 gpdam, wysoko\u015b\u0107 izotermy 0\u00b0C termometru zwil\u017conego pomi\u0119dzy 300-600 metr\u00f3w). W nocy na wschodzie kraju mo\u017cliwe s\u0142abe opady ju\u017c samego \u015bniegu. Opady mieszane oraz \u015bniegu g\u0142\u00f3wnie o charakterze przelotnym (wi\u0119ksze p\u0142atki \u015bniegu, wi\u0119ksze krople opadowe, zmienne nat\u0119\u017cenie opadu) oraz lokalnie o charakterze ci\u0105g\u0142ym (sta\u0142e nat\u0119\u017cenie, i mniejsze rozmiary cz\u0105stek opadowych).<\/p>\n<p><img loading=\"lazy\" width=\"570\" height=\"570\" class=\"wp-image-22710 aligncenter\" src=\"http:\/\/cmm.imgw.pl\/wp-content\/uploads\/2023\/02\/word-image-22629-81.png\" srcset=\"https:\/\/cmm.imgw.pl\/wp-content\/uploads\/2023\/02\/word-image-22629-81.png 570w, https:\/\/cmm.imgw.pl\/wp-content\/uploads\/2023\/02\/word-image-22629-81-300x300.png 300w, https:\/\/cmm.imgw.pl\/wp-content\/uploads\/2023\/02\/word-image-22629-81-150x150.png 150w\" sizes=\"(max-width: 570px) 100vw, 570px\" \/> <img loading=\"lazy\" width=\"562\" height=\"562\" class=\"wp-image-22711 aligncenter\" src=\"http:\/\/cmm.imgw.pl\/wp-content\/uploads\/2023\/02\/word-image-22629-82.png\" srcset=\"https:\/\/cmm.imgw.pl\/wp-content\/uploads\/2023\/02\/word-image-22629-82.png 562w, https:\/\/cmm.imgw.pl\/wp-content\/uploads\/2023\/02\/word-image-22629-82-300x300.png 300w, https:\/\/cmm.imgw.pl\/wp-content\/uploads\/2023\/02\/word-image-22629-82-150x150.png 150w\" sizes=\"(max-width: 562px) 100vw, 562px\" \/> <img loading=\"lazy\" width=\"542\" height=\"542\" class=\"wp-image-22712 aligncenter\" src=\"http:\/\/cmm.imgw.pl\/wp-content\/uploads\/2023\/02\/word-image-22629-83.png\" srcset=\"https:\/\/cmm.imgw.pl\/wp-content\/uploads\/2023\/02\/word-image-22629-83.png 542w, https:\/\/cmm.imgw.pl\/wp-content\/uploads\/2023\/02\/word-image-22629-83-300x300.png 300w, https:\/\/cmm.imgw.pl\/wp-content\/uploads\/2023\/02\/word-image-22629-83-150x150.png 150w\" sizes=\"(max-width: 542px) 100vw, 542px\" \/> <img loading=\"lazy\" width=\"532\" height=\"532\" class=\"wp-image-22713 aligncenter\" src=\"http:\/\/cmm.imgw.pl\/wp-content\/uploads\/2023\/02\/word-image-22629-84.png\" srcset=\"https:\/\/cmm.imgw.pl\/wp-content\/uploads\/2023\/02\/word-image-22629-84.png 532w, https:\/\/cmm.imgw.pl\/wp-content\/uploads\/2023\/02\/word-image-22629-84-300x300.png 300w, https:\/\/cmm.imgw.pl\/wp-content\/uploads\/2023\/02\/word-image-22629-84-150x150.png 150w\" sizes=\"(max-width: 532px) 100vw, 532px\" \/><\/p>\n<p><img loading=\"lazy\" width=\"600\" height=\"640\" class=\"wp-image-22714 aligncenter\" src=\"http:\/\/cmm.imgw.pl\/wp-content\/uploads\/2023\/02\/word-image-22629-85.png\" srcset=\"https:\/\/cmm.imgw.pl\/wp-content\/uploads\/2023\/02\/word-image-22629-85.png 600w, https:\/\/cmm.imgw.pl\/wp-content\/uploads\/2023\/02\/word-image-22629-85-281x300.png 281w\" sizes=\"(max-width: 600px) 100vw, 600px\" \/> <img loading=\"lazy\" width=\"600\" height=\"640\" class=\"wp-image-22715 aligncenter\" src=\"http:\/\/cmm.imgw.pl\/wp-content\/uploads\/2023\/02\/word-image-22629-86.png\" srcset=\"https:\/\/cmm.imgw.pl\/wp-content\/uploads\/2023\/02\/word-image-22629-86.png 600w, https:\/\/cmm.imgw.pl\/wp-content\/uploads\/2023\/02\/word-image-22629-86-281x300.png 281w\" sizes=\"(max-width: 600px) 100vw, 600px\" \/><\/p>\n<p>W wielu rejonach Polski mog\u0105 wyst\u0105pi\u0107 zamglenia ograniczaj\u0105ce widzialno\u015b\u0107 do 4-5 km. W drugiej cz\u0119\u015bci nocy i nad ranem w p\u00f3\u0142nocno zachodnim sektorze kraju mo\u017cliwe mg\u0142y ograniczaj\u0105ce widzialno\u015b\u0107 do 500-600 metr\u00f3w.<\/p>","protected":false},"excerpt":{"rendered":"<p>Komentarz do numerycznych prognoz pogody opracowany w Centrum Modelowania Meteorologicznego IMGW-PIB.<\/p>\n","protected":false},"author":3,"featured_media":0,"comment_status":"closed","ping_status":"open","sticky":false,"template":"","format":"standard","meta":{"ocean_post_layout":"","ocean_both_sidebars_style":"","ocean_both_sidebars_content_width":0,"ocean_both_sidebars_sidebars_width":0,"ocean_sidebar":"0","ocean_second_sidebar":"0","ocean_disable_margins":"enable","ocean_add_body_class":"","ocean_shortcode_before_top_bar":"","ocean_shortcode_after_top_bar":"","ocean_shortcode_before_header":"","ocean_shortcode_after_header":"","ocean_has_shortcode":"","ocean_shortcode_after_title":"","ocean_shortcode_before_footer_widgets":"","ocean_shortcode_after_footer_widgets":"","ocean_shortcode_before_footer_bottom":"","ocean_shortcode_after_footer_bottom":"","ocean_display_top_bar":"default","ocean_display_header":"default","ocean_header_style":"","ocean_center_header_left_menu":"0","ocean_custom_header_template":"0","ocean_custom_logo":0,"ocean_custom_retina_logo":0,"ocean_custom_logo_max_width":0,"ocean_custom_logo_tablet_max_width":0,"ocean_custom_logo_mobile_max_width":0,"ocean_custom_logo_max_height":0,"ocean_custom_logo_tablet_max_height":0,"ocean_custom_logo_mobile_max_height":0,"ocean_header_custom_menu":"0","ocean_menu_typo_font_family":"0","ocean_menu_typo_font_subset":"","ocean_menu_typo_font_size":0,"ocean_menu_typo_font_size_tablet":0,"ocean_menu_typo_font_size_mobile":0,"ocean_menu_typo_font_size_unit":"px","ocean_menu_typo_font_weight":"","ocean_menu_typo_font_weight_tablet":"","ocean_menu_typo_font_weight_mobile":"","ocean_menu_typo_transform":"","ocean_menu_typo_transform_tablet":"","ocean_menu_typo_transform_mobile":"","ocean_menu_typo_line_height":0,"ocean_menu_typo_line_height_tablet":0,"ocean_menu_typo_line_height_mobile":0,"ocean_menu_typo_line_height_unit":"","ocean_menu_typo_spacing":0,"ocean_menu_typo_spacing_tablet":0,"ocean_menu_typo_spacing_mobile":0,"ocean_menu_typo_spacing_unit":"","ocean_menu_link_color":"","ocean_menu_link_color_hover":"","ocean_menu_link_color_active":"","ocean_menu_link_background":"","ocean_menu_link_hover_background":"","ocean_menu_link_active_background":"","ocean_menu_social_links_bg":"","ocean_menu_social_hover_links_bg":"","ocean_menu_social_links_color":"","ocean_menu_social_hover_links_color":"","ocean_disable_title":"default","ocean_disable_heading":"default","ocean_post_title":"","ocean_post_subheading":"","ocean_post_title_style":"","ocean_post_title_background_color":"","ocean_post_title_background":0,"ocean_post_title_bg_image_position":"","ocean_post_title_bg_image_attachment":"","ocean_post_title_bg_image_repeat":"","ocean_post_title_bg_image_size":"","ocean_post_title_height":0,"ocean_post_title_bg_overlay":0.5,"ocean_post_title_bg_overlay_color":"","ocean_disable_breadcrumbs":"default","ocean_breadcrumbs_color":"","ocean_breadcrumbs_separator_color":"","ocean_breadcrumbs_links_color":"","ocean_breadcrumbs_links_hover_color":"","ocean_display_footer_widgets":"default","ocean_display_footer_bottom":"default","ocean_custom_footer_template":"0","ocean_post_oembed":"","ocean_post_self_hosted_media":"","ocean_post_video_embed":"","ocean_link_format":"","ocean_link_format_target":"self","ocean_quote_format":"","ocean_quote_format_link":"post","ocean_gallery_link_images":"on","ocean_gallery_id":[]},"categories":[93],"tags":[68,95,85,73,97,98,76,94,99,71,96,79],"yoast_head":"<!-- This site is optimized with the Yoast SEO plugin v19.5.1 - https:\/\/yoast.com\/wordpress\/plugins\/seo\/ -->\n<title>Komentarz do numerycznych prognoz pogody (21\/22.02.2022) - Laboratorium Modelowania Meteorologicznego CMOK IMGW-PIB<\/title>\n<meta name=\"description\" content=\"Komentarz do numerycznych prognoz pogody opracowany w Centrum Modelowania Meteorologicznego IMGW-PIB.\" \/>\n<meta name=\"robots\" content=\"index, follow, max-snippet:-1, max-image-preview:large, max-video-preview:-1\" \/>\n<link rel=\"canonical\" href=\"https:\/\/cmm.imgw.pl\/?p=22629\" \/>\n<meta property=\"og:locale\" content=\"pl_PL\" \/>\n<meta property=\"og:type\" content=\"article\" \/>\n<meta property=\"og:title\" content=\"Komentarz do numerycznych prognoz pogody (21\/22.02.2022)\" \/>\n<meta property=\"og:description\" content=\"Komentarz do numerycznych prognoz pogody opracowany w Centrum Modelowania Meteorologicznego IMGW-PIB\" \/>\n<meta property=\"og:url\" content=\"https:\/\/cmm.imgw.pl\/?p=22629\" \/>\n<meta property=\"og:site_name\" content=\"Laboratorium Modelowania Meteorologicznego CMOK IMGW-PIB\" \/>\n<meta property=\"article:publisher\" content=\"https:\/\/www.facebook.com\/Meteoimgw\/\" \/>\n<meta property=\"article:published_time\" content=\"2023-02-21T13:02:57+00:00\" \/>\n<meta property=\"article:modified_time\" content=\"2023-02-21T22:55:11+00:00\" \/>\n<meta property=\"og:image\" content=\"http:\/\/cmm.imgw.pl\/wp-content\/uploads\/2023\/02\/komentarz_v2-1.png\" \/>\n\t<meta property=\"og:image:width\" content=\"1012\" \/>\n\t<meta property=\"og:image:height\" content=\"720\" \/>\n\t<meta property=\"og:image:type\" content=\"image\/png\" \/>\n<meta name=\"author\" content=\"CMM\" \/>\n<meta name=\"twitter:card\" content=\"summary_large_image\" \/>\n<meta name=\"twitter:title\" content=\"Komentarz do numerycznych prognoz pogody (21\/22.02.2022)\" \/>\n<meta name=\"twitter:description\" content=\"Komentarz do numerycznych prognoz pogody opracowany w Centrum Modelowania Meteorologicznego IMGW-PIB\" \/>\n<meta name=\"twitter:creator\" content=\"@IMGW_CMM\" \/>\n<meta name=\"twitter:site\" content=\"@IMGW_CMM\" \/>\n<meta name=\"twitter:label1\" content=\"Napisane przez\" \/>\n\t<meta name=\"twitter:data1\" content=\"CMM\" \/>\n\t<meta name=\"twitter:label2\" content=\"Szacowany czas czytania\" \/>\n\t<meta name=\"twitter:data2\" content=\"27 minut\" \/>\n<script type=\"application\/ld+json\" class=\"yoast-schema-graph\">{\"@context\":\"https:\/\/schema.org\",\"@graph\":[{\"@type\":\"Article\",\"@id\":\"https:\/\/cmm.imgw.pl\/?p=22629#article\",\"isPartOf\":{\"@id\":\"https:\/\/cmm.imgw.pl\/?p=22629\"},\"author\":{\"name\":\"CMM\",\"@id\":\"https:\/\/cmm.imgw.pl\/#\/schema\/person\/a24a37fe434fe76b0f5791e6bd3fdb46\"},\"headline\":\"Komentarz do numerycznych prognoz pogody (21\/22.02.2022)\",\"datePublished\":\"2023-02-21T13:02:57+00:00\",\"dateModified\":\"2023-02-21T22:55:11+00:00\",\"mainEntityOfPage\":{\"@id\":\"https:\/\/cmm.imgw.pl\/?p=22629\"},\"wordCount\":1829,\"publisher\":{\"@id\":\"https:\/\/cmm.imgw.pl\/#organization\"},\"keywords\":[\"cmm\",\"Cosmo\",\"imgw\",\"klimat\",\"komentarz\",\"komentarz pogodowy\",\"meteorologia\",\"NMP\",\"NPP\",\"pogoda\",\"prognoza pogody\",\"zima\"],\"articleSection\":[\"Komentarz\"],\"inLanguage\":\"pl-PL\"},{\"@type\":\"WebPage\",\"@id\":\"https:\/\/cmm.imgw.pl\/?p=22629\",\"url\":\"https:\/\/cmm.imgw.pl\/?p=22629\",\"name\":\"Komentarz do numerycznych prognoz pogody (21\/22.02.2022) - Laboratorium Modelowania Meteorologicznego CMOK IMGW-PIB\",\"isPartOf\":{\"@id\":\"https:\/\/cmm.imgw.pl\/#website\"},\"datePublished\":\"2023-02-21T13:02:57+00:00\",\"dateModified\":\"2023-02-21T22:55:11+00:00\",\"description\":\"Komentarz do numerycznych prognoz pogody opracowany w Centrum Modelowania Meteorologicznego IMGW-PIB.\",\"breadcrumb\":{\"@id\":\"https:\/\/cmm.imgw.pl\/?p=22629#breadcrumb\"},\"inLanguage\":\"pl-PL\",\"potentialAction\":[{\"@type\":\"ReadAction\",\"target\":[\"https:\/\/cmm.imgw.pl\/?p=22629\"]}]},{\"@type\":\"BreadcrumbList\",\"@id\":\"https:\/\/cmm.imgw.pl\/?p=22629#breadcrumb\",\"itemListElement\":[{\"@type\":\"ListItem\",\"position\":1,\"name\":\"Home\",\"item\":\"https:\/\/cmm.imgw.pl\/\"},{\"@type\":\"ListItem\",\"position\":2,\"name\":\"Komentarz do numerycznych prognoz pogody (21\/22.02.2022)\"}]},{\"@type\":\"WebSite\",\"@id\":\"https:\/\/cmm.imgw.pl\/#website\",\"url\":\"https:\/\/cmm.imgw.pl\/\",\"name\":\"Laboratorium Modelowania Meteorologicznego CMOK IMGW-PIB\",\"description\":\"CMOK-LMM Laboratorium pe\u0142ni pa\u0144stwow\u0105 s\u0142u\u017cb\u0119 hydrologiczno-meteorologiczn\u0105 w zakresie numerycznych prognoz pogody, kt\u00f3rego zadaniem jest konsolidacja kompetencji w obszarze modelowania zjawisk pogodowych oraz dalszego rozwoju numerycznych modeli pogody (NMP).\",\"publisher\":{\"@id\":\"https:\/\/cmm.imgw.pl\/#organization\"},\"potentialAction\":[{\"@type\":\"SearchAction\",\"target\":{\"@type\":\"EntryPoint\",\"urlTemplate\":\"https:\/\/cmm.imgw.pl\/?s={search_term_string}\"},\"query-input\":\"required name=search_term_string\"}],\"inLanguage\":\"pl-PL\"},{\"@type\":\"Organization\",\"@id\":\"https:\/\/cmm.imgw.pl\/#organization\",\"name\":\"Laboratorium Modelowania Meteorologicznego CMOK IMGW-PIB\",\"url\":\"https:\/\/cmm.imgw.pl\/\",\"sameAs\":[\"https:\/\/www.facebook.com\/Meteoimgw\/\",\"https:\/\/twitter.com\/IMGW_CMM\"],\"logo\":{\"@type\":\"ImageObject\",\"inLanguage\":\"pl-PL\",\"@id\":\"https:\/\/cmm.imgw.pl\/#\/schema\/logo\/image\/\",\"url\":\"https:\/\/cmm.imgw.pl\/wp-content\/uploads\/2025\/10\/MODELE_LOGO_UNIFIKACJA_v2.png\",\"contentUrl\":\"https:\/\/cmm.imgw.pl\/wp-content\/uploads\/2025\/10\/MODELE_LOGO_UNIFIKACJA_v2.png\",\"width\":1356,\"height\":365,\"caption\":\"Laboratorium Modelowania Meteorologicznego CMOK IMGW-PIB\"},\"image\":{\"@id\":\"https:\/\/cmm.imgw.pl\/#\/schema\/logo\/image\/\"}},{\"@type\":\"Person\",\"@id\":\"https:\/\/cmm.imgw.pl\/#\/schema\/person\/a24a37fe434fe76b0f5791e6bd3fdb46\",\"name\":\"CMM\",\"image\":{\"@type\":\"ImageObject\",\"inLanguage\":\"pl-PL\",\"@id\":\"https:\/\/cmm.imgw.pl\/#\/schema\/person\/image\/\",\"url\":\"https:\/\/secure.gravatar.com\/avatar\/9248ea2273711f1cd09d6bd45867dbfb?s=96&d=blank&r=g\",\"contentUrl\":\"https:\/\/secure.gravatar.com\/avatar\/9248ea2273711f1cd09d6bd45867dbfb?s=96&d=blank&r=g\",\"caption\":\"CMM\"},\"sameAs\":[\"http:\/\/cmm.imgw.pl\"],\"url\":\"https:\/\/cmm.imgw.pl\/?author=3\"}]}<\/script>\n<!-- \/ Yoast SEO plugin. -->","yoast_head_json":{"title":"Komentarz do numerycznych prognoz pogody (21\/22.02.2022) - Laboratorium Modelowania Meteorologicznego CMOK IMGW-PIB","description":"Komentarz do numerycznych prognoz pogody opracowany w Centrum Modelowania Meteorologicznego IMGW-PIB.","robots":{"index":"index","follow":"follow","max-snippet":"max-snippet:-1","max-image-preview":"max-image-preview:large","max-video-preview":"max-video-preview:-1"},"canonical":"https:\/\/cmm.imgw.pl\/?p=22629","og_locale":"pl_PL","og_type":"article","og_title":"Komentarz do numerycznych prognoz pogody (21\/22.02.2022)","og_description":"Komentarz do numerycznych prognoz pogody opracowany w Centrum Modelowania Meteorologicznego IMGW-PIB","og_url":"https:\/\/cmm.imgw.pl\/?p=22629","og_site_name":"Laboratorium Modelowania Meteorologicznego CMOK IMGW-PIB","article_publisher":"https:\/\/www.facebook.com\/Meteoimgw\/","article_published_time":"2023-02-21T13:02:57+00:00","article_modified_time":"2023-02-21T22:55:11+00:00","og_image":[{"width":1012,"height":720,"url":"http:\/\/cmm.imgw.pl\/wp-content\/uploads\/2023\/02\/komentarz_v2-1.png","type":"image\/png"}],"author":"CMM","twitter_card":"summary_large_image","twitter_title":"Komentarz do numerycznych prognoz pogody (21\/22.02.2022)","twitter_description":"Komentarz do numerycznych prognoz pogody opracowany w Centrum Modelowania Meteorologicznego IMGW-PIB","twitter_creator":"@IMGW_CMM","twitter_site":"@IMGW_CMM","twitter_misc":{"Napisane przez":"CMM","Szacowany czas czytania":"27 minut"},"schema":{"@context":"https:\/\/schema.org","@graph":[{"@type":"Article","@id":"https:\/\/cmm.imgw.pl\/?p=22629#article","isPartOf":{"@id":"https:\/\/cmm.imgw.pl\/?p=22629"},"author":{"name":"CMM","@id":"https:\/\/cmm.imgw.pl\/#\/schema\/person\/a24a37fe434fe76b0f5791e6bd3fdb46"},"headline":"Komentarz do numerycznych prognoz pogody (21\/22.02.2022)","datePublished":"2023-02-21T13:02:57+00:00","dateModified":"2023-02-21T22:55:11+00:00","mainEntityOfPage":{"@id":"https:\/\/cmm.imgw.pl\/?p=22629"},"wordCount":1829,"publisher":{"@id":"https:\/\/cmm.imgw.pl\/#organization"},"keywords":["cmm","Cosmo","imgw","klimat","komentarz","komentarz pogodowy","meteorologia","NMP","NPP","pogoda","prognoza pogody","zima"],"articleSection":["Komentarz"],"inLanguage":"pl-PL"},{"@type":"WebPage","@id":"https:\/\/cmm.imgw.pl\/?p=22629","url":"https:\/\/cmm.imgw.pl\/?p=22629","name":"Komentarz do numerycznych prognoz pogody (21\/22.02.2022) - Laboratorium Modelowania Meteorologicznego CMOK IMGW-PIB","isPartOf":{"@id":"https:\/\/cmm.imgw.pl\/#website"},"datePublished":"2023-02-21T13:02:57+00:00","dateModified":"2023-02-21T22:55:11+00:00","description":"Komentarz do numerycznych prognoz pogody opracowany w Centrum Modelowania Meteorologicznego IMGW-PIB.","breadcrumb":{"@id":"https:\/\/cmm.imgw.pl\/?p=22629#breadcrumb"},"inLanguage":"pl-PL","potentialAction":[{"@type":"ReadAction","target":["https:\/\/cmm.imgw.pl\/?p=22629"]}]},{"@type":"BreadcrumbList","@id":"https:\/\/cmm.imgw.pl\/?p=22629#breadcrumb","itemListElement":[{"@type":"ListItem","position":1,"name":"Home","item":"https:\/\/cmm.imgw.pl\/"},{"@type":"ListItem","position":2,"name":"Komentarz do numerycznych prognoz pogody (21\/22.02.2022)"}]},{"@type":"WebSite","@id":"https:\/\/cmm.imgw.pl\/#website","url":"https:\/\/cmm.imgw.pl\/","name":"Laboratorium Modelowania Meteorologicznego CMOK IMGW-PIB","description":"CMOK-LMM Laboratorium pe\u0142ni pa\u0144stwow\u0105 s\u0142u\u017cb\u0119 hydrologiczno-meteorologiczn\u0105 w zakresie numerycznych prognoz pogody, kt\u00f3rego zadaniem jest konsolidacja kompetencji w obszarze modelowania zjawisk pogodowych oraz dalszego rozwoju numerycznych modeli pogody (NMP).","publisher":{"@id":"https:\/\/cmm.imgw.pl\/#organization"},"potentialAction":[{"@type":"SearchAction","target":{"@type":"EntryPoint","urlTemplate":"https:\/\/cmm.imgw.pl\/?s={search_term_string}"},"query-input":"required name=search_term_string"}],"inLanguage":"pl-PL"},{"@type":"Organization","@id":"https:\/\/cmm.imgw.pl\/#organization","name":"Laboratorium Modelowania Meteorologicznego CMOK IMGW-PIB","url":"https:\/\/cmm.imgw.pl\/","sameAs":["https:\/\/www.facebook.com\/Meteoimgw\/","https:\/\/twitter.com\/IMGW_CMM"],"logo":{"@type":"ImageObject","inLanguage":"pl-PL","@id":"https:\/\/cmm.imgw.pl\/#\/schema\/logo\/image\/","url":"https:\/\/cmm.imgw.pl\/wp-content\/uploads\/2025\/10\/MODELE_LOGO_UNIFIKACJA_v2.png","contentUrl":"https:\/\/cmm.imgw.pl\/wp-content\/uploads\/2025\/10\/MODELE_LOGO_UNIFIKACJA_v2.png","width":1356,"height":365,"caption":"Laboratorium Modelowania Meteorologicznego CMOK IMGW-PIB"},"image":{"@id":"https:\/\/cmm.imgw.pl\/#\/schema\/logo\/image\/"}},{"@type":"Person","@id":"https:\/\/cmm.imgw.pl\/#\/schema\/person\/a24a37fe434fe76b0f5791e6bd3fdb46","name":"CMM","image":{"@type":"ImageObject","inLanguage":"pl-PL","@id":"https:\/\/cmm.imgw.pl\/#\/schema\/person\/image\/","url":"https:\/\/secure.gravatar.com\/avatar\/9248ea2273711f1cd09d6bd45867dbfb?s=96&d=blank&r=g","contentUrl":"https:\/\/secure.gravatar.com\/avatar\/9248ea2273711f1cd09d6bd45867dbfb?s=96&d=blank&r=g","caption":"CMM"},"sameAs":["http:\/\/cmm.imgw.pl"],"url":"https:\/\/cmm.imgw.pl\/?author=3"}]}},"_links":{"self":[{"href":"https:\/\/cmm.imgw.pl\/index.php?rest_route=\/wp\/v2\/posts\/22629"}],"collection":[{"href":"https:\/\/cmm.imgw.pl\/index.php?rest_route=\/wp\/v2\/posts"}],"about":[{"href":"https:\/\/cmm.imgw.pl\/index.php?rest_route=\/wp\/v2\/types\/post"}],"author":[{"embeddable":true,"href":"https:\/\/cmm.imgw.pl\/index.php?rest_route=\/wp\/v2\/users\/3"}],"replies":[{"embeddable":true,"href":"https:\/\/cmm.imgw.pl\/index.php?rest_route=%2Fwp%2Fv2%2Fcomments&post=22629"}],"version-history":[{"count":2,"href":"https:\/\/cmm.imgw.pl\/index.php?rest_route=\/wp\/v2\/posts\/22629\/revisions"}],"predecessor-version":[{"id":22719,"href":"https:\/\/cmm.imgw.pl\/index.php?rest_route=\/wp\/v2\/posts\/22629\/revisions\/22719"}],"wp:attachment":[{"href":"https:\/\/cmm.imgw.pl\/index.php?rest_route=%2Fwp%2Fv2%2Fmedia&parent=22629"}],"wp:term":[{"taxonomy":"category","embeddable":true,"href":"https:\/\/cmm.imgw.pl\/index.php?rest_route=%2Fwp%2Fv2%2Fcategories&post=22629"},{"taxonomy":"post_tag","embeddable":true,"href":"https:\/\/cmm.imgw.pl\/index.php?rest_route=%2Fwp%2Fv2%2Ftags&post=22629"}],"curies":[{"name":"wp","href":"https:\/\/api.w.org\/{rel}","templated":true}]}}