{"id":22331,"date":"2023-02-25T14:07:12","date_gmt":"2023-02-25T13:07:12","guid":{"rendered":"https:\/\/cmm.imgw.pl\/?p=22331"},"modified":"2023-02-26T10:43:59","modified_gmt":"2023-02-26T09:43:59","slug":"szablon-komentarz-do-numerycznych-prognoz-pogody-25-02-2023","status":"publish","type":"post","link":"https:\/\/cmm.imgw.pl\/?p=22331","title":{"rendered":"Komentarz do numerycznych prognoz pogody (25.02.2023)"},"content":{"rendered":"\n<p><em>Tre\u015b\u0107 komentarza do numerycznych prognoz meteorologicznych stanowi niezale\u017cne od biura prognoz meteorologicznych opracowanie wykonane w Centrum Modelowania Meteorologicznego i nie stanowi oficjalnej prognozy synoptycznej IMGW-PIB.<\/em><\/p>\n\n\n\n<p><strong>Opracowanie:<\/strong><\/p>\n\n\n\n<p><strong>dr&nbsp;Grzegorz&nbsp;Duniec, <a href=\"https:\/\/cmm.imgw.pl\/\" target=\"_blank\" rel=\"noreferrer noopener\"><mark style=\"background-color:rgba(0, 0, 0, 0)\" class=\"has-inline-color has-vivid-cyan-blue-color\">Centrum Modelowania Meteorologicznego IMGW-PIB<\/mark><\/a><\/strong><\/p>\n\n\n\n<p><\/p>\n\n\n<p><img loading=\"lazy\" width=\"1385\" height=\"983\" class=\"wp-image-22975 aligncenter\" src=\"http:\/\/cmm.imgw.pl\/wp-content\/uploads\/2023\/02\/word-image-22331-1.png\" srcset=\"https:\/\/cmm.imgw.pl\/wp-content\/uploads\/2023\/02\/word-image-22331-1.png 1385w, https:\/\/cmm.imgw.pl\/wp-content\/uploads\/2023\/02\/word-image-22331-1-300x213.png 300w, https:\/\/cmm.imgw.pl\/wp-content\/uploads\/2023\/02\/word-image-22331-1-1024x727.png 1024w, https:\/\/cmm.imgw.pl\/wp-content\/uploads\/2023\/02\/word-image-22331-1-768x545.png 768w\" sizes=\"(max-width: 1385px) 100vw, 1385px\" \/><\/p>\n<p>Pogod\u0119 w Polsce kszta\u0142tuje uk\u0142ad niskiego ci\u015bnienia z centrum 989,3 hPa nad po\u0142udniowym Ba\u0142tykiem. Nad naszym krajem znajduje si\u0119 front okluzji. Po\u0142udniowo wschodnie obszary jeszcze w zasi\u0119gu frontu ch\u0142odnego. Wspomniany front ch\u0142odny rozci\u0105ga si\u0119 nad S\u0142owacj\u0105, W\u0119grami, S\u0142oweni\u0105, p\u00f3\u0142nocnymi W\u0142ochami i po\u0142udniow\u0105 Francj\u0105, a nast\u0119pnie przechodzi w odcinek ciep\u0142y i ch\u0142odny nad Morzem \u015ar\u00f3dziemnym, nast\u0119pnie nad p\u00f3\u0142nocn\u0105 Afryk\u0119 z ciep\u0142ym i ch\u0142odnym odcinkiem frontu. Nad Europ\u0105 wschodni\u0105 zalega uk\u0142ad front\u00f3w atmosferycznych. Wy\u017c nad Atlantykiem nieznacznie si\u0119 przemie\u015bci\u0142 w kierunku NE. Centrum 1025 hPa zalega na p\u00f3\u0142nocny zach\u00f3d od Wielkiej Brytanii, ci\u015bnienie w jego centrum nie zmieni\u0142o si\u0119. Nad Atlantykiem znajduje si\u0119 tak\u017ce rodzina ni\u017c\u00f3w z dwoma o\u015brodkami 980 hPa. Ni\u017ce s\u0105 w stadium okludowania, jeden z nich pog\u0142\u0119bia si\u0119 a drugi wype\u0142nia. Islandia jest otoczona od zachodu, p\u00f3\u0142nocy i wschodu uk\u0142adem front\u00f3w atmosferycznych.<\/p>\n<p><img loading=\"lazy\" width=\"555\" height=\"502\" class=\"wp-image-22976 aligncenter\" src=\"http:\/\/cmm.imgw.pl\/wp-content\/uploads\/2023\/02\/word-image-22331-2.png\" srcset=\"https:\/\/cmm.imgw.pl\/wp-content\/uploads\/2023\/02\/word-image-22331-2.png 555w, https:\/\/cmm.imgw.pl\/wp-content\/uploads\/2023\/02\/word-image-22331-2-300x271.png 300w\" sizes=\"(max-width: 555px) 100vw, 555px\" \/> <img loading=\"lazy\" width=\"557\" height=\"504\" class=\"wp-image-22977 aligncenter\" src=\"http:\/\/cmm.imgw.pl\/wp-content\/uploads\/2023\/02\/word-image-22331-3.png\" srcset=\"https:\/\/cmm.imgw.pl\/wp-content\/uploads\/2023\/02\/word-image-22331-3.png 557w, https:\/\/cmm.imgw.pl\/wp-content\/uploads\/2023\/02\/word-image-22331-3-300x271.png 300w\" sizes=\"(max-width: 557px) 100vw, 557px\" \/> <img loading=\"lazy\" width=\"556\" height=\"498\" class=\"wp-image-22978 aligncenter\" src=\"http:\/\/cmm.imgw.pl\/wp-content\/uploads\/2023\/02\/word-image-22331-4.png\" srcset=\"https:\/\/cmm.imgw.pl\/wp-content\/uploads\/2023\/02\/word-image-22331-4.png 556w, https:\/\/cmm.imgw.pl\/wp-content\/uploads\/2023\/02\/word-image-22331-4-300x269.png 300w\" sizes=\"(max-width: 556px) 100vw, 556px\" \/> <img loading=\"lazy\" width=\"562\" height=\"513\" class=\"wp-image-22979 aligncenter\" src=\"http:\/\/cmm.imgw.pl\/wp-content\/uploads\/2023\/02\/word-image-22331-5.png\" srcset=\"https:\/\/cmm.imgw.pl\/wp-content\/uploads\/2023\/02\/word-image-22331-5.png 562w, https:\/\/cmm.imgw.pl\/wp-content\/uploads\/2023\/02\/word-image-22331-5-300x274.png 300w\" sizes=\"(max-width: 562px) 100vw, 562px\" \/><\/p>\n<p>Wy\u017c znad Atlantyku bardzo dobrze wyra\u017cony na wy\u017cszych poziomach w troposferze. Na osi wy\u017cu w kierunku pionowym roz\u0142o\u017cone s\u0105 nast\u0119puj\u0105ce centra 148 gpdam na wysoko\u015bci 1,5km, 304 gpdam na wysoko\u015bci 3km, 564 gpdam na wysoko\u015bci 5,5 km oraz 920 gpdam na wysoko\u015bci 9km. O\u015brodek ni\u017cowy zaleg\u0105j\u0105cy wczoraj nad Zatok\u0105 Biskajsk\u0105 jest jeszcze dobrze wyra\u017cony na wy\u017cszych poziomach. Na wysoko\u015bci 3 km zalega centrum 292 gpdam, na wysoko\u015bci 5,5 km zalega o\u015brodek 544 gpdam oraz na wysoko\u015bci 9 km zalega o\u015brodek 896 gpdam.<\/p>\n<p>Nad Polsk\u0105 izotermy odchylaj\u0105 si\u0119 na lewo od izohips co wskazuje na adwekcj\u0119 ch\u0142odu.<\/p>\n<p>Od Morza Norweskiego, przez Morze P\u00f3\u0142nocne i zachodni\u0105 Skandynawi\u0119, Dani\u0119, Niemcy, Czechy, S\u0142owacj\u0119 i dalej w kierunku Europy wschodniej rozci\u0105ga strefa zag\u0119szczenia izohips i izoterm. Wskazuje to na obszar wyst\u0119powania pr\u0105d\u00f3w strumieniowych, a wi\u0119c obszaru zwi\u0119kszonej pr\u0119dko\u015bci wiatru.<\/p>\n<p><img loading=\"lazy\" width=\"2156\" height=\"1728\" class=\"wp-image-22980 aligncenter\" src=\"http:\/\/cmm.imgw.pl\/wp-content\/uploads\/2023\/02\/word-image-22331-6.png\" srcset=\"https:\/\/cmm.imgw.pl\/wp-content\/uploads\/2023\/02\/word-image-22331-6.png 2156w, https:\/\/cmm.imgw.pl\/wp-content\/uploads\/2023\/02\/word-image-22331-6-300x240.png 300w, https:\/\/cmm.imgw.pl\/wp-content\/uploads\/2023\/02\/word-image-22331-6-1024x821.png 1024w, https:\/\/cmm.imgw.pl\/wp-content\/uploads\/2023\/02\/word-image-22331-6-768x616.png 768w, https:\/\/cmm.imgw.pl\/wp-content\/uploads\/2023\/02\/word-image-22331-6-1536x1231.png 1536w, https:\/\/cmm.imgw.pl\/wp-content\/uploads\/2023\/02\/word-image-22331-6-2048x1641.png 2048w\" sizes=\"(max-width: 2156px) 100vw, 2156px\" \/> <img loading=\"lazy\" width=\"2156\" height=\"1728\" class=\"wp-image-22981 aligncenter\" src=\"http:\/\/cmm.imgw.pl\/wp-content\/uploads\/2023\/02\/word-image-22331-7.png\" srcset=\"https:\/\/cmm.imgw.pl\/wp-content\/uploads\/2023\/02\/word-image-22331-7.png 2156w, https:\/\/cmm.imgw.pl\/wp-content\/uploads\/2023\/02\/word-image-22331-7-300x240.png 300w, https:\/\/cmm.imgw.pl\/wp-content\/uploads\/2023\/02\/word-image-22331-7-1024x821.png 1024w, https:\/\/cmm.imgw.pl\/wp-content\/uploads\/2023\/02\/word-image-22331-7-768x616.png 768w, https:\/\/cmm.imgw.pl\/wp-content\/uploads\/2023\/02\/word-image-22331-7-1536x1231.png 1536w, https:\/\/cmm.imgw.pl\/wp-content\/uploads\/2023\/02\/word-image-22331-7-2048x1641.png 2048w\" sizes=\"(max-width: 2156px) 100vw, 2156px\" \/><\/p>\n<p>Z prognostycznego significantu europejskiego wynika, \u017ce we wspomnianym obszarze zalega\u0107 b\u0119dzie pr\u0105d strumieniowy. Nad zach\u00f3d od Polski pr\u0105d strumieniowy znajdzie si\u0119 na wysoko\u015bci FL290 (9,5 km) z maksymaln\u0105 pr\u0119dko\u015bci\u0105 w osi pr\u0105du 70-50 m\/s i os\u0142abnie do 45-65 m\/s. Na po\u0142udniu od Polski zalegaj\u0105cy Jet Stream znajdowa\u0107 si\u0119 powinien na wysoko\u015bci FL300 (9,9 km), z maksymaln\u0105 pr\u0119dko\u015bci\u0105 w osi pr\u0105du 50-70 m\/s i nieznacznie r\u00f3wnie\u017c os\u0142abnie pr\u0119dko\u015b\u0107 (w pocz\u0105tkowym i ko\u0144cowym obszarze Jet Stream) do pr\u0119dko\u015bci do 45-70 m\/s.<\/p>\n<p><img loading=\"lazy\" width=\"600\" height=\"640\" class=\"wp-image-22982 aligncenter\" src=\"http:\/\/cmm.imgw.pl\/wp-content\/uploads\/2023\/02\/word-image-22331-8.png\" srcset=\"https:\/\/cmm.imgw.pl\/wp-content\/uploads\/2023\/02\/word-image-22331-8.png 600w, https:\/\/cmm.imgw.pl\/wp-content\/uploads\/2023\/02\/word-image-22331-8-281x300.png 281w\" sizes=\"(max-width: 600px) 100vw, 600px\" \/> <img loading=\"lazy\" width=\"600\" height=\"640\" class=\"wp-image-22983 aligncenter\" src=\"http:\/\/cmm.imgw.pl\/wp-content\/uploads\/2023\/02\/word-image-22331-9.png\" srcset=\"https:\/\/cmm.imgw.pl\/wp-content\/uploads\/2023\/02\/word-image-22331-9.png 600w, https:\/\/cmm.imgw.pl\/wp-content\/uploads\/2023\/02\/word-image-22331-9-281x300.png 281w\" sizes=\"(max-width: 600px) 100vw, 600px\" \/><\/p>\n<p><img loading=\"lazy\" width=\"600\" height=\"640\" class=\"wp-image-22984 aligncenter\" src=\"http:\/\/cmm.imgw.pl\/wp-content\/uploads\/2023\/02\/word-image-22331-10.png\" srcset=\"https:\/\/cmm.imgw.pl\/wp-content\/uploads\/2023\/02\/word-image-22331-10.png 600w, https:\/\/cmm.imgw.pl\/wp-content\/uploads\/2023\/02\/word-image-22331-10-281x300.png 281w\" sizes=\"(max-width: 600px) 100vw, 600px\" \/><\/p>\n<p>Z numerycznych oblicze\u0144 pola wiatru na wysoko\u015bci 9 km \u0142adnie wida\u0107, jak Polska otoczona jest od zachodu i po\u0142udnia stref\u0105 du\u017cych pr\u0119dko\u015bci. W godzinach nocnych strefa du\u017cych pr\u0119dko\u015bci o warto\u015bci 70 m\/s (252 km\/h) nasunie si\u0119 nad obszar Polski po\u0142udniowo wschodniej. Do rana o\u015b pr\u0105du przesunie si\u0119 na wsch\u00f3d i pr\u0119dko\u015b\u0107 wiatru na tej wysoko\u015bci os\u0142abnie do 60 m\/s (216 km\/h) na kra\u0144cach po\u0142udniowo wschodnich.<\/p>\n<p><img loading=\"lazy\" width=\"584\" height=\"584\" class=\"wp-image-22985 aligncenter\" src=\"http:\/\/cmm.imgw.pl\/wp-content\/uploads\/2023\/02\/word-image-22331-11.jpeg\" srcset=\"https:\/\/cmm.imgw.pl\/wp-content\/uploads\/2023\/02\/word-image-22331-11.jpeg 584w, https:\/\/cmm.imgw.pl\/wp-content\/uploads\/2023\/02\/word-image-22331-11-300x300.jpeg 300w, https:\/\/cmm.imgw.pl\/wp-content\/uploads\/2023\/02\/word-image-22331-11-150x150.jpeg 150w\" sizes=\"(max-width: 584px) 100vw, 584px\" \/> <img loading=\"lazy\" width=\"575\" height=\"575\" class=\"wp-image-22986 aligncenter\" src=\"http:\/\/cmm.imgw.pl\/wp-content\/uploads\/2023\/02\/word-image-22331-12.jpeg\" srcset=\"https:\/\/cmm.imgw.pl\/wp-content\/uploads\/2023\/02\/word-image-22331-12.jpeg 575w, https:\/\/cmm.imgw.pl\/wp-content\/uploads\/2023\/02\/word-image-22331-12-300x300.jpeg 300w, https:\/\/cmm.imgw.pl\/wp-content\/uploads\/2023\/02\/word-image-22331-12-150x150.jpeg 150w\" sizes=\"(max-width: 575px) 100vw, 575px\" \/><\/p>\n<p><img loading=\"lazy\" width=\"578\" height=\"578\" class=\"wp-image-22987 aligncenter\" src=\"http:\/\/cmm.imgw.pl\/wp-content\/uploads\/2023\/02\/word-image-22331-13.jpeg\" srcset=\"https:\/\/cmm.imgw.pl\/wp-content\/uploads\/2023\/02\/word-image-22331-13.jpeg 578w, https:\/\/cmm.imgw.pl\/wp-content\/uploads\/2023\/02\/word-image-22331-13-300x300.jpeg 300w, https:\/\/cmm.imgw.pl\/wp-content\/uploads\/2023\/02\/word-image-22331-13-150x150.jpeg 150w\" sizes=\"(max-width: 578px) 100vw, 578px\" \/> <img loading=\"lazy\" width=\"575\" height=\"575\" class=\"wp-image-22988 aligncenter\" src=\"http:\/\/cmm.imgw.pl\/wp-content\/uploads\/2023\/02\/word-image-22331-14.jpeg\" srcset=\"https:\/\/cmm.imgw.pl\/wp-content\/uploads\/2023\/02\/word-image-22331-14.jpeg 575w, https:\/\/cmm.imgw.pl\/wp-content\/uploads\/2023\/02\/word-image-22331-14-300x300.jpeg 300w, https:\/\/cmm.imgw.pl\/wp-content\/uploads\/2023\/02\/word-image-22331-14-150x150.jpeg 150w\" sizes=\"(max-width: 575px) 100vw, 575px\" \/><\/p>\n<p>W dzie\u0144 pr\u0119dko\u015b\u0107 wiatru wyniesie 2-30 km\/h. Na zachodzie i cz\u0119\u015bciowo na p\u00f3\u0142nocny kraju kierunek wiatru N i NW wiatru. Na po\u0142udniu i w centrum NW i W oraz W i WSW w po\u0142udniowo wschodniej Polsce. W woj. podlaskim zmienny. W porywach do 50 km\/h na zachodzie kraju i 60 km\/h na po\u0142udniu Polski. W Karpatach do 80-90 km\/h oraz w Sudetach do 110-120 km\/h. W nocy wiatr N i NW, 10-22 km\/h. W nocy porywy os\u0142abn\u0105 do 30-40 km\/h. Na Ba\u0142tyku sztorm.<\/p>\n<p><img loading=\"lazy\" width=\"1075\" height=\"764\" class=\"wp-image-22989 aligncenter\" src=\"http:\/\/cmm.imgw.pl\/wp-content\/uploads\/2023\/02\/word-image-22331-15.gif\"> <img loading=\"lazy\" width=\"1075\" height=\"764\" class=\"wp-image-22990 aligncenter\" src=\"http:\/\/cmm.imgw.pl\/wp-content\/uploads\/2023\/02\/word-image-22331-16.gif\"><\/p>\n<p><img loading=\"lazy\" width=\"1075\" height=\"764\" class=\"wp-image-22991 aligncenter\" src=\"http:\/\/cmm.imgw.pl\/wp-content\/uploads\/2023\/02\/word-image-22331-17.gif\"> <img loading=\"lazy\" width=\"1075\" height=\"764\" class=\"wp-image-22992 aligncenter\" src=\"http:\/\/cmm.imgw.pl\/wp-content\/uploads\/2023\/02\/word-image-22331-18.gif\"><\/p>\n<p>W ci\u0105gu dnia z p\u00f3\u0142nocy na po\u0142udnie przesuwa\u0107 si\u0119 b\u0119dzie front okluzji. W nocy front znajdzie w rejonach Polski po\u0142udniowej. Ni\u017c zaleg\u0105j\u0105cy nad po\u0142udniowym Ba\u0142tykiem przemie\u015bci si\u0119 na wsch\u00f3d i jutro ju\u017c powinien zalega\u0107 nad zachodni\u0105 Rosj\u0105. Ci\u015bnienie w centrum powinno wynie\u015b\u0107 995 hPa. Ni\u017c b\u0119dzie w fazie wype\u0142niania si\u0119. Wy\u017c znad Atlantyku przesunie si\u0119 nad p\u00f3\u0142nocn\u0105 Angli\u0119 i rozbuduje si\u0119 na p\u00f3\u0142nocny wsch\u00f3d. Jutro si\u0119gnie klinem nad Skandynawi\u0119, ale klin szybko si\u0119 rozmyje i ju\u017c z niedzieli na poniedzia\u0142ek nad Skandynawi\u0105 przemieszcza\u0107 si\u0119 b\u0119dzie uk\u0142ad front\u00f3w atmosferycznych. Wy\u017c zacznie rozbudowywa\u0107 si\u0119 na wsch\u00f3d i w poniedzia\u0142ek powinien si\u0119gn\u0105\u0107 klinem nad Polsk\u0119. Znajduj\u0105cy si\u0119 nad Atlantykiem ni\u017c b\u0119dzie si\u0119 pog\u0142\u0119bia\u0142 i jutro w jego centrum ci\u015bnienia powinno wynie\u015b\u0107 955 hPa. Nad Po\u0142udniow\u0105 Europ\u0105 zalega\u0107 powinien p\u0142ytki ni\u017c.<\/p>\n<p><img loading=\"lazy\" width=\"1307\" height=\"1888\" class=\"wp-image-22993 aligncenter\" src=\"http:\/\/cmm.imgw.pl\/wp-content\/uploads\/2023\/02\/word-image-22331-19.gif\"><\/p>\n<p>Ni\u017c przesuwaj\u0105cy si\u0119 nad zachodni\u0105 Rosj\u0119 b\u0119dzie dobrze wyra\u017cony na wysoko\u015bci 5,5 km. Na wysoko\u015bci 500 hPa tak\u017ce bardzo dobrze uwidoczniony wy\u017c znajduj\u0105cy si\u0119 w pobli\u017cu Wielkiej Brytanii. R\u00f3wnie\u017c bardzo g\u0142\u0119boki ni\u017c nad Atlantykiem dobrze wyra\u017cony na wysoko\u015bci 500 hPa, z centrum poni\u017cej 512 gpdam. Z mapy prognostycznej wynika, izotermy zaczn\u0105 odchyla\u0107 si\u0119 na prawo od izohips co oznacza adwekcj\u0119 ciep\u0142a.<\/p>\n<p>Z dzisiejszych nocnym map topografii barycznej TB500 oraz TB700 wynika\u0142a adwekcja ch\u0142odu, w ci\u0105gu najbli\u017cej doby nast\u0105pi adwekcja ciep\u0142a. Zatem na wysoko\u015bci 5,5 km nie nale\u017cy oczekiwa\u0107 zmian temperatury powietrza. Potwierdza to prognoza pola temperatury na wysoko\u015bci 500 hPa.<\/p>\n<p><img loading=\"lazy\" width=\"634\" height=\"490\" class=\"wp-image-22994 aligncenter\" src=\"http:\/\/cmm.imgw.pl\/wp-content\/uploads\/2023\/02\/height-temp-500-hpa-gfs-so-25-02-2023-12-utc.gif\" alt=\"Height\/Temp. 500 hPa GFS so. 25.02.2023 12 UTC\"> <img loading=\"lazy\" width=\"634\" height=\"490\" class=\"wp-image-22995 aligncenter\" src=\"http:\/\/cmm.imgw.pl\/wp-content\/uploads\/2023\/02\/height-temp-500-hpa-gfs-nie-26-02-2023-12-utc.gif\" alt=\"Height\/Temp. 500 hPa GFS nie. 26.02.2023 12 UTC\"><\/p>\n<p>Temperatura powietrza na wysoko\u015bci 5,5 km nie zmieni. Jedynie w po\u0142udniowo wschodniej Polsce temperatura obni\u017cy si\u0119.<\/p>\n<p><img loading=\"lazy\" width=\"600\" height=\"640\" class=\"wp-image-22996 aligncenter\" src=\"http:\/\/cmm.imgw.pl\/wp-content\/uploads\/2023\/02\/word-image-22331-22.png\" srcset=\"https:\/\/cmm.imgw.pl\/wp-content\/uploads\/2023\/02\/word-image-22331-22.png 600w, https:\/\/cmm.imgw.pl\/wp-content\/uploads\/2023\/02\/word-image-22331-22-281x300.png 281w\" sizes=\"(max-width: 600px) 100vw, 600px\" \/> <img loading=\"lazy\" width=\"600\" height=\"640\" class=\"wp-image-22997 aligncenter\" src=\"http:\/\/cmm.imgw.pl\/wp-content\/uploads\/2023\/02\/word-image-22331-23.png\" srcset=\"https:\/\/cmm.imgw.pl\/wp-content\/uploads\/2023\/02\/word-image-22331-23.png 600w, https:\/\/cmm.imgw.pl\/wp-content\/uploads\/2023\/02\/word-image-22331-23-281x300.png 281w\" sizes=\"(max-width: 600px) 100vw, 600px\" \/><\/p>\n<p>Jeste\u015bmy w ch\u0142odniejszej polarno-morskiej masie powietrza nap\u0142ywaj\u0105cej do Polski z p\u00f3\u0142nocnego zachodu.<\/p>\n<p><img loading=\"lazy\" width=\"643\" height=\"643\" class=\"wp-image-22998 aligncenter\" src=\"http:\/\/cmm.imgw.pl\/wp-content\/uploads\/2023\/02\/word-image-22331-24.jpeg\" srcset=\"https:\/\/cmm.imgw.pl\/wp-content\/uploads\/2023\/02\/word-image-22331-24.jpeg 643w, https:\/\/cmm.imgw.pl\/wp-content\/uploads\/2023\/02\/word-image-22331-24-300x300.jpeg 300w, https:\/\/cmm.imgw.pl\/wp-content\/uploads\/2023\/02\/word-image-22331-24-150x150.jpeg 150w, https:\/\/cmm.imgw.pl\/wp-content\/uploads\/2023\/02\/word-image-22331-24-600x600.jpeg 600w\" sizes=\"(max-width: 643px) 100vw, 643px\" \/> <img loading=\"lazy\" width=\"645\" height=\"645\" class=\"wp-image-22999 aligncenter\" src=\"http:\/\/cmm.imgw.pl\/wp-content\/uploads\/2023\/02\/word-image-22331-25.jpeg\" srcset=\"https:\/\/cmm.imgw.pl\/wp-content\/uploads\/2023\/02\/word-image-22331-25.jpeg 645w, https:\/\/cmm.imgw.pl\/wp-content\/uploads\/2023\/02\/word-image-22331-25-300x300.jpeg 300w, https:\/\/cmm.imgw.pl\/wp-content\/uploads\/2023\/02\/word-image-22331-25-150x150.jpeg 150w, https:\/\/cmm.imgw.pl\/wp-content\/uploads\/2023\/02\/word-image-22331-25-600x600.jpeg 600w\" sizes=\"(max-width: 645px) 100vw, 645px\" \/><\/p>\n<p>Temperatura powietrza w dzie\u0144 od 1\u00b0C w p\u00f3\u0142nocno zachodniej Polsce i Zielonej G\u00f3rze do 5\u00b0C w Rzeszowie. W nocy od -1\u00b0C i 0\u00b0C na przewarzaj\u0105cym obszarze kraju do 1\u00b0C w Lublinie.<\/p>\n<p><img loading=\"lazy\" width=\"681\" height=\"641\" class=\"wp-image-23000 aligncenter\" src=\"http:\/\/cmm.imgw.pl\/wp-content\/uploads\/2023\/02\/word-image-22331-26.jpeg\" srcset=\"https:\/\/cmm.imgw.pl\/wp-content\/uploads\/2023\/02\/word-image-22331-26.jpeg 681w, https:\/\/cmm.imgw.pl\/wp-content\/uploads\/2023\/02\/word-image-22331-26-300x282.jpeg 300w\" sizes=\"(max-width: 681px) 100vw, 681px\" \/> <img loading=\"lazy\" width=\"671\" height=\"632\" class=\"wp-image-23001 aligncenter\" src=\"http:\/\/cmm.imgw.pl\/wp-content\/uploads\/2023\/02\/word-image-22331-27.jpeg\" srcset=\"https:\/\/cmm.imgw.pl\/wp-content\/uploads\/2023\/02\/word-image-22331-27.jpeg 671w, https:\/\/cmm.imgw.pl\/wp-content\/uploads\/2023\/02\/word-image-22331-27-300x283.jpeg 300w\" sizes=\"(max-width: 671px) 100vw, 671px\" \/><\/p>\n<p>Temperatura odczuwalna w dzie\u0144 od -5\u00b0C w Koszalinie do 1\u00b0C w Toruniu i Krakowie. W nocy od -10\u00b0C w Suwa\u0142kach i -12\u00b0C w Zakopanem do -4\/-7\u00b0C na pozosta\u0142ym obszarze kraju.<\/p>\n<p><img loading=\"lazy\" width=\"600\" height=\"640\" class=\"wp-image-23002 aligncenter\" src=\"http:\/\/cmm.imgw.pl\/wp-content\/uploads\/2023\/02\/word-image-22331-28.png\" srcset=\"https:\/\/cmm.imgw.pl\/wp-content\/uploads\/2023\/02\/word-image-22331-28.png 600w, https:\/\/cmm.imgw.pl\/wp-content\/uploads\/2023\/02\/word-image-22331-28-281x300.png 281w\" sizes=\"(max-width: 600px) 100vw, 600px\" \/> <img loading=\"lazy\" width=\"600\" height=\"640\" class=\"wp-image-23003 aligncenter\" src=\"http:\/\/cmm.imgw.pl\/wp-content\/uploads\/2023\/02\/word-image-22331-29.png\" srcset=\"https:\/\/cmm.imgw.pl\/wp-content\/uploads\/2023\/02\/word-image-22331-29.png 600w, https:\/\/cmm.imgw.pl\/wp-content\/uploads\/2023\/02\/word-image-22331-29-281x300.png 281w\" sizes=\"(max-width: 600px) 100vw, 600px\" \/> <img loading=\"lazy\" width=\"600\" height=\"640\" class=\"wp-image-23004 aligncenter\" src=\"http:\/\/cmm.imgw.pl\/wp-content\/uploads\/2023\/02\/word-image-22331-30.png\" srcset=\"https:\/\/cmm.imgw.pl\/wp-content\/uploads\/2023\/02\/word-image-22331-30.png 600w, https:\/\/cmm.imgw.pl\/wp-content\/uploads\/2023\/02\/word-image-22331-30-281x300.png 281w\" sizes=\"(max-width: 600px) 100vw, 600px\" \/> <img loading=\"lazy\" width=\"600\" height=\"640\" class=\"wp-image-23005 aligncenter\" src=\"http:\/\/cmm.imgw.pl\/wp-content\/uploads\/2023\/02\/word-image-22331-31.png\" srcset=\"https:\/\/cmm.imgw.pl\/wp-content\/uploads\/2023\/02\/word-image-22331-31.png 600w, https:\/\/cmm.imgw.pl\/wp-content\/uploads\/2023\/02\/word-image-22331-31-281x300.png 281w\" sizes=\"(max-width: 600px) 100vw, 600px\" \/><\/p>\n<p>Pionowy rozk\u0142ad pola wilgotno\u015bci w dzie\u0144 jest nast\u0119puj\u0105cy. Na wysoko\u015bci 1,5 km, 3 km, 5,5 km wilgotno\u015b\u0107 powietrza du\u017ca 90-99% lokalnie ni\u017csza. Na wysoko\u015bci 9 km wilgotno\u015b\u0107 niska, 10-30%.<\/p>\n<p><img loading=\"lazy\" width=\"600\" height=\"640\" class=\"wp-image-23006 aligncenter\" src=\"http:\/\/cmm.imgw.pl\/wp-content\/uploads\/2023\/02\/word-image-22331-32.png\" srcset=\"https:\/\/cmm.imgw.pl\/wp-content\/uploads\/2023\/02\/word-image-22331-32.png 600w, https:\/\/cmm.imgw.pl\/wp-content\/uploads\/2023\/02\/word-image-22331-32-281x300.png 281w\" sizes=\"(max-width: 600px) 100vw, 600px\" \/> <img loading=\"lazy\" width=\"600\" height=\"640\" class=\"wp-image-23007 aligncenter\" src=\"http:\/\/cmm.imgw.pl\/wp-content\/uploads\/2023\/02\/word-image-22331-33.png\" srcset=\"https:\/\/cmm.imgw.pl\/wp-content\/uploads\/2023\/02\/word-image-22331-33.png 600w, https:\/\/cmm.imgw.pl\/wp-content\/uploads\/2023\/02\/word-image-22331-33-281x300.png 281w\" sizes=\"(max-width: 600px) 100vw, 600px\" \/> <img loading=\"lazy\" width=\"600\" height=\"640\" class=\"wp-image-23008 aligncenter\" src=\"http:\/\/cmm.imgw.pl\/wp-content\/uploads\/2023\/02\/word-image-22331-34.png\" srcset=\"https:\/\/cmm.imgw.pl\/wp-content\/uploads\/2023\/02\/word-image-22331-34.png 600w, https:\/\/cmm.imgw.pl\/wp-content\/uploads\/2023\/02\/word-image-22331-34-281x300.png 281w\" sizes=\"(max-width: 600px) 100vw, 600px\" \/> <img loading=\"lazy\" width=\"600\" height=\"640\" class=\"wp-image-23009 aligncenter\" src=\"http:\/\/cmm.imgw.pl\/wp-content\/uploads\/2023\/02\/word-image-22331-35.png\" srcset=\"https:\/\/cmm.imgw.pl\/wp-content\/uploads\/2023\/02\/word-image-22331-35.png 600w, https:\/\/cmm.imgw.pl\/wp-content\/uploads\/2023\/02\/word-image-22331-35-281x300.png 281w\" sizes=\"(max-width: 600px) 100vw, 600px\" \/><\/p>\n<p>W nocy utrzyma si\u0119 podobny profil wilgotno\u015bci. Na wysoko\u015bciach 1,5 km, 3km, 5,5 km wilgotno\u015b\u0107 powietrza du\u017ca. Na poziomie 3 km oraz 5,5 km wyst\u0105pi\u0105 obszary ze zmniejszon\u0105 wilgotno\u015bci\u0105. Na wysoko\u015bci 9 km wilgotno\u015b\u0107 niska. Jedynie na kra\u0144cach po\u0142udniowo wschodnich wzrost wilgotno\u015bci do 80-95%.<\/p>\n<p><img loading=\"lazy\" width=\"623\" height=\"623\" class=\"wp-image-23010 aligncenter\" src=\"http:\/\/cmm.imgw.pl\/wp-content\/uploads\/2023\/02\/word-image-22331-36.jpeg\" srcset=\"https:\/\/cmm.imgw.pl\/wp-content\/uploads\/2023\/02\/word-image-22331-36.jpeg 623w, https:\/\/cmm.imgw.pl\/wp-content\/uploads\/2023\/02\/word-image-22331-36-300x300.jpeg 300w, https:\/\/cmm.imgw.pl\/wp-content\/uploads\/2023\/02\/word-image-22331-36-150x150.jpeg 150w, https:\/\/cmm.imgw.pl\/wp-content\/uploads\/2023\/02\/word-image-22331-36-600x600.jpeg 600w\" sizes=\"(max-width: 623px) 100vw, 623px\" \/> <img loading=\"lazy\" width=\"609\" height=\"609\" class=\"wp-image-23011 aligncenter\" src=\"http:\/\/cmm.imgw.pl\/wp-content\/uploads\/2023\/02\/word-image-22331-37.jpeg\" srcset=\"https:\/\/cmm.imgw.pl\/wp-content\/uploads\/2023\/02\/word-image-22331-37.jpeg 609w, https:\/\/cmm.imgw.pl\/wp-content\/uploads\/2023\/02\/word-image-22331-37-300x300.jpeg 300w, https:\/\/cmm.imgw.pl\/wp-content\/uploads\/2023\/02\/word-image-22331-37-150x150.jpeg 150w, https:\/\/cmm.imgw.pl\/wp-content\/uploads\/2023\/02\/word-image-22331-37-600x600.jpeg 600w\" sizes=\"(max-width: 609px) 100vw, 609px\" \/><\/p>\n<p>W dzie\u0144 wilgotno\u015b\u0107 powietrza na wysoko\u015bci 2 metr\u00f3w od 77% w Rzeszowie do 92% w Olsztynie. W nocy od 74% w Koszalinie do 94% w Rzeszowie.<\/p>\n<p><img loading=\"lazy\" width=\"800\" height=\"800\" class=\"wp-image-23012 aligncenter\" src=\"http:\/\/cmm.imgw.pl\/wp-content\/uploads\/2023\/02\/word-image-22331-38.png\" srcset=\"https:\/\/cmm.imgw.pl\/wp-content\/uploads\/2023\/02\/word-image-22331-38.png 800w, https:\/\/cmm.imgw.pl\/wp-content\/uploads\/2023\/02\/word-image-22331-38-300x300.png 300w, https:\/\/cmm.imgw.pl\/wp-content\/uploads\/2023\/02\/word-image-22331-38-150x150.png 150w, https:\/\/cmm.imgw.pl\/wp-content\/uploads\/2023\/02\/word-image-22331-38-768x768.png 768w, https:\/\/cmm.imgw.pl\/wp-content\/uploads\/2023\/02\/word-image-22331-38-600x600.png 600w\" sizes=\"(max-width: 800px) 100vw, 800px\" \/> <img loading=\"lazy\" width=\"800\" height=\"800\" class=\"wp-image-23013 aligncenter\" src=\"http:\/\/cmm.imgw.pl\/wp-content\/uploads\/2023\/02\/word-image-22331-39.png\" srcset=\"https:\/\/cmm.imgw.pl\/wp-content\/uploads\/2023\/02\/word-image-22331-39.png 800w, https:\/\/cmm.imgw.pl\/wp-content\/uploads\/2023\/02\/word-image-22331-39-300x300.png 300w, https:\/\/cmm.imgw.pl\/wp-content\/uploads\/2023\/02\/word-image-22331-39-150x150.png 150w, https:\/\/cmm.imgw.pl\/wp-content\/uploads\/2023\/02\/word-image-22331-39-768x768.png 768w, https:\/\/cmm.imgw.pl\/wp-content\/uploads\/2023\/02\/word-image-22331-39-600x600.png 600w\" sizes=\"(max-width: 800px) 100vw, 800px\" \/><\/p>\n<p>Zachmurzenie og\u00f3lne du\u017ce i ca\u0142kowite. Mo\u017cliwe przeja\u015bnienia.<\/p>\n<p><img loading=\"lazy\" width=\"800\" height=\"800\" class=\"wp-image-23014 aligncenter\" src=\"http:\/\/cmm.imgw.pl\/wp-content\/uploads\/2023\/02\/word-image-22331-40.png\" srcset=\"https:\/\/cmm.imgw.pl\/wp-content\/uploads\/2023\/02\/word-image-22331-40.png 800w, https:\/\/cmm.imgw.pl\/wp-content\/uploads\/2023\/02\/word-image-22331-40-300x300.png 300w, https:\/\/cmm.imgw.pl\/wp-content\/uploads\/2023\/02\/word-image-22331-40-150x150.png 150w, https:\/\/cmm.imgw.pl\/wp-content\/uploads\/2023\/02\/word-image-22331-40-768x768.png 768w, https:\/\/cmm.imgw.pl\/wp-content\/uploads\/2023\/02\/word-image-22331-40-600x600.png 600w\" sizes=\"(max-width: 800px) 100vw, 800px\" \/> <img loading=\"lazy\" width=\"800\" height=\"800\" class=\"wp-image-23015 aligncenter\" src=\"http:\/\/cmm.imgw.pl\/wp-content\/uploads\/2023\/02\/word-image-22331-41.png\" srcset=\"https:\/\/cmm.imgw.pl\/wp-content\/uploads\/2023\/02\/word-image-22331-41.png 800w, https:\/\/cmm.imgw.pl\/wp-content\/uploads\/2023\/02\/word-image-22331-41-300x300.png 300w, https:\/\/cmm.imgw.pl\/wp-content\/uploads\/2023\/02\/word-image-22331-41-150x150.png 150w, https:\/\/cmm.imgw.pl\/wp-content\/uploads\/2023\/02\/word-image-22331-41-768x768.png 768w, https:\/\/cmm.imgw.pl\/wp-content\/uploads\/2023\/02\/word-image-22331-41-600x600.png 600w\" sizes=\"(max-width: 800px) 100vw, 800px\" \/><\/p>\n<p>Zachmurzenie pi\u0119tra niskiego du\u017ce i ca\u0142kowite. Mo\u017cliwe przeja\u015bnienia. Na niebie Stratocumulus, Stratus.<\/p>\n<p>Na niebie dominowa\u0107 b\u0119d\u0105 chmury Cumulus oraz Cumulonimbus.<\/p>\n<p><img loading=\"lazy\" width=\"800\" height=\"800\" class=\"wp-image-23016 aligncenter\" src=\"http:\/\/cmm.imgw.pl\/wp-content\/uploads\/2023\/02\/word-image-22331-42.png\" srcset=\"https:\/\/cmm.imgw.pl\/wp-content\/uploads\/2023\/02\/word-image-22331-42.png 800w, https:\/\/cmm.imgw.pl\/wp-content\/uploads\/2023\/02\/word-image-22331-42-300x300.png 300w, https:\/\/cmm.imgw.pl\/wp-content\/uploads\/2023\/02\/word-image-22331-42-150x150.png 150w, https:\/\/cmm.imgw.pl\/wp-content\/uploads\/2023\/02\/word-image-22331-42-768x768.png 768w, https:\/\/cmm.imgw.pl\/wp-content\/uploads\/2023\/02\/word-image-22331-42-600x600.png 600w\" sizes=\"(max-width: 800px) 100vw, 800px\" \/> <img loading=\"lazy\" width=\"800\" height=\"800\" class=\"wp-image-23017 aligncenter\" src=\"http:\/\/cmm.imgw.pl\/wp-content\/uploads\/2023\/02\/word-image-22331-43.png\" srcset=\"https:\/\/cmm.imgw.pl\/wp-content\/uploads\/2023\/02\/word-image-22331-43.png 800w, https:\/\/cmm.imgw.pl\/wp-content\/uploads\/2023\/02\/word-image-22331-43-300x300.png 300w, https:\/\/cmm.imgw.pl\/wp-content\/uploads\/2023\/02\/word-image-22331-43-150x150.png 150w, https:\/\/cmm.imgw.pl\/wp-content\/uploads\/2023\/02\/word-image-22331-43-768x768.png 768w, https:\/\/cmm.imgw.pl\/wp-content\/uploads\/2023\/02\/word-image-22331-43-600x600.png 600w\" sizes=\"(max-width: 800px) 100vw, 800px\" \/><\/p>\n<p>Zachmurzenie pi\u0119tra \u015bredniego du\u017ce i ca\u0142kowite. Mo\u017cliwe przeja\u015bnienia. Na niebie Altocumulus, Altostratus.<\/p>\n<p><img loading=\"lazy\" width=\"800\" height=\"800\" class=\"wp-image-23018 aligncenter\" src=\"http:\/\/cmm.imgw.pl\/wp-content\/uploads\/2023\/02\/word-image-22331-44.png\" srcset=\"https:\/\/cmm.imgw.pl\/wp-content\/uploads\/2023\/02\/word-image-22331-44.png 800w, https:\/\/cmm.imgw.pl\/wp-content\/uploads\/2023\/02\/word-image-22331-44-300x300.png 300w, https:\/\/cmm.imgw.pl\/wp-content\/uploads\/2023\/02\/word-image-22331-44-150x150.png 150w, https:\/\/cmm.imgw.pl\/wp-content\/uploads\/2023\/02\/word-image-22331-44-768x768.png 768w, https:\/\/cmm.imgw.pl\/wp-content\/uploads\/2023\/02\/word-image-22331-44-600x600.png 600w\" sizes=\"(max-width: 800px) 100vw, 800px\" \/> <img loading=\"lazy\" width=\"800\" height=\"800\" class=\"wp-image-23019 aligncenter\" src=\"http:\/\/cmm.imgw.pl\/wp-content\/uploads\/2023\/02\/word-image-22331-45.png\" srcset=\"https:\/\/cmm.imgw.pl\/wp-content\/uploads\/2023\/02\/word-image-22331-45.png 800w, https:\/\/cmm.imgw.pl\/wp-content\/uploads\/2023\/02\/word-image-22331-45-300x300.png 300w, https:\/\/cmm.imgw.pl\/wp-content\/uploads\/2023\/02\/word-image-22331-45-150x150.png 150w, https:\/\/cmm.imgw.pl\/wp-content\/uploads\/2023\/02\/word-image-22331-45-768x768.png 768w, https:\/\/cmm.imgw.pl\/wp-content\/uploads\/2023\/02\/word-image-22331-45-600x600.png 600w\" sizes=\"(max-width: 800px) 100vw, 800px\" \/><\/p>\n<p>Zachmurzenie pi\u0119tra wysokiego jedynie w p\u00f3\u0142nocnym obszarze kraju. W nocy dodatkowo w rejonie po\u0142udniowo wschodniej Polski. Na niebie Cirrus fibratus. W nocy po\u0142udniowo wschodniej cz\u0119\u015bci kraju Cirrus fibratus oraz Cirrostratus fibratus.<\/p>\n<p><img loading=\"lazy\" width=\"484\" height=\"484\" class=\"wp-image-23020 aligncenter\" src=\"http:\/\/cmm.imgw.pl\/wp-content\/uploads\/2023\/02\/word-image-22331-46.jpeg\" srcset=\"https:\/\/cmm.imgw.pl\/wp-content\/uploads\/2023\/02\/word-image-22331-46.jpeg 484w, https:\/\/cmm.imgw.pl\/wp-content\/uploads\/2023\/02\/word-image-22331-46-300x300.jpeg 300w, https:\/\/cmm.imgw.pl\/wp-content\/uploads\/2023\/02\/word-image-22331-46-150x150.jpeg 150w\" sizes=\"(max-width: 484px) 100vw, 484px\" \/> <img loading=\"lazy\" width=\"483\" height=\"483\" class=\"wp-image-23021 aligncenter\" src=\"http:\/\/cmm.imgw.pl\/wp-content\/uploads\/2023\/02\/word-image-22331-47.jpeg\" srcset=\"https:\/\/cmm.imgw.pl\/wp-content\/uploads\/2023\/02\/word-image-22331-47.jpeg 483w, https:\/\/cmm.imgw.pl\/wp-content\/uploads\/2023\/02\/word-image-22331-47-300x300.jpeg 300w, https:\/\/cmm.imgw.pl\/wp-content\/uploads\/2023\/02\/word-image-22331-47-150x150.jpeg 150w\" sizes=\"(max-width: 483px) 100vw, 483px\" \/> <img loading=\"lazy\" width=\"411\" height=\"411\" class=\"wp-image-23022 aligncenter\" src=\"http:\/\/cmm.imgw.pl\/wp-content\/uploads\/2023\/02\/word-image-22331-48.jpeg\" srcset=\"https:\/\/cmm.imgw.pl\/wp-content\/uploads\/2023\/02\/word-image-22331-48.jpeg 411w, https:\/\/cmm.imgw.pl\/wp-content\/uploads\/2023\/02\/word-image-22331-48-300x300.jpeg 300w, https:\/\/cmm.imgw.pl\/wp-content\/uploads\/2023\/02\/word-image-22331-48-150x150.jpeg 150w\" sizes=\"(max-width: 411px) 100vw, 411px\" \/> <img loading=\"lazy\" width=\"444\" height=\"444\" class=\"wp-image-23023 aligncenter\" src=\"http:\/\/cmm.imgw.pl\/wp-content\/uploads\/2023\/02\/word-image-22331-49.jpeg\" srcset=\"https:\/\/cmm.imgw.pl\/wp-content\/uploads\/2023\/02\/word-image-22331-49.jpeg 444w, https:\/\/cmm.imgw.pl\/wp-content\/uploads\/2023\/02\/word-image-22331-49-300x300.jpeg 300w, https:\/\/cmm.imgw.pl\/wp-content\/uploads\/2023\/02\/word-image-22331-49-150x150.jpeg 150w\" sizes=\"(max-width: 444px) 100vw, 444px\" \/> <img loading=\"lazy\" width=\"461\" height=\"461\" class=\"wp-image-23024 aligncenter\" src=\"http:\/\/cmm.imgw.pl\/wp-content\/uploads\/2023\/02\/word-image-22331-50.jpeg\" srcset=\"https:\/\/cmm.imgw.pl\/wp-content\/uploads\/2023\/02\/word-image-22331-50.jpeg 461w, https:\/\/cmm.imgw.pl\/wp-content\/uploads\/2023\/02\/word-image-22331-50-300x300.jpeg 300w, https:\/\/cmm.imgw.pl\/wp-content\/uploads\/2023\/02\/word-image-22331-50-150x150.jpeg 150w\" sizes=\"(max-width: 461px) 100vw, 461px\" \/> <img loading=\"lazy\" width=\"455\" height=\"455\" class=\"wp-image-23025 aligncenter\" src=\"http:\/\/cmm.imgw.pl\/wp-content\/uploads\/2023\/02\/word-image-22331-51.jpeg\" srcset=\"https:\/\/cmm.imgw.pl\/wp-content\/uploads\/2023\/02\/word-image-22331-51.jpeg 455w, https:\/\/cmm.imgw.pl\/wp-content\/uploads\/2023\/02\/word-image-22331-51-300x300.jpeg 300w, https:\/\/cmm.imgw.pl\/wp-content\/uploads\/2023\/02\/word-image-22331-51-150x150.jpeg 150w\" sizes=\"(max-width: 455px) 100vw, 455px\" \/> <img loading=\"lazy\" width=\"448\" height=\"448\" class=\"wp-image-23026 aligncenter\" src=\"http:\/\/cmm.imgw.pl\/wp-content\/uploads\/2023\/02\/word-image-22331-52.jpeg\" srcset=\"https:\/\/cmm.imgw.pl\/wp-content\/uploads\/2023\/02\/word-image-22331-52.jpeg 448w, https:\/\/cmm.imgw.pl\/wp-content\/uploads\/2023\/02\/word-image-22331-52-300x300.jpeg 300w, https:\/\/cmm.imgw.pl\/wp-content\/uploads\/2023\/02\/word-image-22331-52-150x150.jpeg 150w\" sizes=\"(max-width: 448px) 100vw, 448px\" \/> <img loading=\"lazy\" width=\"446\" height=\"446\" class=\"wp-image-23027 aligncenter\" src=\"http:\/\/cmm.imgw.pl\/wp-content\/uploads\/2023\/02\/word-image-22331-53.jpeg\" srcset=\"https:\/\/cmm.imgw.pl\/wp-content\/uploads\/2023\/02\/word-image-22331-53.jpeg 446w, https:\/\/cmm.imgw.pl\/wp-content\/uploads\/2023\/02\/word-image-22331-53-300x300.jpeg 300w, https:\/\/cmm.imgw.pl\/wp-content\/uploads\/2023\/02\/word-image-22331-53-150x150.jpeg 150w\" sizes=\"(max-width: 446px) 100vw, 446px\" \/> <img loading=\"lazy\" width=\"431\" height=\"431\" class=\"wp-image-23028 aligncenter\" src=\"http:\/\/cmm.imgw.pl\/wp-content\/uploads\/2023\/02\/word-image-22331-54.jpeg\" srcset=\"https:\/\/cmm.imgw.pl\/wp-content\/uploads\/2023\/02\/word-image-22331-54.jpeg 431w, https:\/\/cmm.imgw.pl\/wp-content\/uploads\/2023\/02\/word-image-22331-54-300x300.jpeg 300w, https:\/\/cmm.imgw.pl\/wp-content\/uploads\/2023\/02\/word-image-22331-54-150x150.jpeg 150w\" sizes=\"(max-width: 431px) 100vw, 431px\" \/> <img loading=\"lazy\" width=\"427\" height=\"427\" class=\"wp-image-23029 aligncenter\" src=\"http:\/\/cmm.imgw.pl\/wp-content\/uploads\/2023\/02\/word-image-22331-55.jpeg\" srcset=\"https:\/\/cmm.imgw.pl\/wp-content\/uploads\/2023\/02\/word-image-22331-55.jpeg 427w, https:\/\/cmm.imgw.pl\/wp-content\/uploads\/2023\/02\/word-image-22331-55-300x300.jpeg 300w, https:\/\/cmm.imgw.pl\/wp-content\/uploads\/2023\/02\/word-image-22331-55-150x150.jpeg 150w\" sizes=\"(max-width: 427px) 100vw, 427px\" \/> <img loading=\"lazy\" width=\"412\" height=\"412\" class=\"wp-image-23030 aligncenter\" src=\"http:\/\/cmm.imgw.pl\/wp-content\/uploads\/2023\/02\/word-image-22331-56.jpeg\" srcset=\"https:\/\/cmm.imgw.pl\/wp-content\/uploads\/2023\/02\/word-image-22331-56.jpeg 412w, https:\/\/cmm.imgw.pl\/wp-content\/uploads\/2023\/02\/word-image-22331-56-300x300.jpeg 300w, https:\/\/cmm.imgw.pl\/wp-content\/uploads\/2023\/02\/word-image-22331-56-150x150.jpeg 150w\" sizes=\"(max-width: 412px) 100vw, 412px\" \/><\/p>\n<p>Opady deszczu, deszczu ze \u015bniegiem, \u015bniegu. Opady o charakterze ci\u0105g\u0142ym charakteryzuj\u0105cych si\u0119 sta\u0142a intensywno\u015bci\u0105 i opady przelotne i du\u017cej zmienno\u015bci nat\u0119\u017cenia i wi\u0119kszymi rozmiarami cz\u0105stek opadowych (w tym pi\u0119knych du\u017cych p\u0142atk\u00f3w \u015bniegu) oraz nag\u0142ym rozpocz\u0119ciem i zako\u0144czeniem. Opady w fazie ciek\u0142ej b\u0119d\u0105 powoli zanika\u0107, a dominowa\u0107 b\u0119d\u0105 opady \u015bniegu. Lokalnie opady o umiarkowanej i du\u017cej intensywno\u015bci.<\/p>\n<p><img loading=\"lazy\" width=\"516\" height=\"516\" class=\"wp-image-23031 aligncenter\" src=\"http:\/\/cmm.imgw.pl\/wp-content\/uploads\/2023\/02\/word-image-22331-57.png\" srcset=\"https:\/\/cmm.imgw.pl\/wp-content\/uploads\/2023\/02\/word-image-22331-57.png 516w, https:\/\/cmm.imgw.pl\/wp-content\/uploads\/2023\/02\/word-image-22331-57-300x300.png 300w, https:\/\/cmm.imgw.pl\/wp-content\/uploads\/2023\/02\/word-image-22331-57-150x150.png 150w\" sizes=\"(max-width: 516px) 100vw, 516px\" \/> <img loading=\"lazy\" width=\"548\" height=\"548\" class=\"wp-image-23032 aligncenter\" src=\"http:\/\/cmm.imgw.pl\/wp-content\/uploads\/2023\/02\/word-image-22331-58.png\" srcset=\"https:\/\/cmm.imgw.pl\/wp-content\/uploads\/2023\/02\/word-image-22331-58.png 548w, https:\/\/cmm.imgw.pl\/wp-content\/uploads\/2023\/02\/word-image-22331-58-300x300.png 300w, https:\/\/cmm.imgw.pl\/wp-content\/uploads\/2023\/02\/word-image-22331-58-150x150.png 150w\" sizes=\"(max-width: 548px) 100vw, 548px\" \/> <img loading=\"lazy\" width=\"544\" height=\"544\" class=\"wp-image-23033 aligncenter\" src=\"http:\/\/cmm.imgw.pl\/wp-content\/uploads\/2023\/02\/word-image-22331-59.png\" srcset=\"https:\/\/cmm.imgw.pl\/wp-content\/uploads\/2023\/02\/word-image-22331-59.png 544w, https:\/\/cmm.imgw.pl\/wp-content\/uploads\/2023\/02\/word-image-22331-59-300x300.png 300w, https:\/\/cmm.imgw.pl\/wp-content\/uploads\/2023\/02\/word-image-22331-59-150x150.png 150w\" sizes=\"(max-width: 544px) 100vw, 544px\" \/> <img loading=\"lazy\" width=\"552\" height=\"552\" class=\"wp-image-23034 aligncenter\" src=\"http:\/\/cmm.imgw.pl\/wp-content\/uploads\/2023\/02\/word-image-22331-60.png\" srcset=\"https:\/\/cmm.imgw.pl\/wp-content\/uploads\/2023\/02\/word-image-22331-60.png 552w, https:\/\/cmm.imgw.pl\/wp-content\/uploads\/2023\/02\/word-image-22331-60-300x300.png 300w, https:\/\/cmm.imgw.pl\/wp-content\/uploads\/2023\/02\/word-image-22331-60-150x150.png 150w\" sizes=\"(max-width: 552px) 100vw, 552px\" \/><\/p>\n<p>W strefie opad\u00f3w, w szczeg\u00f3lno\u015bci mieszanych i \u015bniegu, ograniczenie widzialno\u015bci do 1,5-3 km. Podczas intensywnych opad\u00f3w \u015bniegu lub opad\u00f3w mieszanych widzialno\u015b\u0107 spadnie do 400-500 metr\u00f3w.<\/p>\n<p><img loading=\"lazy\" width=\"619\" height=\"619\" class=\"wp-image-23035 aligncenter\" src=\"http:\/\/cmm.imgw.pl\/wp-content\/uploads\/2023\/02\/word-image-22331-61.png\" srcset=\"https:\/\/cmm.imgw.pl\/wp-content\/uploads\/2023\/02\/word-image-22331-61.png 619w, https:\/\/cmm.imgw.pl\/wp-content\/uploads\/2023\/02\/word-image-22331-61-300x300.png 300w, https:\/\/cmm.imgw.pl\/wp-content\/uploads\/2023\/02\/word-image-22331-61-150x150.png 150w, https:\/\/cmm.imgw.pl\/wp-content\/uploads\/2023\/02\/word-image-22331-61-600x600.png 600w\" sizes=\"(max-width: 619px) 100vw, 619px\" \/><\/p>\n<p>Na po\u0142udniu kraju mo\u017cliwe (prawdopodobie\u0144stwo 30%) wy\u0142adowania atmosferyczne. W po\u0142udniowo wschodnim sektorze tak\u017ce nie mo\u017cna wykluczy\u0107 pojedynczych wy\u0142adowa\u0144 mi\u0119dzychmurowych.<\/p>","protected":false},"excerpt":{"rendered":"<p>Komentarz do numerycznych prognoz pogody opracowany w Centrum Modelowania Meteorologicznego IMGW-PIB.<\/p>\n","protected":false},"author":3,"featured_media":0,"comment_status":"closed","ping_status":"open","sticky":false,"template":"","format":"standard","meta":{"ocean_post_layout":"","ocean_both_sidebars_style":"","ocean_both_sidebars_content_width":0,"ocean_both_sidebars_sidebars_width":0,"ocean_sidebar":"0","ocean_second_sidebar":"0","ocean_disable_margins":"enable","ocean_add_body_class":"","ocean_shortcode_before_top_bar":"","ocean_shortcode_after_top_bar":"","ocean_shortcode_before_header":"","ocean_shortcode_after_header":"","ocean_has_shortcode":"","ocean_shortcode_after_title":"","ocean_shortcode_before_footer_widgets":"","ocean_shortcode_after_footer_widgets":"","ocean_shortcode_before_footer_bottom":"","ocean_shortcode_after_footer_bottom":"","ocean_display_top_bar":"default","ocean_display_header":"default","ocean_header_style":"","ocean_center_header_left_menu":"0","ocean_custom_header_template":"0","ocean_custom_logo":0,"ocean_custom_retina_logo":0,"ocean_custom_logo_max_width":0,"ocean_custom_logo_tablet_max_width":0,"ocean_custom_logo_mobile_max_width":0,"ocean_custom_logo_max_height":0,"ocean_custom_logo_tablet_max_height":0,"ocean_custom_logo_mobile_max_height":0,"ocean_header_custom_menu":"0","ocean_menu_typo_font_family":"0","ocean_menu_typo_font_subset":"","ocean_menu_typo_font_size":0,"ocean_menu_typo_font_size_tablet":0,"ocean_menu_typo_font_size_mobile":0,"ocean_menu_typo_font_size_unit":"px","ocean_menu_typo_font_weight":"","ocean_menu_typo_font_weight_tablet":"","ocean_menu_typo_font_weight_mobile":"","ocean_menu_typo_transform":"","ocean_menu_typo_transform_tablet":"","ocean_menu_typo_transform_mobile":"","ocean_menu_typo_line_height":0,"ocean_menu_typo_line_height_tablet":0,"ocean_menu_typo_line_height_mobile":0,"ocean_menu_typo_line_height_unit":"","ocean_menu_typo_spacing":0,"ocean_menu_typo_spacing_tablet":0,"ocean_menu_typo_spacing_mobile":0,"ocean_menu_typo_spacing_unit":"","ocean_menu_link_color":"","ocean_menu_link_color_hover":"","ocean_menu_link_color_active":"","ocean_menu_link_background":"","ocean_menu_link_hover_background":"","ocean_menu_link_active_background":"","ocean_menu_social_links_bg":"","ocean_menu_social_hover_links_bg":"","ocean_menu_social_links_color":"","ocean_menu_social_hover_links_color":"","ocean_disable_title":"default","ocean_disable_heading":"default","ocean_post_title":"","ocean_post_subheading":"","ocean_post_title_style":"","ocean_post_title_background_color":"","ocean_post_title_background":0,"ocean_post_title_bg_image_position":"","ocean_post_title_bg_image_attachment":"","ocean_post_title_bg_image_repeat":"","ocean_post_title_bg_image_size":"","ocean_post_title_height":0,"ocean_post_title_bg_overlay":0.5,"ocean_post_title_bg_overlay_color":"","ocean_disable_breadcrumbs":"default","ocean_breadcrumbs_color":"","ocean_breadcrumbs_separator_color":"","ocean_breadcrumbs_links_color":"","ocean_breadcrumbs_links_hover_color":"","ocean_display_footer_widgets":"default","ocean_display_footer_bottom":"default","ocean_custom_footer_template":"0","ocean_post_oembed":"","ocean_post_self_hosted_media":"","ocean_post_video_embed":"","ocean_link_format":"","ocean_link_format_target":"self","ocean_quote_format":"","ocean_quote_format_link":"post","ocean_gallery_link_images":"on","ocean_gallery_id":[]},"categories":[93],"tags":[68,95,85,73,97,98,76,94,99,71,96,79],"yoast_head":"<!-- This site is optimized with the Yoast SEO plugin v19.5.1 - https:\/\/yoast.com\/wordpress\/plugins\/seo\/ -->\n<title>Komentarz do numerycznych prognoz pogody (25.02.2023) - Laboratorium Modelowania Meteorologicznego CMOK IMGW-PIB<\/title>\n<meta name=\"description\" content=\"Komentarz do numerycznych prognoz pogody opracowany w Centrum Modelowania Meteorologicznego IMGW-PIB.\" \/>\n<meta name=\"robots\" content=\"index, follow, max-snippet:-1, max-image-preview:large, max-video-preview:-1\" \/>\n<link rel=\"canonical\" href=\"https:\/\/cmm.imgw.pl\/?p=22331\" \/>\n<meta property=\"og:locale\" content=\"pl_PL\" \/>\n<meta property=\"og:type\" content=\"article\" \/>\n<meta property=\"og:title\" content=\"Komentarz do numerycznych prognoz pogody (25.02.2023)\" \/>\n<meta property=\"og:description\" content=\"Komentarz do numerycznych prognoz pogody opracowany w Centrum Modelowania Meteorologicznego IMGW-PIB\" \/>\n<meta property=\"og:url\" content=\"https:\/\/cmm.imgw.pl\/?p=22331\" \/>\n<meta property=\"og:site_name\" content=\"Laboratorium Modelowania Meteorologicznego CMOK IMGW-PIB\" \/>\n<meta property=\"article:publisher\" content=\"https:\/\/www.facebook.com\/Meteoimgw\/\" \/>\n<meta property=\"article:published_time\" content=\"2023-02-25T13:07:12+00:00\" \/>\n<meta property=\"article:modified_time\" content=\"2023-02-26T09:43:59+00:00\" \/>\n<meta property=\"og:image\" content=\"http:\/\/cmm.imgw.pl\/wp-content\/uploads\/2023\/02\/komentarz4.png\" \/>\n\t<meta property=\"og:image:width\" content=\"1280\" \/>\n\t<meta property=\"og:image:height\" content=\"720\" \/>\n\t<meta property=\"og:image:type\" content=\"image\/png\" \/>\n<meta name=\"author\" content=\"CMM\" \/>\n<meta name=\"twitter:card\" content=\"summary_large_image\" \/>\n<meta name=\"twitter:title\" content=\"Komentarz do numerycznych prognoz pogody (25.02.2023)\" \/>\n<meta name=\"twitter:description\" content=\"Komentarz do numerycznych prognoz pogody opracowany w Centrum Modelowania Meteorologicznego IMGW-PIB\" \/>\n<meta name=\"twitter:image\" content=\"https:\/\/cmm.imgw.pl\/wp-content\/uploads\/2023\/02\/komentarz4.png\" \/>\n<meta name=\"twitter:creator\" content=\"@IMGW_CMM\" \/>\n<meta name=\"twitter:site\" content=\"@IMGW_CMM\" \/>\n<meta name=\"twitter:label1\" content=\"Napisane przez\" \/>\n\t<meta name=\"twitter:data1\" content=\"CMM\" \/>\n\t<meta name=\"twitter:label2\" content=\"Szacowany czas czytania\" \/>\n\t<meta name=\"twitter:data2\" content=\"19 minut\" \/>\n<script type=\"application\/ld+json\" class=\"yoast-schema-graph\">{\"@context\":\"https:\/\/schema.org\",\"@graph\":[{\"@type\":\"Article\",\"@id\":\"https:\/\/cmm.imgw.pl\/?p=22331#article\",\"isPartOf\":{\"@id\":\"https:\/\/cmm.imgw.pl\/?p=22331\"},\"author\":{\"name\":\"CMM\",\"@id\":\"https:\/\/cmm.imgw.pl\/#\/schema\/person\/a24a37fe434fe76b0f5791e6bd3fdb46\"},\"headline\":\"Komentarz do numerycznych prognoz pogody (25.02.2023)\",\"datePublished\":\"2023-02-25T13:07:12+00:00\",\"dateModified\":\"2023-02-26T09:43:59+00:00\",\"mainEntityOfPage\":{\"@id\":\"https:\/\/cmm.imgw.pl\/?p=22331\"},\"wordCount\":1360,\"publisher\":{\"@id\":\"https:\/\/cmm.imgw.pl\/#organization\"},\"keywords\":[\"cmm\",\"Cosmo\",\"imgw\",\"klimat\",\"komentarz\",\"komentarz pogodowy\",\"meteorologia\",\"NMP\",\"NPP\",\"pogoda\",\"prognoza pogody\",\"zima\"],\"articleSection\":[\"Komentarz\"],\"inLanguage\":\"pl-PL\"},{\"@type\":\"WebPage\",\"@id\":\"https:\/\/cmm.imgw.pl\/?p=22331\",\"url\":\"https:\/\/cmm.imgw.pl\/?p=22331\",\"name\":\"Komentarz do numerycznych prognoz pogody (25.02.2023) - Laboratorium Modelowania Meteorologicznego CMOK IMGW-PIB\",\"isPartOf\":{\"@id\":\"https:\/\/cmm.imgw.pl\/#website\"},\"datePublished\":\"2023-02-25T13:07:12+00:00\",\"dateModified\":\"2023-02-26T09:43:59+00:00\",\"description\":\"Komentarz do numerycznych prognoz pogody opracowany w Centrum Modelowania Meteorologicznego IMGW-PIB.\",\"breadcrumb\":{\"@id\":\"https:\/\/cmm.imgw.pl\/?p=22331#breadcrumb\"},\"inLanguage\":\"pl-PL\",\"potentialAction\":[{\"@type\":\"ReadAction\",\"target\":[\"https:\/\/cmm.imgw.pl\/?p=22331\"]}]},{\"@type\":\"BreadcrumbList\",\"@id\":\"https:\/\/cmm.imgw.pl\/?p=22331#breadcrumb\",\"itemListElement\":[{\"@type\":\"ListItem\",\"position\":1,\"name\":\"Home\",\"item\":\"https:\/\/cmm.imgw.pl\/\"},{\"@type\":\"ListItem\",\"position\":2,\"name\":\"Komentarz do numerycznych prognoz pogody (25.02.2023)\"}]},{\"@type\":\"WebSite\",\"@id\":\"https:\/\/cmm.imgw.pl\/#website\",\"url\":\"https:\/\/cmm.imgw.pl\/\",\"name\":\"Laboratorium Modelowania Meteorologicznego CMOK IMGW-PIB\",\"description\":\"CMOK-LMM Laboratorium pe\u0142ni pa\u0144stwow\u0105 s\u0142u\u017cb\u0119 hydrologiczno-meteorologiczn\u0105 w zakresie numerycznych prognoz pogody, kt\u00f3rego zadaniem jest konsolidacja kompetencji w obszarze modelowania zjawisk pogodowych oraz dalszego rozwoju numerycznych modeli pogody (NMP).\",\"publisher\":{\"@id\":\"https:\/\/cmm.imgw.pl\/#organization\"},\"potentialAction\":[{\"@type\":\"SearchAction\",\"target\":{\"@type\":\"EntryPoint\",\"urlTemplate\":\"https:\/\/cmm.imgw.pl\/?s={search_term_string}\"},\"query-input\":\"required name=search_term_string\"}],\"inLanguage\":\"pl-PL\"},{\"@type\":\"Organization\",\"@id\":\"https:\/\/cmm.imgw.pl\/#organization\",\"name\":\"Laboratorium Modelowania Meteorologicznego CMOK IMGW-PIB\",\"url\":\"https:\/\/cmm.imgw.pl\/\",\"sameAs\":[\"https:\/\/www.facebook.com\/Meteoimgw\/\",\"https:\/\/twitter.com\/IMGW_CMM\"],\"logo\":{\"@type\":\"ImageObject\",\"inLanguage\":\"pl-PL\",\"@id\":\"https:\/\/cmm.imgw.pl\/#\/schema\/logo\/image\/\",\"url\":\"https:\/\/cmm.imgw.pl\/wp-content\/uploads\/2025\/10\/MODELE_LOGO_UNIFIKACJA_v2.png\",\"contentUrl\":\"https:\/\/cmm.imgw.pl\/wp-content\/uploads\/2025\/10\/MODELE_LOGO_UNIFIKACJA_v2.png\",\"width\":1356,\"height\":365,\"caption\":\"Laboratorium Modelowania Meteorologicznego CMOK IMGW-PIB\"},\"image\":{\"@id\":\"https:\/\/cmm.imgw.pl\/#\/schema\/logo\/image\/\"}},{\"@type\":\"Person\",\"@id\":\"https:\/\/cmm.imgw.pl\/#\/schema\/person\/a24a37fe434fe76b0f5791e6bd3fdb46\",\"name\":\"CMM\",\"image\":{\"@type\":\"ImageObject\",\"inLanguage\":\"pl-PL\",\"@id\":\"https:\/\/cmm.imgw.pl\/#\/schema\/person\/image\/\",\"url\":\"https:\/\/secure.gravatar.com\/avatar\/9248ea2273711f1cd09d6bd45867dbfb?s=96&d=blank&r=g\",\"contentUrl\":\"https:\/\/secure.gravatar.com\/avatar\/9248ea2273711f1cd09d6bd45867dbfb?s=96&d=blank&r=g\",\"caption\":\"CMM\"},\"sameAs\":[\"http:\/\/cmm.imgw.pl\"],\"url\":\"https:\/\/cmm.imgw.pl\/?author=3\"}]}<\/script>\n<!-- \/ Yoast SEO plugin. -->","yoast_head_json":{"title":"Komentarz do numerycznych prognoz pogody (25.02.2023) - Laboratorium Modelowania Meteorologicznego CMOK IMGW-PIB","description":"Komentarz do numerycznych prognoz pogody opracowany w Centrum Modelowania Meteorologicznego IMGW-PIB.","robots":{"index":"index","follow":"follow","max-snippet":"max-snippet:-1","max-image-preview":"max-image-preview:large","max-video-preview":"max-video-preview:-1"},"canonical":"https:\/\/cmm.imgw.pl\/?p=22331","og_locale":"pl_PL","og_type":"article","og_title":"Komentarz do numerycznych prognoz pogody (25.02.2023)","og_description":"Komentarz do numerycznych prognoz pogody opracowany w Centrum Modelowania Meteorologicznego IMGW-PIB","og_url":"https:\/\/cmm.imgw.pl\/?p=22331","og_site_name":"Laboratorium Modelowania Meteorologicznego CMOK IMGW-PIB","article_publisher":"https:\/\/www.facebook.com\/Meteoimgw\/","article_published_time":"2023-02-25T13:07:12+00:00","article_modified_time":"2023-02-26T09:43:59+00:00","og_image":[{"width":1280,"height":720,"url":"http:\/\/cmm.imgw.pl\/wp-content\/uploads\/2023\/02\/komentarz4.png","type":"image\/png"}],"author":"CMM","twitter_card":"summary_large_image","twitter_title":"Komentarz do numerycznych prognoz pogody (25.02.2023)","twitter_description":"Komentarz do numerycznych prognoz pogody opracowany w Centrum Modelowania Meteorologicznego IMGW-PIB","twitter_image":"https:\/\/cmm.imgw.pl\/wp-content\/uploads\/2023\/02\/komentarz4.png","twitter_creator":"@IMGW_CMM","twitter_site":"@IMGW_CMM","twitter_misc":{"Napisane przez":"CMM","Szacowany czas czytania":"19 minut"},"schema":{"@context":"https:\/\/schema.org","@graph":[{"@type":"Article","@id":"https:\/\/cmm.imgw.pl\/?p=22331#article","isPartOf":{"@id":"https:\/\/cmm.imgw.pl\/?p=22331"},"author":{"name":"CMM","@id":"https:\/\/cmm.imgw.pl\/#\/schema\/person\/a24a37fe434fe76b0f5791e6bd3fdb46"},"headline":"Komentarz do numerycznych prognoz pogody (25.02.2023)","datePublished":"2023-02-25T13:07:12+00:00","dateModified":"2023-02-26T09:43:59+00:00","mainEntityOfPage":{"@id":"https:\/\/cmm.imgw.pl\/?p=22331"},"wordCount":1360,"publisher":{"@id":"https:\/\/cmm.imgw.pl\/#organization"},"keywords":["cmm","Cosmo","imgw","klimat","komentarz","komentarz pogodowy","meteorologia","NMP","NPP","pogoda","prognoza pogody","zima"],"articleSection":["Komentarz"],"inLanguage":"pl-PL"},{"@type":"WebPage","@id":"https:\/\/cmm.imgw.pl\/?p=22331","url":"https:\/\/cmm.imgw.pl\/?p=22331","name":"Komentarz do numerycznych prognoz pogody (25.02.2023) - Laboratorium Modelowania Meteorologicznego CMOK IMGW-PIB","isPartOf":{"@id":"https:\/\/cmm.imgw.pl\/#website"},"datePublished":"2023-02-25T13:07:12+00:00","dateModified":"2023-02-26T09:43:59+00:00","description":"Komentarz do numerycznych prognoz pogody opracowany w Centrum Modelowania Meteorologicznego IMGW-PIB.","breadcrumb":{"@id":"https:\/\/cmm.imgw.pl\/?p=22331#breadcrumb"},"inLanguage":"pl-PL","potentialAction":[{"@type":"ReadAction","target":["https:\/\/cmm.imgw.pl\/?p=22331"]}]},{"@type":"BreadcrumbList","@id":"https:\/\/cmm.imgw.pl\/?p=22331#breadcrumb","itemListElement":[{"@type":"ListItem","position":1,"name":"Home","item":"https:\/\/cmm.imgw.pl\/"},{"@type":"ListItem","position":2,"name":"Komentarz do numerycznych prognoz pogody (25.02.2023)"}]},{"@type":"WebSite","@id":"https:\/\/cmm.imgw.pl\/#website","url":"https:\/\/cmm.imgw.pl\/","name":"Laboratorium Modelowania Meteorologicznego CMOK IMGW-PIB","description":"CMOK-LMM Laboratorium pe\u0142ni pa\u0144stwow\u0105 s\u0142u\u017cb\u0119 hydrologiczno-meteorologiczn\u0105 w zakresie numerycznych prognoz pogody, kt\u00f3rego zadaniem jest konsolidacja kompetencji w obszarze modelowania zjawisk pogodowych oraz dalszego rozwoju numerycznych modeli pogody (NMP).","publisher":{"@id":"https:\/\/cmm.imgw.pl\/#organization"},"potentialAction":[{"@type":"SearchAction","target":{"@type":"EntryPoint","urlTemplate":"https:\/\/cmm.imgw.pl\/?s={search_term_string}"},"query-input":"required name=search_term_string"}],"inLanguage":"pl-PL"},{"@type":"Organization","@id":"https:\/\/cmm.imgw.pl\/#organization","name":"Laboratorium Modelowania Meteorologicznego CMOK IMGW-PIB","url":"https:\/\/cmm.imgw.pl\/","sameAs":["https:\/\/www.facebook.com\/Meteoimgw\/","https:\/\/twitter.com\/IMGW_CMM"],"logo":{"@type":"ImageObject","inLanguage":"pl-PL","@id":"https:\/\/cmm.imgw.pl\/#\/schema\/logo\/image\/","url":"https:\/\/cmm.imgw.pl\/wp-content\/uploads\/2025\/10\/MODELE_LOGO_UNIFIKACJA_v2.png","contentUrl":"https:\/\/cmm.imgw.pl\/wp-content\/uploads\/2025\/10\/MODELE_LOGO_UNIFIKACJA_v2.png","width":1356,"height":365,"caption":"Laboratorium Modelowania Meteorologicznego CMOK IMGW-PIB"},"image":{"@id":"https:\/\/cmm.imgw.pl\/#\/schema\/logo\/image\/"}},{"@type":"Person","@id":"https:\/\/cmm.imgw.pl\/#\/schema\/person\/a24a37fe434fe76b0f5791e6bd3fdb46","name":"CMM","image":{"@type":"ImageObject","inLanguage":"pl-PL","@id":"https:\/\/cmm.imgw.pl\/#\/schema\/person\/image\/","url":"https:\/\/secure.gravatar.com\/avatar\/9248ea2273711f1cd09d6bd45867dbfb?s=96&d=blank&r=g","contentUrl":"https:\/\/secure.gravatar.com\/avatar\/9248ea2273711f1cd09d6bd45867dbfb?s=96&d=blank&r=g","caption":"CMM"},"sameAs":["http:\/\/cmm.imgw.pl"],"url":"https:\/\/cmm.imgw.pl\/?author=3"}]}},"_links":{"self":[{"href":"https:\/\/cmm.imgw.pl\/index.php?rest_route=\/wp\/v2\/posts\/22331"}],"collection":[{"href":"https:\/\/cmm.imgw.pl\/index.php?rest_route=\/wp\/v2\/posts"}],"about":[{"href":"https:\/\/cmm.imgw.pl\/index.php?rest_route=\/wp\/v2\/types\/post"}],"author":[{"embeddable":true,"href":"https:\/\/cmm.imgw.pl\/index.php?rest_route=\/wp\/v2\/users\/3"}],"replies":[{"embeddable":true,"href":"https:\/\/cmm.imgw.pl\/index.php?rest_route=%2Fwp%2Fv2%2Fcomments&post=22331"}],"version-history":[{"count":5,"href":"https:\/\/cmm.imgw.pl\/index.php?rest_route=\/wp\/v2\/posts\/22331\/revisions"}],"predecessor-version":[{"id":23038,"href":"https:\/\/cmm.imgw.pl\/index.php?rest_route=\/wp\/v2\/posts\/22331\/revisions\/23038"}],"wp:attachment":[{"href":"https:\/\/cmm.imgw.pl\/index.php?rest_route=%2Fwp%2Fv2%2Fmedia&parent=22331"}],"wp:term":[{"taxonomy":"category","embeddable":true,"href":"https:\/\/cmm.imgw.pl\/index.php?rest_route=%2Fwp%2Fv2%2Fcategories&post=22331"},{"taxonomy":"post_tag","embeddable":true,"href":"https:\/\/cmm.imgw.pl\/index.php?rest_route=%2Fwp%2Fv2%2Ftags&post=22331"}],"curies":[{"name":"wp","href":"https:\/\/api.w.org\/{rel}","templated":true}]}}