{"id":22257,"date":"2023-02-18T12:45:04","date_gmt":"2023-02-18T11:45:04","guid":{"rendered":"https:\/\/cmm.imgw.pl\/?p=22257"},"modified":"2023-02-21T07:25:22","modified_gmt":"2023-02-21T06:25:22","slug":"szablon-komentarz-do-numerycznych-prognoz-pogody-18-02-2023","status":"publish","type":"post","link":"https:\/\/cmm.imgw.pl\/?p=22257","title":{"rendered":"Komentarz do numerycznych prognoz pogody (18.02.2023)"},"content":{"rendered":"\n<p><em>Tre\u015b\u0107 komentarza do numerycznych prognoz meteorologicznych stanowi niezale\u017cne od biura prognoz meteorologicznych opracowanie wykonane w Centrum Modelowania Meteorologicznego i nie stanowi oficjalnej prognozy synoptycznej IMGW-PIB.<\/em><\/p>\n\n\n\n<p><\/p>\n\n\n<p><img loading=\"lazy\" width=\"1385\" height=\"983\" class=\"wp-image-22333 aligncenter\" src=\"http:\/\/cmm.imgw.pl\/wp-content\/uploads\/2023\/02\/word-image-22257-1.png\" srcset=\"https:\/\/cmm.imgw.pl\/wp-content\/uploads\/2023\/02\/word-image-22257-1.png 1385w, https:\/\/cmm.imgw.pl\/wp-content\/uploads\/2023\/02\/word-image-22257-1-300x213.png 300w, https:\/\/cmm.imgw.pl\/wp-content\/uploads\/2023\/02\/word-image-22257-1-1024x727.png 1024w, https:\/\/cmm.imgw.pl\/wp-content\/uploads\/2023\/02\/word-image-22257-1-768x545.png 768w\" sizes=\"(max-width: 1385px) 100vw, 1385px\" \/><\/p>\n<p>Polska jest w zasi\u0119gu uk\u0142adu niskiego ci\u015bnienia, kt\u00f3rego centrum 983,4 hPa zalega nad \u0141otw\u0105 i wype\u0142nia si\u0119.<\/p>\n<p><img loading=\"lazy\" width=\"1075\" height=\"764\" class=\"wp-image-22334 aligncenter\" src=\"http:\/\/cmm.imgw.pl\/wp-content\/uploads\/2023\/02\/word-image-22257-2.gif\"> <img loading=\"lazy\" width=\"582\" height=\"665\" class=\"wp-image-22335 aligncenter\" src=\"http:\/\/cmm.imgw.pl\/wp-content\/uploads\/2023\/02\/word-image-22257-3.jpeg\" srcset=\"https:\/\/cmm.imgw.pl\/wp-content\/uploads\/2023\/02\/word-image-22257-3.jpeg 582w, https:\/\/cmm.imgw.pl\/wp-content\/uploads\/2023\/02\/word-image-22257-3-263x300.jpeg 263w\" sizes=\"(max-width: 582px) 100vw, 582px\" \/><\/p>\n<p><img loading=\"lazy\" width=\"660\" height=\"755\" class=\"wp-image-22336 aligncenter\" src=\"http:\/\/cmm.imgw.pl\/wp-content\/uploads\/2023\/02\/word-image-22257-4.jpeg\" srcset=\"https:\/\/cmm.imgw.pl\/wp-content\/uploads\/2023\/02\/word-image-22257-4.jpeg 660w, https:\/\/cmm.imgw.pl\/wp-content\/uploads\/2023\/02\/word-image-22257-4-262x300.jpeg 262w\" sizes=\"(max-width: 660px) 100vw, 660px\" \/> <img loading=\"lazy\" width=\"651\" height=\"746\" class=\"wp-image-22337 aligncenter\" src=\"http:\/\/cmm.imgw.pl\/wp-content\/uploads\/2023\/02\/word-image-22257-5.jpeg\" srcset=\"https:\/\/cmm.imgw.pl\/wp-content\/uploads\/2023\/02\/word-image-22257-5.jpeg 651w, https:\/\/cmm.imgw.pl\/wp-content\/uploads\/2023\/02\/word-image-22257-5-262x300.jpeg 262w\" sizes=\"(max-width: 651px) 100vw, 651px\" \/><\/p>\n<p><img loading=\"lazy\" width=\"1075\" height=\"764\" class=\"wp-image-22338 aligncenter\" src=\"http:\/\/cmm.imgw.pl\/wp-content\/uploads\/2023\/02\/word-image-22257-6.gif\"><\/p>\n<p>Centrum ni\u017cu w godzinach dopo\u0142udniowych powinno nasun\u0105\u0107 si\u0119 nad Estoni\u0105. Ni\u017c wytraci energi\u0119 i w ci\u0105gu 24 godzin jego centrum pozostanie nad Estoni\u0105 wype\u0142niaj\u0105c si\u0119. Na po\u0142udniu przemieszcza\u0107 si\u0119 b\u0119dzie kolejny uk\u0142ad niskiego ci\u015bnienia.<\/p>\n<p><img loading=\"lazy\" width=\"698\" height=\"698\" class=\"wp-image-22339 aligncenter\" src=\"http:\/\/cmm.imgw.pl\/wp-content\/uploads\/2023\/02\/word-image-22257-7.jpeg\" srcset=\"https:\/\/cmm.imgw.pl\/wp-content\/uploads\/2023\/02\/word-image-22257-7.jpeg 698w, https:\/\/cmm.imgw.pl\/wp-content\/uploads\/2023\/02\/word-image-22257-7-300x300.jpeg 300w, https:\/\/cmm.imgw.pl\/wp-content\/uploads\/2023\/02\/word-image-22257-7-150x150.jpeg 150w, https:\/\/cmm.imgw.pl\/wp-content\/uploads\/2023\/02\/word-image-22257-7-600x600.jpeg 600w\" sizes=\"(max-width: 698px) 100vw, 698px\" \/> <img loading=\"lazy\" width=\"686\" height=\"686\" class=\"wp-image-22340 aligncenter\" src=\"http:\/\/cmm.imgw.pl\/wp-content\/uploads\/2023\/02\/word-image-22257-8.jpeg\" srcset=\"https:\/\/cmm.imgw.pl\/wp-content\/uploads\/2023\/02\/word-image-22257-8.jpeg 686w, https:\/\/cmm.imgw.pl\/wp-content\/uploads\/2023\/02\/word-image-22257-8-300x300.jpeg 300w, https:\/\/cmm.imgw.pl\/wp-content\/uploads\/2023\/02\/word-image-22257-8-150x150.jpeg 150w, https:\/\/cmm.imgw.pl\/wp-content\/uploads\/2023\/02\/word-image-22257-8-600x600.jpeg 600w\" sizes=\"(max-width: 686px) 100vw, 686px\" \/> Nadal nad Polsk\u0105 utrzymuje si\u0119 du\u017cy horyzontalny gradient ci\u015bnienia. W po\u0142udnie r\u00f3\u017cnica skrajnych warto\u015bci ci\u015bnienia wyst\u0119puj\u0105cych w naszym kraju powinna wynie\u015b\u0107 20 hPa, natomiast w nocy 13 hPa. W dalszym ci\u0105gu sprzyja to zwi\u0119kszonej pr\u0119dko\u015bci wiatru.<\/p>\n<p><img loading=\"lazy\" width=\"600\" height=\"640\" class=\"wp-image-22341 aligncenter\" src=\"http:\/\/cmm.imgw.pl\/wp-content\/uploads\/2023\/02\/word-image-22257-9.png\" srcset=\"https:\/\/cmm.imgw.pl\/wp-content\/uploads\/2023\/02\/word-image-22257-9.png 600w, https:\/\/cmm.imgw.pl\/wp-content\/uploads\/2023\/02\/word-image-22257-9-281x300.png 281w\" sizes=\"(max-width: 600px) 100vw, 600px\" \/> <img loading=\"lazy\" width=\"600\" height=\"640\" class=\"wp-image-22342 aligncenter\" src=\"http:\/\/cmm.imgw.pl\/wp-content\/uploads\/2023\/02\/word-image-22257-10.png\" srcset=\"https:\/\/cmm.imgw.pl\/wp-content\/uploads\/2023\/02\/word-image-22257-10.png 600w, https:\/\/cmm.imgw.pl\/wp-content\/uploads\/2023\/02\/word-image-22257-10-281x300.png 281w\" sizes=\"(max-width: 600px) 100vw, 600px\" \/><\/p>\n<p><img loading=\"lazy\" width=\"634\" height=\"490\" class=\"wp-image-22343 aligncenter\" src=\"http:\/\/cmm.imgw.pl\/wp-content\/uploads\/2023\/02\/theta-w-850hpa-gfs-so-18-02-2023-15-utc.gif\" alt=\"Theta-W 850hPa GFS so. 18.02.2023 15 UTC\"> <img loading=\"lazy\" width=\"634\" height=\"490\" class=\"wp-image-22344 aligncenter\" src=\"http:\/\/cmm.imgw.pl\/wp-content\/uploads\/2023\/02\/theta-w-850hpa-gfs-nie-19-02-2023-06-utc.gif\" alt=\"Theta-W 850hPa GFS nie. 19.02.2023 06 UTC\"><\/p>\n<p>Nad Polska zalega polarno-morska masa powietrza. Na po\u0142udniowym wschodzie cieplejsza za\u015b na p\u00f3\u0142nocnym zachodzie ch\u0142odniejsza. Potwierdza to tak\u017ce rozk\u0142ad pola temperatury potencjalnej termometru zwil\u017conego na wysoko\u015bci 850 hPa (mapa Theta-W). Nad ranem zbli\u017cy si\u0119, od p\u00f3\u0142nocy, zatoka ch\u0142odniejszego powietrza.<\/p>\n<p><img loading=\"lazy\" width=\"557\" height=\"500\" class=\"wp-image-22345 aligncenter\" src=\"http:\/\/cmm.imgw.pl\/wp-content\/uploads\/2023\/02\/word-image-22257-13.png\" srcset=\"https:\/\/cmm.imgw.pl\/wp-content\/uploads\/2023\/02\/word-image-22257-13.png 557w, https:\/\/cmm.imgw.pl\/wp-content\/uploads\/2023\/02\/word-image-22257-13-300x269.png 300w\" sizes=\"(max-width: 557px) 100vw, 557px\" \/> <img loading=\"lazy\" width=\"554\" height=\"502\" class=\"wp-image-22346 aligncenter\" src=\"http:\/\/cmm.imgw.pl\/wp-content\/uploads\/2023\/02\/word-image-22257-14.png\" srcset=\"https:\/\/cmm.imgw.pl\/wp-content\/uploads\/2023\/02\/word-image-22257-14.png 554w, https:\/\/cmm.imgw.pl\/wp-content\/uploads\/2023\/02\/word-image-22257-14-300x272.png 300w\" sizes=\"(max-width: 554px) 100vw, 554px\" \/><\/p>\n<p>Na wysoko\u015bci 5,5 km (mapa TB500) oraz na wysoko\u015bci 3 km (TB700) izotermy odchylaj\u0105 si\u0119 na prawo od izohips co wskazuje na adwekcj\u0119 ciep\u0142a. W ci\u0105gu najbli\u017csze doby uk\u0142ad izoterm wzgl\u0119dem izohips zmieni si\u0119 (b\u0119d\u0105 odchyla\u0107 si\u0119 na lewo), wyst\u0105pi adwekcja ch\u0142odu. Potwierdzaj\u0105 to prognostyczne pole temperatury powietrza na wysoko\u015bci 3km i 5,5km w horyzoncie 24 godzin. Temperatura na ww. poziomach obni\u017cy si\u0119.<\/p>\n<p><img loading=\"lazy\" width=\"634\" height=\"490\" class=\"wp-image-22347 aligncenter\" src=\"http:\/\/cmm.imgw.pl\/wp-content\/uploads\/2023\/02\/height-temp-500-hpa-gfs-so-18-02-2023-12-utc-3.gif\" alt=\"Height\/Temp. 500 hPa GFS so. 18.02.2023 12 UTC\"> <img loading=\"lazy\" width=\"634\" height=\"490\" class=\"wp-image-22348 aligncenter\" src=\"http:\/\/cmm.imgw.pl\/wp-content\/uploads\/2023\/02\/height-temp-500-hpa-gfs-nie-19-02-2023-12-utc.gif\" alt=\"Height\/Temp. 500 hPa GFS nie. 19.02.2023 12 UTC\"><\/p>\n<p><img loading=\"lazy\" width=\"634\" height=\"490\" class=\"wp-image-22349 aligncenter\" src=\"http:\/\/cmm.imgw.pl\/wp-content\/uploads\/2023\/02\/height-temp-700-hpa-gfs-so-18-02-2023-12-utc-3.gif\" alt=\"Height\/Temp. 700 hPa GFS so. 18.02.2023 12 UTC\"> <img loading=\"lazy\" width=\"634\" height=\"490\" class=\"wp-image-22350 aligncenter\" src=\"http:\/\/cmm.imgw.pl\/wp-content\/uploads\/2023\/02\/height-temp-700-hpa-gfs-nie-19-02-2023-12-utc.gif\" alt=\"Height\/Temp. 700 hPa GFS nie. 19.02.2023 12 UTC\"><\/p>\n<p><img loading=\"lazy\" width=\"648\" height=\"648\" class=\"wp-image-22351 aligncenter\" src=\"http:\/\/cmm.imgw.pl\/wp-content\/uploads\/2023\/02\/word-image-22257-19.jpeg\" srcset=\"https:\/\/cmm.imgw.pl\/wp-content\/uploads\/2023\/02\/word-image-22257-19.jpeg 648w, https:\/\/cmm.imgw.pl\/wp-content\/uploads\/2023\/02\/word-image-22257-19-300x300.jpeg 300w, https:\/\/cmm.imgw.pl\/wp-content\/uploads\/2023\/02\/word-image-22257-19-150x150.jpeg 150w, https:\/\/cmm.imgw.pl\/wp-content\/uploads\/2023\/02\/word-image-22257-19-600x600.jpeg 600w\" sizes=\"(max-width: 648px) 100vw, 648px\" \/> <img loading=\"lazy\" width=\"643\" height=\"643\" class=\"wp-image-22352 aligncenter\" src=\"http:\/\/cmm.imgw.pl\/wp-content\/uploads\/2023\/02\/word-image-22257-20.jpeg\" srcset=\"https:\/\/cmm.imgw.pl\/wp-content\/uploads\/2023\/02\/word-image-22257-20.jpeg 643w, https:\/\/cmm.imgw.pl\/wp-content\/uploads\/2023\/02\/word-image-22257-20-300x300.jpeg 300w, https:\/\/cmm.imgw.pl\/wp-content\/uploads\/2023\/02\/word-image-22257-20-150x150.jpeg 150w, https:\/\/cmm.imgw.pl\/wp-content\/uploads\/2023\/02\/word-image-22257-20-600x600.jpeg 600w\" sizes=\"(max-width: 643px) 100vw, 643px\" \/><\/p>\n<p>W dzie\u0144 temperatura powietrza wyniesie od <a id=\"post-22257-_Hlk127610771\"><\/a>2\u00b0C w Zakopanem, 3\u00b0C w woj. podlaskim, \u0142\u00f3dzkim, wielkopolskim i lubuskim oraz cz\u0119\u015bciowo \u015bwi\u0119tokrzyskim, do 8\u00b0C w woj. dolno\u015bl\u0105skim i opolskim. W nocy temperatura powietrza od 0\u00b0C w Suwa\u0142kach do 7\u00b0C w Krakowie, Opolu i Katowicach.<\/p>\n<p><img loading=\"lazy\" width=\"694\" height=\"653\" class=\"wp-image-22353 aligncenter\" src=\"http:\/\/cmm.imgw.pl\/wp-content\/uploads\/2023\/02\/word-image-22257-21.jpeg\" srcset=\"https:\/\/cmm.imgw.pl\/wp-content\/uploads\/2023\/02\/word-image-22257-21.jpeg 694w, https:\/\/cmm.imgw.pl\/wp-content\/uploads\/2023\/02\/word-image-22257-21-300x282.jpeg 300w\" sizes=\"(max-width: 694px) 100vw, 694px\" \/> <img loading=\"lazy\" width=\"660\" height=\"621\" class=\"wp-image-22354 aligncenter\" src=\"http:\/\/cmm.imgw.pl\/wp-content\/uploads\/2023\/02\/word-image-22257-22.jpeg\" srcset=\"https:\/\/cmm.imgw.pl\/wp-content\/uploads\/2023\/02\/word-image-22257-22.jpeg 660w, https:\/\/cmm.imgw.pl\/wp-content\/uploads\/2023\/02\/word-image-22257-22-300x282.jpeg 300w\" sizes=\"(max-width: 660px) 100vw, 660px\" \/><\/p>\n<p>Temperatura odczuwalna w dzie\u0144 od -1\u00b0C w Suwa\u0142kach do 3\u00b0C w Poznaniu, Toruniu, Bydgoszczy i w Warszawie. Temperatura odczuwalna w nocy od -6\u00b0C w Olsztynie do 1\u00b0C w Krakowie i Opolu.<\/p>\n<p><img loading=\"lazy\" width=\"600\" height=\"640\" class=\"wp-image-22355 aligncenter\" src=\"http:\/\/cmm.imgw.pl\/wp-content\/uploads\/2023\/02\/word-image-22257-23.png\" srcset=\"https:\/\/cmm.imgw.pl\/wp-content\/uploads\/2023\/02\/word-image-22257-23.png 600w, https:\/\/cmm.imgw.pl\/wp-content\/uploads\/2023\/02\/word-image-22257-23-281x300.png 281w\" sizes=\"(max-width: 600px) 100vw, 600px\" \/> <img loading=\"lazy\" width=\"600\" height=\"640\" class=\"wp-image-22356 aligncenter\" src=\"http:\/\/cmm.imgw.pl\/wp-content\/uploads\/2023\/02\/word-image-22257-24.png\" srcset=\"https:\/\/cmm.imgw.pl\/wp-content\/uploads\/2023\/02\/word-image-22257-24.png 600w, https:\/\/cmm.imgw.pl\/wp-content\/uploads\/2023\/02\/word-image-22257-24-281x300.png 281w\" sizes=\"(max-width: 600px) 100vw, 600px\" \/><\/p>\n<p>Na wysoko\u015bci 950 hPa utrzymywa\u0107 si\u0119 b\u0119dzie wilgotno\u015b\u0107 powietrza na poziomie 60-99%. Pocz\u0105tkowo w po\u0142udniowo wschodnich obszarach wilgotno\u015b\u0107 b\u0119dzie ma\u0142a. W nocy w ca\u0142ej Polsce du\u017ca wilgotno\u015b\u0107,80-99%.<\/p>\n<p><img loading=\"lazy\" width=\"600\" height=\"640\" class=\"wp-image-22357 aligncenter\" src=\"http:\/\/cmm.imgw.pl\/wp-content\/uploads\/2023\/02\/word-image-22257-25.png\" srcset=\"https:\/\/cmm.imgw.pl\/wp-content\/uploads\/2023\/02\/word-image-22257-25.png 600w, https:\/\/cmm.imgw.pl\/wp-content\/uploads\/2023\/02\/word-image-22257-25-281x300.png 281w\" sizes=\"(max-width: 600px) 100vw, 600px\" \/> <img loading=\"lazy\" width=\"600\" height=\"640\" class=\"wp-image-22358 aligncenter\" src=\"http:\/\/cmm.imgw.pl\/wp-content\/uploads\/2023\/02\/word-image-22257-26.png\" srcset=\"https:\/\/cmm.imgw.pl\/wp-content\/uploads\/2023\/02\/word-image-22257-26.png 600w, https:\/\/cmm.imgw.pl\/wp-content\/uploads\/2023\/02\/word-image-22257-26-281x300.png 281w\" sizes=\"(max-width: 600px) 100vw, 600px\" \/><\/p>\n<p>Na wysoko\u015bci 700 hPa wilgotno\u015b\u0107 powietrza 80-99 % w pasie po\u0142udniowo zachodnim, po\u0142udniowym i zachodnim. Na pozosta\u0142ym obszarze wilgotno\u015b\u0107 niska. W nocy utrzyma si\u0119 podobny rozk\u0142ad pola wilgotno\u015bci, ale ze zmniejszon\u0105 warto\u015bci\u0105 wilgotno\u015bci (60-95%) w obszarze po\u0142udniowo zachodnim, po\u0142udniowym i zachodnim.<\/p>\n<p><img loading=\"lazy\" width=\"600\" height=\"640\" class=\"wp-image-22359 aligncenter\" src=\"http:\/\/cmm.imgw.pl\/wp-content\/uploads\/2023\/02\/word-image-22257-27.png\" srcset=\"https:\/\/cmm.imgw.pl\/wp-content\/uploads\/2023\/02\/word-image-22257-27.png 600w, https:\/\/cmm.imgw.pl\/wp-content\/uploads\/2023\/02\/word-image-22257-27-281x300.png 281w\" sizes=\"(max-width: 600px) 100vw, 600px\" \/> <img loading=\"lazy\" width=\"600\" height=\"640\" class=\"wp-image-22360 aligncenter\" src=\"http:\/\/cmm.imgw.pl\/wp-content\/uploads\/2023\/02\/word-image-22257-28.png\" srcset=\"https:\/\/cmm.imgw.pl\/wp-content\/uploads\/2023\/02\/word-image-22257-28.png 600w, https:\/\/cmm.imgw.pl\/wp-content\/uploads\/2023\/02\/word-image-22257-28-281x300.png 281w\" sizes=\"(max-width: 600px) 100vw, 600px\" \/><\/p>\n<p>Na wysoko\u015bci 500 hPa wilgotno\u015b\u0107 powietrza 60-99 %, jedynie na kra\u0144cach p\u00f3\u0142nocno wschodnich 30%. W nocy niska wilgotno\u015b\u0107 na terenie ca\u0142ego kraju. Jedynie kra\u0144ce zachodnie Polski zaznacz\u0105 si\u0119 zwi\u0119kszon\u0105 wilgotno\u015bci\u0105.<\/p>\n<p><img loading=\"lazy\" width=\"600\" height=\"640\" class=\"wp-image-22361 aligncenter\" src=\"http:\/\/cmm.imgw.pl\/wp-content\/uploads\/2023\/02\/word-image-22257-29.png\" srcset=\"https:\/\/cmm.imgw.pl\/wp-content\/uploads\/2023\/02\/word-image-22257-29.png 600w, https:\/\/cmm.imgw.pl\/wp-content\/uploads\/2023\/02\/word-image-22257-29-281x300.png 281w\" sizes=\"(max-width: 600px) 100vw, 600px\" \/> <img loading=\"lazy\" width=\"600\" height=\"640\" class=\"wp-image-22362 aligncenter\" src=\"http:\/\/cmm.imgw.pl\/wp-content\/uploads\/2023\/02\/word-image-22257-30.png\" srcset=\"https:\/\/cmm.imgw.pl\/wp-content\/uploads\/2023\/02\/word-image-22257-30.png 600w, https:\/\/cmm.imgw.pl\/wp-content\/uploads\/2023\/02\/word-image-22257-30-281x300.png 281w\" sizes=\"(max-width: 600px) 100vw, 600px\" \/><\/p>\n<p>Na wysoko\u015bci 300 hPa wilgotno\u015b\u0107 powietrza 60-99 %, jedynie na kra\u0144cach zachodnich wilgotno\u015b\u0107 bardzo niska. W nocy od zachodu po centrum nast\u0105pi zwi\u0119kszenie wilgotno\u015bci do 99%.<\/p>\n<p><img loading=\"lazy\" width=\"676\" height=\"676\" class=\"wp-image-22363 aligncenter\" src=\"http:\/\/cmm.imgw.pl\/wp-content\/uploads\/2023\/02\/word-image-22257-31.jpeg\" srcset=\"https:\/\/cmm.imgw.pl\/wp-content\/uploads\/2023\/02\/word-image-22257-31.jpeg 676w, https:\/\/cmm.imgw.pl\/wp-content\/uploads\/2023\/02\/word-image-22257-31-300x300.jpeg 300w, https:\/\/cmm.imgw.pl\/wp-content\/uploads\/2023\/02\/word-image-22257-31-150x150.jpeg 150w, https:\/\/cmm.imgw.pl\/wp-content\/uploads\/2023\/02\/word-image-22257-31-600x600.jpeg 600w\" sizes=\"(max-width: 676px) 100vw, 676px\" \/> <img loading=\"lazy\" width=\"676\" height=\"676\" class=\"wp-image-22364 aligncenter\" src=\"http:\/\/cmm.imgw.pl\/wp-content\/uploads\/2023\/02\/word-image-22257-32.jpeg\" srcset=\"https:\/\/cmm.imgw.pl\/wp-content\/uploads\/2023\/02\/word-image-22257-32.jpeg 676w, https:\/\/cmm.imgw.pl\/wp-content\/uploads\/2023\/02\/word-image-22257-32-300x300.jpeg 300w, https:\/\/cmm.imgw.pl\/wp-content\/uploads\/2023\/02\/word-image-22257-32-150x150.jpeg 150w, https:\/\/cmm.imgw.pl\/wp-content\/uploads\/2023\/02\/word-image-22257-32-600x600.jpeg 600w\" sizes=\"(max-width: 676px) 100vw, 676px\" \/><\/p>\n<p>W dzie\u0144 wilgotno\u015b\u0107 powietrza w dzie\u0144 79 % na wschodzie kraju do 97 % na zachodzie kraju. W nocy wilgotno\u015b\u0107 powietrza 87-95%.<\/p>\n<p><img loading=\"lazy\" width=\"2156\" height=\"1728\" class=\"wp-image-22365 aligncenter\" src=\"http:\/\/cmm.imgw.pl\/wp-content\/uploads\/2023\/02\/word-image-22257-33.png\" srcset=\"https:\/\/cmm.imgw.pl\/wp-content\/uploads\/2023\/02\/word-image-22257-33.png 2156w, https:\/\/cmm.imgw.pl\/wp-content\/uploads\/2023\/02\/word-image-22257-33-300x240.png 300w, https:\/\/cmm.imgw.pl\/wp-content\/uploads\/2023\/02\/word-image-22257-33-1024x821.png 1024w, https:\/\/cmm.imgw.pl\/wp-content\/uploads\/2023\/02\/word-image-22257-33-768x616.png 768w, https:\/\/cmm.imgw.pl\/wp-content\/uploads\/2023\/02\/word-image-22257-33-1536x1231.png 1536w, https:\/\/cmm.imgw.pl\/wp-content\/uploads\/2023\/02\/word-image-22257-33-2048x1641.png 2048w\" sizes=\"(max-width: 2156px) 100vw, 2156px\" \/> <img loading=\"lazy\" width=\"2156\" height=\"1728\" class=\"wp-image-22366 aligncenter\" src=\"http:\/\/cmm.imgw.pl\/wp-content\/uploads\/2023\/02\/word-image-22257-34.png\" srcset=\"https:\/\/cmm.imgw.pl\/wp-content\/uploads\/2023\/02\/word-image-22257-34.png 2156w, https:\/\/cmm.imgw.pl\/wp-content\/uploads\/2023\/02\/word-image-22257-34-300x240.png 300w, https:\/\/cmm.imgw.pl\/wp-content\/uploads\/2023\/02\/word-image-22257-34-1024x821.png 1024w, https:\/\/cmm.imgw.pl\/wp-content\/uploads\/2023\/02\/word-image-22257-34-768x616.png 768w, https:\/\/cmm.imgw.pl\/wp-content\/uploads\/2023\/02\/word-image-22257-34-1536x1231.png 1536w, https:\/\/cmm.imgw.pl\/wp-content\/uploads\/2023\/02\/word-image-22257-34-2048x1641.png 2048w\" sizes=\"(max-width: 2156px) 100vw, 2156px\" \/><\/p>\n<p>Dzisiaj nad po\u0142udniow\u0105 Polsk\u0105 na wysoko\u015bci FL330 (10,8 km) znajdzie si\u0119 pr\u0105d strumieniowy z maksymaln\u0105 pr\u0119dko\u015bci\u0105 w osi pr\u0105du 60 m\/s. O\u015b przebiega na po\u0142udniu kraju.<\/p>\n<p>W nocy o\u015b pr\u0105du strumieniowego przebiega\u0107 b\u0119dzie z NW na SE, na wysoko\u015bci oko\u0142o 11,8 km. Pr\u0119dko\u015b\u0107 wiatru w osi pr\u0105du b\u0119dzie jeszcze wi\u0119ksza i powinna osi\u0105gn\u0105\u0107 warto\u015b\u0107 65 m\/s.<\/p>\n<p><img loading=\"lazy\" width=\"600\" height=\"640\" class=\"wp-image-22367 aligncenter\" src=\"http:\/\/cmm.imgw.pl\/wp-content\/uploads\/2023\/02\/word-image-22257-35.png\" srcset=\"https:\/\/cmm.imgw.pl\/wp-content\/uploads\/2023\/02\/word-image-22257-35.png 600w, https:\/\/cmm.imgw.pl\/wp-content\/uploads\/2023\/02\/word-image-22257-35-281x300.png 281w\" sizes=\"(max-width: 600px) 100vw, 600px\" \/> <img loading=\"lazy\" width=\"600\" height=\"640\" class=\"wp-image-22368 aligncenter\" src=\"http:\/\/cmm.imgw.pl\/wp-content\/uploads\/2023\/02\/word-image-22257-36.png\" srcset=\"https:\/\/cmm.imgw.pl\/wp-content\/uploads\/2023\/02\/word-image-22257-36.png 600w, https:\/\/cmm.imgw.pl\/wp-content\/uploads\/2023\/02\/word-image-22257-36-281x300.png 281w\" sizes=\"(max-width: 600px) 100vw, 600px\" \/> <img loading=\"lazy\" width=\"600\" height=\"640\" class=\"wp-image-22369 aligncenter\" src=\"http:\/\/cmm.imgw.pl\/wp-content\/uploads\/2023\/02\/word-image-22257-37.png\" srcset=\"https:\/\/cmm.imgw.pl\/wp-content\/uploads\/2023\/02\/word-image-22257-37.png 600w, https:\/\/cmm.imgw.pl\/wp-content\/uploads\/2023\/02\/word-image-22257-37-281x300.png 281w\" sizes=\"(max-width: 600px) 100vw, 600px\" \/> <img loading=\"lazy\" width=\"600\" height=\"640\" class=\"wp-image-22370 aligncenter\" src=\"http:\/\/cmm.imgw.pl\/wp-content\/uploads\/2023\/02\/word-image-22257-38.png\" srcset=\"https:\/\/cmm.imgw.pl\/wp-content\/uploads\/2023\/02\/word-image-22257-38.png 600w, https:\/\/cmm.imgw.pl\/wp-content\/uploads\/2023\/02\/word-image-22257-38-281x300.png 281w\" sizes=\"(max-width: 600px) 100vw, 600px\" \/> <img loading=\"lazy\" width=\"600\" height=\"640\" class=\"wp-image-22371 aligncenter\" src=\"http:\/\/cmm.imgw.pl\/wp-content\/uploads\/2023\/02\/word-image-22257-39.png\" srcset=\"https:\/\/cmm.imgw.pl\/wp-content\/uploads\/2023\/02\/word-image-22257-39.png 600w, https:\/\/cmm.imgw.pl\/wp-content\/uploads\/2023\/02\/word-image-22257-39-281x300.png 281w\" sizes=\"(max-width: 600px) 100vw, 600px\" \/> <img loading=\"lazy\" width=\"600\" height=\"640\" class=\"wp-image-22372 aligncenter\" src=\"http:\/\/cmm.imgw.pl\/wp-content\/uploads\/2023\/02\/word-image-22257-40.png\" srcset=\"https:\/\/cmm.imgw.pl\/wp-content\/uploads\/2023\/02\/word-image-22257-40.png 600w, https:\/\/cmm.imgw.pl\/wp-content\/uploads\/2023\/02\/word-image-22257-40-281x300.png 281w\" sizes=\"(max-width: 600px) 100vw, 600px\" \/><\/p>\n<p><img loading=\"lazy\" width=\"600\" height=\"640\" class=\"wp-image-22373 aligncenter\" src=\"http:\/\/cmm.imgw.pl\/wp-content\/uploads\/2023\/02\/word-image-22257-41.png\" srcset=\"https:\/\/cmm.imgw.pl\/wp-content\/uploads\/2023\/02\/word-image-22257-41.png 600w, https:\/\/cmm.imgw.pl\/wp-content\/uploads\/2023\/02\/word-image-22257-41-281x300.png 281w\" sizes=\"(max-width: 600px) 100vw, 600px\" \/> <img loading=\"lazy\" width=\"600\" height=\"640\" class=\"wp-image-22374 aligncenter\" src=\"http:\/\/cmm.imgw.pl\/wp-content\/uploads\/2023\/02\/word-image-22257-42.png\" srcset=\"https:\/\/cmm.imgw.pl\/wp-content\/uploads\/2023\/02\/word-image-22257-42.png 600w, https:\/\/cmm.imgw.pl\/wp-content\/uploads\/2023\/02\/word-image-22257-42-281x300.png 281w\" sizes=\"(max-width: 600px) 100vw, 600px\" \/><\/p>\n<p>Na wysoko\u015bci 9 km obszar du\u017cych pr\u0119dko\u015bci, 42-55 m\/s, obejmuje ca\u0142y obszar kraju. Na wysoko\u015bci 5,5 km w ci\u0105gu dnia nad Polsk\u0105 centraln\u0105 przebiega\u0107 b\u0119dzie w\u0105ski obszar zwi\u0119kszonej pr\u0119dko\u015bci wiatru, 42-43 m\/s. Na pozosta\u0142ym obszarze 30-32 m\/s. W nocy na ni\u017cszych poziomach 1,5, 3, 5,5 km pr\u0119dko\u015b\u0107 wiatru si\u0119 zmniejszy.<\/p>\n<p><img loading=\"lazy\" width=\"681\" height=\"681\" class=\"wp-image-22375 aligncenter\" src=\"http:\/\/cmm.imgw.pl\/wp-content\/uploads\/2023\/02\/word-image-22257-43.jpeg\" srcset=\"https:\/\/cmm.imgw.pl\/wp-content\/uploads\/2023\/02\/word-image-22257-43.jpeg 681w, https:\/\/cmm.imgw.pl\/wp-content\/uploads\/2023\/02\/word-image-22257-43-300x300.jpeg 300w, https:\/\/cmm.imgw.pl\/wp-content\/uploads\/2023\/02\/word-image-22257-43-150x150.jpeg 150w, https:\/\/cmm.imgw.pl\/wp-content\/uploads\/2023\/02\/word-image-22257-43-600x600.jpeg 600w\" sizes=\"(max-width: 681px) 100vw, 681px\" \/> <img loading=\"lazy\" width=\"670\" height=\"670\" class=\"wp-image-22376 aligncenter\" src=\"http:\/\/cmm.imgw.pl\/wp-content\/uploads\/2023\/02\/word-image-22257-44.jpeg\" srcset=\"https:\/\/cmm.imgw.pl\/wp-content\/uploads\/2023\/02\/word-image-22257-44.jpeg 670w, https:\/\/cmm.imgw.pl\/wp-content\/uploads\/2023\/02\/word-image-22257-44-300x300.jpeg 300w, https:\/\/cmm.imgw.pl\/wp-content\/uploads\/2023\/02\/word-image-22257-44-150x150.jpeg 150w, https:\/\/cmm.imgw.pl\/wp-content\/uploads\/2023\/02\/word-image-22257-44-600x600.jpeg 600w\" sizes=\"(max-width: 670px) 100vw, 670px\" \/><\/p>\n<p><img loading=\"lazy\" width=\"661\" height=\"661\" class=\"wp-image-22377 aligncenter\" src=\"http:\/\/cmm.imgw.pl\/wp-content\/uploads\/2023\/02\/word-image-22257-45.jpeg\" srcset=\"https:\/\/cmm.imgw.pl\/wp-content\/uploads\/2023\/02\/word-image-22257-45.jpeg 661w, https:\/\/cmm.imgw.pl\/wp-content\/uploads\/2023\/02\/word-image-22257-45-300x300.jpeg 300w, https:\/\/cmm.imgw.pl\/wp-content\/uploads\/2023\/02\/word-image-22257-45-150x150.jpeg 150w, https:\/\/cmm.imgw.pl\/wp-content\/uploads\/2023\/02\/word-image-22257-45-600x600.jpeg 600w\" sizes=\"(max-width: 661px) 100vw, 661px\" \/> <img loading=\"lazy\" width=\"665\" height=\"665\" class=\"wp-image-22378 aligncenter\" src=\"http:\/\/cmm.imgw.pl\/wp-content\/uploads\/2023\/02\/word-image-22257-46.jpeg\" srcset=\"https:\/\/cmm.imgw.pl\/wp-content\/uploads\/2023\/02\/word-image-22257-46.jpeg 665w, https:\/\/cmm.imgw.pl\/wp-content\/uploads\/2023\/02\/word-image-22257-46-300x300.jpeg 300w, https:\/\/cmm.imgw.pl\/wp-content\/uploads\/2023\/02\/word-image-22257-46-150x150.jpeg 150w, https:\/\/cmm.imgw.pl\/wp-content\/uploads\/2023\/02\/word-image-22257-46-600x600.jpeg 600w\" sizes=\"(max-width: 665px) 100vw, 665px\" \/><\/p>\n<p>Na wysoko\u015bci 10 metr\u00f3w w ci\u0105gu dnia spodziewamy si\u0119 wiatru zachodniego o pr\u0119dko\u015bci 3-30 km\/h. W porywach do 60-70 km\/h na p\u00f3\u0142nocnym zachodzie i na p\u00f3\u0142nocy kraju. W centrum do 50 km\/h. W g\u00f3rach do 100-120 km\/h. W nocy nadal wiatr zachodni i WNW o pr\u0119dko\u015bci 7-22 km\/h. Nie b\u0119dzie ju\u017c a\u017c tak du\u017cych poryw\u00f3w, do 40-45 km\/h w p\u00f3\u0142nocno wschodnich rejonach kraju. W g\u00f3rach nadal porywy do 100 km\/h. Na Ba\u0142tyku nadal sztorm.<\/p>\n<p><img loading=\"lazy\" width=\"696\" height=\"696\" class=\"wp-image-22379 aligncenter\" src=\"http:\/\/cmm.imgw.pl\/wp-content\/uploads\/2023\/02\/word-image-22257-47.jpeg\" srcset=\"https:\/\/cmm.imgw.pl\/wp-content\/uploads\/2023\/02\/word-image-22257-47.jpeg 696w, https:\/\/cmm.imgw.pl\/wp-content\/uploads\/2023\/02\/word-image-22257-47-300x300.jpeg 300w, https:\/\/cmm.imgw.pl\/wp-content\/uploads\/2023\/02\/word-image-22257-47-150x150.jpeg 150w, https:\/\/cmm.imgw.pl\/wp-content\/uploads\/2023\/02\/word-image-22257-47-600x600.jpeg 600w\" sizes=\"(max-width: 696px) 100vw, 696px\" \/> <img loading=\"lazy\" width=\"650\" height=\"650\" class=\"wp-image-22380 aligncenter\" src=\"http:\/\/cmm.imgw.pl\/wp-content\/uploads\/2023\/02\/word-image-22257-48.jpeg\" srcset=\"https:\/\/cmm.imgw.pl\/wp-content\/uploads\/2023\/02\/word-image-22257-48.jpeg 650w, https:\/\/cmm.imgw.pl\/wp-content\/uploads\/2023\/02\/word-image-22257-48-300x300.jpeg 300w, https:\/\/cmm.imgw.pl\/wp-content\/uploads\/2023\/02\/word-image-22257-48-150x150.jpeg 150w, https:\/\/cmm.imgw.pl\/wp-content\/uploads\/2023\/02\/word-image-22257-48-600x600.jpeg 600w\" sizes=\"(max-width: 650px) 100vw, 650px\" \/> <img loading=\"lazy\" width=\"614\" height=\"614\" class=\"wp-image-22381 aligncenter\" src=\"http:\/\/cmm.imgw.pl\/wp-content\/uploads\/2023\/02\/word-image-22257-49.jpeg\" srcset=\"https:\/\/cmm.imgw.pl\/wp-content\/uploads\/2023\/02\/word-image-22257-49.jpeg 614w, https:\/\/cmm.imgw.pl\/wp-content\/uploads\/2023\/02\/word-image-22257-49-300x300.jpeg 300w, https:\/\/cmm.imgw.pl\/wp-content\/uploads\/2023\/02\/word-image-22257-49-150x150.jpeg 150w, https:\/\/cmm.imgw.pl\/wp-content\/uploads\/2023\/02\/word-image-22257-49-600x600.jpeg 600w\" sizes=\"(max-width: 614px) 100vw, 614px\" \/> <img loading=\"lazy\" width=\"602\" height=\"602\" class=\"wp-image-22382 aligncenter\" src=\"http:\/\/cmm.imgw.pl\/wp-content\/uploads\/2023\/02\/word-image-22257-50.jpeg\" srcset=\"https:\/\/cmm.imgw.pl\/wp-content\/uploads\/2023\/02\/word-image-22257-50.jpeg 602w, https:\/\/cmm.imgw.pl\/wp-content\/uploads\/2023\/02\/word-image-22257-50-300x300.jpeg 300w, https:\/\/cmm.imgw.pl\/wp-content\/uploads\/2023\/02\/word-image-22257-50-150x150.jpeg 150w, https:\/\/cmm.imgw.pl\/wp-content\/uploads\/2023\/02\/word-image-22257-50-600x600.jpeg 600w\" sizes=\"(max-width: 602px) 100vw, 602px\" \/> <img loading=\"lazy\" width=\"588\" height=\"588\" class=\"wp-image-22383 aligncenter\" src=\"http:\/\/cmm.imgw.pl\/wp-content\/uploads\/2023\/02\/word-image-22257-51.jpeg\" srcset=\"https:\/\/cmm.imgw.pl\/wp-content\/uploads\/2023\/02\/word-image-22257-51.jpeg 588w, https:\/\/cmm.imgw.pl\/wp-content\/uploads\/2023\/02\/word-image-22257-51-300x300.jpeg 300w, https:\/\/cmm.imgw.pl\/wp-content\/uploads\/2023\/02\/word-image-22257-51-150x150.jpeg 150w\" sizes=\"(max-width: 588px) 100vw, 588px\" \/> <img loading=\"lazy\" width=\"576\" height=\"576\" class=\"wp-image-22384 aligncenter\" src=\"http:\/\/cmm.imgw.pl\/wp-content\/uploads\/2023\/02\/word-image-22257-52.jpeg\" srcset=\"https:\/\/cmm.imgw.pl\/wp-content\/uploads\/2023\/02\/word-image-22257-52.jpeg 576w, https:\/\/cmm.imgw.pl\/wp-content\/uploads\/2023\/02\/word-image-22257-52-300x300.jpeg 300w, https:\/\/cmm.imgw.pl\/wp-content\/uploads\/2023\/02\/word-image-22257-52-150x150.jpeg 150w\" sizes=\"(max-width: 576px) 100vw, 576px\" \/> <img loading=\"lazy\" width=\"614\" height=\"614\" class=\"wp-image-22385 aligncenter\" src=\"http:\/\/cmm.imgw.pl\/wp-content\/uploads\/2023\/02\/word-image-22257-53.jpeg\" srcset=\"https:\/\/cmm.imgw.pl\/wp-content\/uploads\/2023\/02\/word-image-22257-53.jpeg 614w, https:\/\/cmm.imgw.pl\/wp-content\/uploads\/2023\/02\/word-image-22257-53-300x300.jpeg 300w, https:\/\/cmm.imgw.pl\/wp-content\/uploads\/2023\/02\/word-image-22257-53-150x150.jpeg 150w, https:\/\/cmm.imgw.pl\/wp-content\/uploads\/2023\/02\/word-image-22257-53-600x600.jpeg 600w\" sizes=\"(max-width: 614px) 100vw, 614px\" \/> <img loading=\"lazy\" width=\"622\" height=\"622\" class=\"wp-image-22386 aligncenter\" src=\"http:\/\/cmm.imgw.pl\/wp-content\/uploads\/2023\/02\/word-image-22257-54.jpeg\" srcset=\"https:\/\/cmm.imgw.pl\/wp-content\/uploads\/2023\/02\/word-image-22257-54.jpeg 622w, https:\/\/cmm.imgw.pl\/wp-content\/uploads\/2023\/02\/word-image-22257-54-300x300.jpeg 300w, https:\/\/cmm.imgw.pl\/wp-content\/uploads\/2023\/02\/word-image-22257-54-150x150.jpeg 150w, https:\/\/cmm.imgw.pl\/wp-content\/uploads\/2023\/02\/word-image-22257-54-600x600.jpeg 600w\" sizes=\"(max-width: 622px) 100vw, 622px\" \/><\/p>\n<p>Pocz\u0105tkowo z zachodu na wsch\u00f3d przemieszcza\u0107 si\u0119 b\u0119dzie strefa umiarkowanych opad\u00f3w deszczu. Wieczorem i w nocy strefa opadu deszczu znajdowa\u0107 si\u0119 b\u0119dzie w obszarze od po\u0142udnia po centrum kraju. Wieczorem, w woj. \u0142\u00f3dzkim i \u015bwi\u0119tokrzyskim mo\u017cliwe opady mieszane deszczu ze \u015bniegiem oraz \u015bniegu. W Tatrach mo\u017cliwy \u015bnieg oraz deszcz ze \u015bniegiem. Lokalnie opady mog\u0105 mie\u0107 charakter przelotny charakteryzuj\u0105cy si\u0119 zmienn\u0105 intensywno\u015bci\u0105 i wi\u0119kszymi rozmiarami kropel.<\/p>\n<p><img loading=\"lazy\" width=\"800\" height=\"800\" class=\"wp-image-22387 aligncenter\" src=\"http:\/\/cmm.imgw.pl\/wp-content\/uploads\/2023\/02\/word-image-22257-55.png\" srcset=\"https:\/\/cmm.imgw.pl\/wp-content\/uploads\/2023\/02\/word-image-22257-55.png 800w, https:\/\/cmm.imgw.pl\/wp-content\/uploads\/2023\/02\/word-image-22257-55-300x300.png 300w, https:\/\/cmm.imgw.pl\/wp-content\/uploads\/2023\/02\/word-image-22257-55-150x150.png 150w, https:\/\/cmm.imgw.pl\/wp-content\/uploads\/2023\/02\/word-image-22257-55-768x768.png 768w, https:\/\/cmm.imgw.pl\/wp-content\/uploads\/2023\/02\/word-image-22257-55-600x600.png 600w\" sizes=\"(max-width: 800px) 100vw, 800px\" \/> <img loading=\"lazy\" width=\"800\" height=\"800\" class=\"wp-image-22388 aligncenter\" src=\"http:\/\/cmm.imgw.pl\/wp-content\/uploads\/2023\/02\/word-image-22257-56.png\" srcset=\"https:\/\/cmm.imgw.pl\/wp-content\/uploads\/2023\/02\/word-image-22257-56.png 800w, https:\/\/cmm.imgw.pl\/wp-content\/uploads\/2023\/02\/word-image-22257-56-300x300.png 300w, https:\/\/cmm.imgw.pl\/wp-content\/uploads\/2023\/02\/word-image-22257-56-150x150.png 150w, https:\/\/cmm.imgw.pl\/wp-content\/uploads\/2023\/02\/word-image-22257-56-768x768.png 768w, https:\/\/cmm.imgw.pl\/wp-content\/uploads\/2023\/02\/word-image-22257-56-600x600.png 600w\" sizes=\"(max-width: 800px) 100vw, 800px\" \/><\/p>\n<p>Zachmurzenie og\u00f3lne ca\u0142kowite, miejscami du\u017ce.<\/p>\n<p><img loading=\"lazy\" width=\"800\" height=\"800\" class=\"wp-image-22389 aligncenter\" src=\"http:\/\/cmm.imgw.pl\/wp-content\/uploads\/2023\/02\/word-image-22257-57.png\" srcset=\"https:\/\/cmm.imgw.pl\/wp-content\/uploads\/2023\/02\/word-image-22257-57.png 800w, https:\/\/cmm.imgw.pl\/wp-content\/uploads\/2023\/02\/word-image-22257-57-300x300.png 300w, https:\/\/cmm.imgw.pl\/wp-content\/uploads\/2023\/02\/word-image-22257-57-150x150.png 150w, https:\/\/cmm.imgw.pl\/wp-content\/uploads\/2023\/02\/word-image-22257-57-768x768.png 768w, https:\/\/cmm.imgw.pl\/wp-content\/uploads\/2023\/02\/word-image-22257-57-600x600.png 600w\" sizes=\"(max-width: 800px) 100vw, 800px\" \/> <img loading=\"lazy\" width=\"800\" height=\"800\" class=\"wp-image-22390 aligncenter\" src=\"http:\/\/cmm.imgw.pl\/wp-content\/uploads\/2023\/02\/word-image-22257-58.png\" srcset=\"https:\/\/cmm.imgw.pl\/wp-content\/uploads\/2023\/02\/word-image-22257-58.png 800w, https:\/\/cmm.imgw.pl\/wp-content\/uploads\/2023\/02\/word-image-22257-58-300x300.png 300w, https:\/\/cmm.imgw.pl\/wp-content\/uploads\/2023\/02\/word-image-22257-58-150x150.png 150w, https:\/\/cmm.imgw.pl\/wp-content\/uploads\/2023\/02\/word-image-22257-58-768x768.png 768w, https:\/\/cmm.imgw.pl\/wp-content\/uploads\/2023\/02\/word-image-22257-58-600x600.png 600w\" sizes=\"(max-width: 800px) 100vw, 800px\" \/><\/p>\n<p>Zachmurzenie pi\u0119tra niskiego du\u017ce i ca\u0142kowite. W pasie od centrum w kierunku NW \u2013 SE mo\u017cliwe rozpogodzenie w ww. warstwie chmur. W nocy zachmurzenie du\u017ce i ca\u0142kowite. Na niebie Stratocumulus, Stratus.<\/p>\n<p><img loading=\"lazy\" width=\"800\" height=\"800\" class=\"wp-image-22391 aligncenter\" src=\"http:\/\/cmm.imgw.pl\/wp-content\/uploads\/2023\/02\/word-image-22257-59.png\" srcset=\"https:\/\/cmm.imgw.pl\/wp-content\/uploads\/2023\/02\/word-image-22257-59.png 800w, https:\/\/cmm.imgw.pl\/wp-content\/uploads\/2023\/02\/word-image-22257-59-300x300.png 300w, https:\/\/cmm.imgw.pl\/wp-content\/uploads\/2023\/02\/word-image-22257-59-150x150.png 150w, https:\/\/cmm.imgw.pl\/wp-content\/uploads\/2023\/02\/word-image-22257-59-768x768.png 768w, https:\/\/cmm.imgw.pl\/wp-content\/uploads\/2023\/02\/word-image-22257-59-600x600.png 600w\" sizes=\"(max-width: 800px) 100vw, 800px\" \/> <img loading=\"lazy\" width=\"800\" height=\"800\" class=\"wp-image-22392 aligncenter\" src=\"http:\/\/cmm.imgw.pl\/wp-content\/uploads\/2023\/02\/word-image-22257-60.png\" srcset=\"https:\/\/cmm.imgw.pl\/wp-content\/uploads\/2023\/02\/word-image-22257-60.png 800w, https:\/\/cmm.imgw.pl\/wp-content\/uploads\/2023\/02\/word-image-22257-60-300x300.png 300w, https:\/\/cmm.imgw.pl\/wp-content\/uploads\/2023\/02\/word-image-22257-60-150x150.png 150w, https:\/\/cmm.imgw.pl\/wp-content\/uploads\/2023\/02\/word-image-22257-60-768x768.png 768w, https:\/\/cmm.imgw.pl\/wp-content\/uploads\/2023\/02\/word-image-22257-60-600x600.png 600w\" sizes=\"(max-width: 800px) 100vw, 800px\" \/><\/p>\n<p>W dzie\u0144 zachmurzenie pi\u0119tra \u015bredniego du\u017ce i ca\u0142kowite. W nocy w obszarze p\u00f3\u0142nocno wschodnim, p\u00f3\u0142nocnym i cz\u0119\u015bciowo na wschodzie rozpogodzenia w tym pi\u0119trze chmur. Na niebie Altostratus, Altocumulus.<\/p>\n<p><img loading=\"lazy\" width=\"800\" height=\"800\" class=\"wp-image-22393 aligncenter\" src=\"http:\/\/cmm.imgw.pl\/wp-content\/uploads\/2023\/02\/word-image-22257-61.png\" srcset=\"https:\/\/cmm.imgw.pl\/wp-content\/uploads\/2023\/02\/word-image-22257-61.png 800w, https:\/\/cmm.imgw.pl\/wp-content\/uploads\/2023\/02\/word-image-22257-61-300x300.png 300w, https:\/\/cmm.imgw.pl\/wp-content\/uploads\/2023\/02\/word-image-22257-61-150x150.png 150w, https:\/\/cmm.imgw.pl\/wp-content\/uploads\/2023\/02\/word-image-22257-61-768x768.png 768w, https:\/\/cmm.imgw.pl\/wp-content\/uploads\/2023\/02\/word-image-22257-61-600x600.png 600w\" sizes=\"(max-width: 800px) 100vw, 800px\" \/> <img loading=\"lazy\" width=\"800\" height=\"800\" class=\"wp-image-22394 aligncenter\" src=\"http:\/\/cmm.imgw.pl\/wp-content\/uploads\/2023\/02\/word-image-22257-62.png\" srcset=\"https:\/\/cmm.imgw.pl\/wp-content\/uploads\/2023\/02\/word-image-22257-62.png 800w, https:\/\/cmm.imgw.pl\/wp-content\/uploads\/2023\/02\/word-image-22257-62-300x300.png 300w, https:\/\/cmm.imgw.pl\/wp-content\/uploads\/2023\/02\/word-image-22257-62-150x150.png 150w, https:\/\/cmm.imgw.pl\/wp-content\/uploads\/2023\/02\/word-image-22257-62-768x768.png 768w, https:\/\/cmm.imgw.pl\/wp-content\/uploads\/2023\/02\/word-image-22257-62-600x600.png 600w\" sizes=\"(max-width: 800px) 100vw, 800px\" \/> <img loading=\"lazy\" width=\"800\" height=\"800\" class=\"wp-image-22395 aligncenter\" src=\"http:\/\/cmm.imgw.pl\/wp-content\/uploads\/2023\/02\/word-image-22257-63.png\" srcset=\"https:\/\/cmm.imgw.pl\/wp-content\/uploads\/2023\/02\/word-image-22257-63.png 800w, https:\/\/cmm.imgw.pl\/wp-content\/uploads\/2023\/02\/word-image-22257-63-300x300.png 300w, https:\/\/cmm.imgw.pl\/wp-content\/uploads\/2023\/02\/word-image-22257-63-150x150.png 150w, https:\/\/cmm.imgw.pl\/wp-content\/uploads\/2023\/02\/word-image-22257-63-768x768.png 768w, https:\/\/cmm.imgw.pl\/wp-content\/uploads\/2023\/02\/word-image-22257-63-600x600.png 600w\" sizes=\"(max-width: 800px) 100vw, 800px\" \/><\/p>\n<p>W dzie\u0144 zachmurzenie pi\u0119tra wysokiego du\u017ce i ca\u0142kowite. Wieczorem na znacznym obszarze kraju brak chmur pi\u0119tra wysokiego. W nocy z zachodu wzrost zachmurzenie pi\u0119tra wysokiego. Na niebie Cirrus fibratus\/spissatus oraz Cirrostratus fibratus.<\/p>\n<p>Lokalnie chmury Cumulonimbus i Cumulus. Po po\u0142udniu i wieczorem, a tak\u017ce w nocy, na po\u0142udniu kraju mo\u017cliwe chmury Cumulonimbus.<\/p>\n<p><img loading=\"lazy\" width=\"587\" height=\"587\" class=\"wp-image-22396 aligncenter\" src=\"http:\/\/cmm.imgw.pl\/wp-content\/uploads\/2023\/02\/word-image-22257-64.png\" srcset=\"https:\/\/cmm.imgw.pl\/wp-content\/uploads\/2023\/02\/word-image-22257-64.png 587w, https:\/\/cmm.imgw.pl\/wp-content\/uploads\/2023\/02\/word-image-22257-64-300x300.png 300w, https:\/\/cmm.imgw.pl\/wp-content\/uploads\/2023\/02\/word-image-22257-64-150x150.png 150w\" sizes=\"(max-width: 587px) 100vw, 587px\" \/> <img loading=\"lazy\" width=\"552\" height=\"552\" class=\"wp-image-22397 aligncenter\" src=\"http:\/\/cmm.imgw.pl\/wp-content\/uploads\/2023\/02\/word-image-22257-65.png\" srcset=\"https:\/\/cmm.imgw.pl\/wp-content\/uploads\/2023\/02\/word-image-22257-65.png 552w, https:\/\/cmm.imgw.pl\/wp-content\/uploads\/2023\/02\/word-image-22257-65-300x300.png 300w, https:\/\/cmm.imgw.pl\/wp-content\/uploads\/2023\/02\/word-image-22257-65-150x150.png 150w\" sizes=\"(max-width: 552px) 100vw, 552px\" \/> <img loading=\"lazy\" width=\"572\" height=\"572\" class=\"wp-image-22398 aligncenter\" src=\"http:\/\/cmm.imgw.pl\/wp-content\/uploads\/2023\/02\/word-image-22257-66.png\" srcset=\"https:\/\/cmm.imgw.pl\/wp-content\/uploads\/2023\/02\/word-image-22257-66.png 572w, https:\/\/cmm.imgw.pl\/wp-content\/uploads\/2023\/02\/word-image-22257-66-300x300.png 300w, https:\/\/cmm.imgw.pl\/wp-content\/uploads\/2023\/02\/word-image-22257-66-150x150.png 150w\" sizes=\"(max-width: 572px) 100vw, 572px\" \/> <img loading=\"lazy\" width=\"542\" height=\"542\" class=\"wp-image-22399 aligncenter\" src=\"http:\/\/cmm.imgw.pl\/wp-content\/uploads\/2023\/02\/word-image-22257-67.png\" srcset=\"https:\/\/cmm.imgw.pl\/wp-content\/uploads\/2023\/02\/word-image-22257-67.png 542w, https:\/\/cmm.imgw.pl\/wp-content\/uploads\/2023\/02\/word-image-22257-67-300x300.png 300w, https:\/\/cmm.imgw.pl\/wp-content\/uploads\/2023\/02\/word-image-22257-67-150x150.png 150w\" sizes=\"(max-width: 542px) 100vw, 542px\" \/> <img loading=\"lazy\" width=\"607\" height=\"607\" class=\"wp-image-22400 aligncenter\" src=\"http:\/\/cmm.imgw.pl\/wp-content\/uploads\/2023\/02\/word-image-22257-68.png\" srcset=\"https:\/\/cmm.imgw.pl\/wp-content\/uploads\/2023\/02\/word-image-22257-68.png 607w, https:\/\/cmm.imgw.pl\/wp-content\/uploads\/2023\/02\/word-image-22257-68-300x300.png 300w, https:\/\/cmm.imgw.pl\/wp-content\/uploads\/2023\/02\/word-image-22257-68-150x150.png 150w, https:\/\/cmm.imgw.pl\/wp-content\/uploads\/2023\/02\/word-image-22257-68-600x600.png 600w\" sizes=\"(max-width: 607px) 100vw, 607px\" \/><\/p>\n<p>W strefie opad\u00f3w ograniczenie widzialno\u015bci do 3-4 km.<\/p>\n\n\n<p>Opracowanie:<\/p>\n\n\n\n<p>dr&nbsp;Grzegorz&nbsp;Duniec, Centrum Modelowania Meteorologicznego IMGW-PIB<\/p>\n","protected":false},"excerpt":{"rendered":"<p>Komentarz do numerycznych prognoz pogody opracowany w Centrum Modelowania Meteorologicznego IMGW-PIB.<\/p>\n","protected":false},"author":3,"featured_media":0,"comment_status":"closed","ping_status":"open","sticky":false,"template":"","format":"standard","meta":{"ocean_post_layout":"","ocean_both_sidebars_style":"","ocean_both_sidebars_content_width":0,"ocean_both_sidebars_sidebars_width":0,"ocean_sidebar":"0","ocean_second_sidebar":"0","ocean_disable_margins":"enable","ocean_add_body_class":"","ocean_shortcode_before_top_bar":"","ocean_shortcode_after_top_bar":"","ocean_shortcode_before_header":"","ocean_shortcode_after_header":"","ocean_has_shortcode":"","ocean_shortcode_after_title":"","ocean_shortcode_before_footer_widgets":"","ocean_shortcode_after_footer_widgets":"","ocean_shortcode_before_footer_bottom":"","ocean_shortcode_after_footer_bottom":"","ocean_display_top_bar":"default","ocean_display_header":"default","ocean_header_style":"","ocean_center_header_left_menu":"0","ocean_custom_header_template":"0","ocean_custom_logo":0,"ocean_custom_retina_logo":0,"ocean_custom_logo_max_width":0,"ocean_custom_logo_tablet_max_width":0,"ocean_custom_logo_mobile_max_width":0,"ocean_custom_logo_max_height":0,"ocean_custom_logo_tablet_max_height":0,"ocean_custom_logo_mobile_max_height":0,"ocean_header_custom_menu":"0","ocean_menu_typo_font_family":"0","ocean_menu_typo_font_subset":"","ocean_menu_typo_font_size":0,"ocean_menu_typo_font_size_tablet":0,"ocean_menu_typo_font_size_mobile":0,"ocean_menu_typo_font_size_unit":"px","ocean_menu_typo_font_weight":"","ocean_menu_typo_font_weight_tablet":"","ocean_menu_typo_font_weight_mobile":"","ocean_menu_typo_transform":"","ocean_menu_typo_transform_tablet":"","ocean_menu_typo_transform_mobile":"","ocean_menu_typo_line_height":0,"ocean_menu_typo_line_height_tablet":0,"ocean_menu_typo_line_height_mobile":0,"ocean_menu_typo_line_height_unit":"","ocean_menu_typo_spacing":0,"ocean_menu_typo_spacing_tablet":0,"ocean_menu_typo_spacing_mobile":0,"ocean_menu_typo_spacing_unit":"","ocean_menu_link_color":"","ocean_menu_link_color_hover":"","ocean_menu_link_color_active":"","ocean_menu_link_background":"","ocean_menu_link_hover_background":"","ocean_menu_link_active_background":"","ocean_menu_social_links_bg":"","ocean_menu_social_hover_links_bg":"","ocean_menu_social_links_color":"","ocean_menu_social_hover_links_color":"","ocean_disable_title":"default","ocean_disable_heading":"default","ocean_post_title":"","ocean_post_subheading":"","ocean_post_title_style":"","ocean_post_title_background_color":"","ocean_post_title_background":0,"ocean_post_title_bg_image_position":"","ocean_post_title_bg_image_attachment":"","ocean_post_title_bg_image_repeat":"","ocean_post_title_bg_image_size":"","ocean_post_title_height":0,"ocean_post_title_bg_overlay":0.5,"ocean_post_title_bg_overlay_color":"","ocean_disable_breadcrumbs":"default","ocean_breadcrumbs_color":"","ocean_breadcrumbs_separator_color":"","ocean_breadcrumbs_links_color":"","ocean_breadcrumbs_links_hover_color":"","ocean_display_footer_widgets":"default","ocean_display_footer_bottom":"default","ocean_custom_footer_template":"0","ocean_post_oembed":"","ocean_post_self_hosted_media":"","ocean_post_video_embed":"","ocean_link_format":"","ocean_link_format_target":"self","ocean_quote_format":"","ocean_quote_format_link":"post","ocean_gallery_link_images":"on","ocean_gallery_id":[]},"categories":[93],"tags":[68,95,85,73,97,98,76,94,99,71,96,79],"yoast_head":"<!-- This site is optimized with the Yoast SEO plugin v19.5.1 - https:\/\/yoast.com\/wordpress\/plugins\/seo\/ -->\n<title>Komentarz do numerycznych prognoz pogody (18.02.2023) - Laboratorium Modelowania Meteorologicznego CMOK IMGW-PIB<\/title>\n<meta name=\"description\" content=\"Komentarz do numerycznych prognoz pogody opracowany w Centrum Modelowania Meteorologicznego IMGW-PIB.\" \/>\n<meta name=\"robots\" content=\"index, follow, max-snippet:-1, max-image-preview:large, max-video-preview:-1\" \/>\n<link rel=\"canonical\" href=\"https:\/\/cmm.imgw.pl\/?p=22257\" \/>\n<meta property=\"og:locale\" content=\"pl_PL\" \/>\n<meta property=\"og:type\" content=\"article\" \/>\n<meta property=\"og:title\" content=\"Komentarz do numerycznych prognoz pogody (18.02.2023)\" \/>\n<meta property=\"og:description\" content=\"Komentarz do numerycznych prognoz pogody opracowany w Centrum Modelowania Meteorologicznego IMGW-PIB\" \/>\n<meta property=\"og:url\" content=\"https:\/\/cmm.imgw.pl\/?p=22257\" \/>\n<meta property=\"og:site_name\" content=\"Laboratorium Modelowania Meteorologicznego CMOK IMGW-PIB\" \/>\n<meta property=\"article:publisher\" content=\"https:\/\/www.facebook.com\/Meteoimgw\/\" \/>\n<meta property=\"article:published_time\" content=\"2023-02-18T11:45:04+00:00\" \/>\n<meta property=\"article:modified_time\" content=\"2023-02-21T06:25:22+00:00\" \/>\n<meta property=\"og:image\" content=\"http:\/\/cmm.imgw.pl\/wp-content\/uploads\/2023\/02\/word-image-22257-36.png\" \/>\n\t<meta property=\"og:image:width\" content=\"600\" \/>\n\t<meta property=\"og:image:height\" content=\"640\" \/>\n\t<meta property=\"og:image:type\" content=\"image\/png\" \/>\n<meta name=\"author\" content=\"CMM\" \/>\n<meta name=\"twitter:card\" content=\"summary_large_image\" \/>\n<meta name=\"twitter:title\" content=\"Komentarz do numerycznych prognoz pogody (18.02.2023)\" \/>\n<meta name=\"twitter:description\" content=\"Komentarz do numerycznych prognoz pogody opracowany w Centrum Modelowania Meteorologicznego IMGW-PIB\" \/>\n<meta name=\"twitter:image\" content=\"https:\/\/cmm.imgw.pl\/wp-content\/uploads\/2023\/02\/word-image-22257-36.png\" \/>\n<meta name=\"twitter:creator\" content=\"@IMGW_CMM\" \/>\n<meta name=\"twitter:site\" content=\"@IMGW_CMM\" \/>\n<meta name=\"twitter:label1\" content=\"Napisane przez\" \/>\n\t<meta name=\"twitter:data1\" content=\"CMM\" \/>\n\t<meta name=\"twitter:label2\" content=\"Szacowany czas czytania\" \/>\n\t<meta name=\"twitter:data2\" content=\"19 minut\" \/>\n<script type=\"application\/ld+json\" class=\"yoast-schema-graph\">{\"@context\":\"https:\/\/schema.org\",\"@graph\":[{\"@type\":\"Article\",\"@id\":\"https:\/\/cmm.imgw.pl\/?p=22257#article\",\"isPartOf\":{\"@id\":\"https:\/\/cmm.imgw.pl\/?p=22257\"},\"author\":{\"name\":\"CMM\",\"@id\":\"https:\/\/cmm.imgw.pl\/#\/schema\/person\/a24a37fe434fe76b0f5791e6bd3fdb46\"},\"headline\":\"Komentarz do numerycznych prognoz pogody (18.02.2023)\",\"datePublished\":\"2023-02-18T11:45:04+00:00\",\"dateModified\":\"2023-02-21T06:25:22+00:00\",\"mainEntityOfPage\":{\"@id\":\"https:\/\/cmm.imgw.pl\/?p=22257\"},\"wordCount\":969,\"publisher\":{\"@id\":\"https:\/\/cmm.imgw.pl\/#organization\"},\"keywords\":[\"cmm\",\"Cosmo\",\"imgw\",\"klimat\",\"komentarz\",\"komentarz pogodowy\",\"meteorologia\",\"NMP\",\"NPP\",\"pogoda\",\"prognoza pogody\",\"zima\"],\"articleSection\":[\"Komentarz\"],\"inLanguage\":\"pl-PL\"},{\"@type\":\"WebPage\",\"@id\":\"https:\/\/cmm.imgw.pl\/?p=22257\",\"url\":\"https:\/\/cmm.imgw.pl\/?p=22257\",\"name\":\"Komentarz do numerycznych prognoz pogody (18.02.2023) - Laboratorium Modelowania Meteorologicznego CMOK IMGW-PIB\",\"isPartOf\":{\"@id\":\"https:\/\/cmm.imgw.pl\/#website\"},\"datePublished\":\"2023-02-18T11:45:04+00:00\",\"dateModified\":\"2023-02-21T06:25:22+00:00\",\"description\":\"Komentarz do numerycznych prognoz pogody opracowany w Centrum Modelowania Meteorologicznego IMGW-PIB.\",\"breadcrumb\":{\"@id\":\"https:\/\/cmm.imgw.pl\/?p=22257#breadcrumb\"},\"inLanguage\":\"pl-PL\",\"potentialAction\":[{\"@type\":\"ReadAction\",\"target\":[\"https:\/\/cmm.imgw.pl\/?p=22257\"]}]},{\"@type\":\"BreadcrumbList\",\"@id\":\"https:\/\/cmm.imgw.pl\/?p=22257#breadcrumb\",\"itemListElement\":[{\"@type\":\"ListItem\",\"position\":1,\"name\":\"Home\",\"item\":\"https:\/\/cmm.imgw.pl\/\"},{\"@type\":\"ListItem\",\"position\":2,\"name\":\"Komentarz do numerycznych prognoz pogody (18.02.2023)\"}]},{\"@type\":\"WebSite\",\"@id\":\"https:\/\/cmm.imgw.pl\/#website\",\"url\":\"https:\/\/cmm.imgw.pl\/\",\"name\":\"Laboratorium Modelowania Meteorologicznego CMOK IMGW-PIB\",\"description\":\"CMOK-LMM Laboratorium pe\u0142ni pa\u0144stwow\u0105 s\u0142u\u017cb\u0119 hydrologiczno-meteorologiczn\u0105 w zakresie numerycznych prognoz pogody, kt\u00f3rego zadaniem jest konsolidacja kompetencji w obszarze modelowania zjawisk pogodowych oraz dalszego rozwoju numerycznych modeli pogody (NMP).\",\"publisher\":{\"@id\":\"https:\/\/cmm.imgw.pl\/#organization\"},\"potentialAction\":[{\"@type\":\"SearchAction\",\"target\":{\"@type\":\"EntryPoint\",\"urlTemplate\":\"https:\/\/cmm.imgw.pl\/?s={search_term_string}\"},\"query-input\":\"required name=search_term_string\"}],\"inLanguage\":\"pl-PL\"},{\"@type\":\"Organization\",\"@id\":\"https:\/\/cmm.imgw.pl\/#organization\",\"name\":\"Laboratorium Modelowania Meteorologicznego CMOK IMGW-PIB\",\"url\":\"https:\/\/cmm.imgw.pl\/\",\"sameAs\":[\"https:\/\/www.facebook.com\/Meteoimgw\/\",\"https:\/\/twitter.com\/IMGW_CMM\"],\"logo\":{\"@type\":\"ImageObject\",\"inLanguage\":\"pl-PL\",\"@id\":\"https:\/\/cmm.imgw.pl\/#\/schema\/logo\/image\/\",\"url\":\"https:\/\/cmm.imgw.pl\/wp-content\/uploads\/2025\/10\/MODELE_LOGO_UNIFIKACJA_v2.png\",\"contentUrl\":\"https:\/\/cmm.imgw.pl\/wp-content\/uploads\/2025\/10\/MODELE_LOGO_UNIFIKACJA_v2.png\",\"width\":1356,\"height\":365,\"caption\":\"Laboratorium Modelowania Meteorologicznego CMOK IMGW-PIB\"},\"image\":{\"@id\":\"https:\/\/cmm.imgw.pl\/#\/schema\/logo\/image\/\"}},{\"@type\":\"Person\",\"@id\":\"https:\/\/cmm.imgw.pl\/#\/schema\/person\/a24a37fe434fe76b0f5791e6bd3fdb46\",\"name\":\"CMM\",\"image\":{\"@type\":\"ImageObject\",\"inLanguage\":\"pl-PL\",\"@id\":\"https:\/\/cmm.imgw.pl\/#\/schema\/person\/image\/\",\"url\":\"https:\/\/secure.gravatar.com\/avatar\/9248ea2273711f1cd09d6bd45867dbfb?s=96&d=blank&r=g\",\"contentUrl\":\"https:\/\/secure.gravatar.com\/avatar\/9248ea2273711f1cd09d6bd45867dbfb?s=96&d=blank&r=g\",\"caption\":\"CMM\"},\"sameAs\":[\"http:\/\/cmm.imgw.pl\"],\"url\":\"https:\/\/cmm.imgw.pl\/?author=3\"}]}<\/script>\n<!-- \/ Yoast SEO plugin. -->","yoast_head_json":{"title":"Komentarz do numerycznych prognoz pogody (18.02.2023) - Laboratorium Modelowania Meteorologicznego CMOK IMGW-PIB","description":"Komentarz do numerycznych prognoz pogody opracowany w Centrum Modelowania Meteorologicznego IMGW-PIB.","robots":{"index":"index","follow":"follow","max-snippet":"max-snippet:-1","max-image-preview":"max-image-preview:large","max-video-preview":"max-video-preview:-1"},"canonical":"https:\/\/cmm.imgw.pl\/?p=22257","og_locale":"pl_PL","og_type":"article","og_title":"Komentarz do numerycznych prognoz pogody (18.02.2023)","og_description":"Komentarz do numerycznych prognoz pogody opracowany w Centrum Modelowania Meteorologicznego IMGW-PIB","og_url":"https:\/\/cmm.imgw.pl\/?p=22257","og_site_name":"Laboratorium Modelowania Meteorologicznego CMOK IMGW-PIB","article_publisher":"https:\/\/www.facebook.com\/Meteoimgw\/","article_published_time":"2023-02-18T11:45:04+00:00","article_modified_time":"2023-02-21T06:25:22+00:00","og_image":[{"width":600,"height":640,"url":"http:\/\/cmm.imgw.pl\/wp-content\/uploads\/2023\/02\/word-image-22257-36.png","type":"image\/png"}],"author":"CMM","twitter_card":"summary_large_image","twitter_title":"Komentarz do numerycznych prognoz pogody (18.02.2023)","twitter_description":"Komentarz do numerycznych prognoz pogody opracowany w Centrum Modelowania Meteorologicznego IMGW-PIB","twitter_image":"https:\/\/cmm.imgw.pl\/wp-content\/uploads\/2023\/02\/word-image-22257-36.png","twitter_creator":"@IMGW_CMM","twitter_site":"@IMGW_CMM","twitter_misc":{"Napisane przez":"CMM","Szacowany czas czytania":"19 minut"},"schema":{"@context":"https:\/\/schema.org","@graph":[{"@type":"Article","@id":"https:\/\/cmm.imgw.pl\/?p=22257#article","isPartOf":{"@id":"https:\/\/cmm.imgw.pl\/?p=22257"},"author":{"name":"CMM","@id":"https:\/\/cmm.imgw.pl\/#\/schema\/person\/a24a37fe434fe76b0f5791e6bd3fdb46"},"headline":"Komentarz do numerycznych prognoz pogody (18.02.2023)","datePublished":"2023-02-18T11:45:04+00:00","dateModified":"2023-02-21T06:25:22+00:00","mainEntityOfPage":{"@id":"https:\/\/cmm.imgw.pl\/?p=22257"},"wordCount":969,"publisher":{"@id":"https:\/\/cmm.imgw.pl\/#organization"},"keywords":["cmm","Cosmo","imgw","klimat","komentarz","komentarz pogodowy","meteorologia","NMP","NPP","pogoda","prognoza pogody","zima"],"articleSection":["Komentarz"],"inLanguage":"pl-PL"},{"@type":"WebPage","@id":"https:\/\/cmm.imgw.pl\/?p=22257","url":"https:\/\/cmm.imgw.pl\/?p=22257","name":"Komentarz do numerycznych prognoz pogody (18.02.2023) - Laboratorium Modelowania Meteorologicznego CMOK IMGW-PIB","isPartOf":{"@id":"https:\/\/cmm.imgw.pl\/#website"},"datePublished":"2023-02-18T11:45:04+00:00","dateModified":"2023-02-21T06:25:22+00:00","description":"Komentarz do numerycznych prognoz pogody opracowany w Centrum Modelowania Meteorologicznego IMGW-PIB.","breadcrumb":{"@id":"https:\/\/cmm.imgw.pl\/?p=22257#breadcrumb"},"inLanguage":"pl-PL","potentialAction":[{"@type":"ReadAction","target":["https:\/\/cmm.imgw.pl\/?p=22257"]}]},{"@type":"BreadcrumbList","@id":"https:\/\/cmm.imgw.pl\/?p=22257#breadcrumb","itemListElement":[{"@type":"ListItem","position":1,"name":"Home","item":"https:\/\/cmm.imgw.pl\/"},{"@type":"ListItem","position":2,"name":"Komentarz do numerycznych prognoz pogody (18.02.2023)"}]},{"@type":"WebSite","@id":"https:\/\/cmm.imgw.pl\/#website","url":"https:\/\/cmm.imgw.pl\/","name":"Laboratorium Modelowania Meteorologicznego CMOK IMGW-PIB","description":"CMOK-LMM Laboratorium pe\u0142ni pa\u0144stwow\u0105 s\u0142u\u017cb\u0119 hydrologiczno-meteorologiczn\u0105 w zakresie numerycznych prognoz pogody, kt\u00f3rego zadaniem jest konsolidacja kompetencji w obszarze modelowania zjawisk pogodowych oraz dalszego rozwoju numerycznych modeli pogody (NMP).","publisher":{"@id":"https:\/\/cmm.imgw.pl\/#organization"},"potentialAction":[{"@type":"SearchAction","target":{"@type":"EntryPoint","urlTemplate":"https:\/\/cmm.imgw.pl\/?s={search_term_string}"},"query-input":"required name=search_term_string"}],"inLanguage":"pl-PL"},{"@type":"Organization","@id":"https:\/\/cmm.imgw.pl\/#organization","name":"Laboratorium Modelowania Meteorologicznego CMOK IMGW-PIB","url":"https:\/\/cmm.imgw.pl\/","sameAs":["https:\/\/www.facebook.com\/Meteoimgw\/","https:\/\/twitter.com\/IMGW_CMM"],"logo":{"@type":"ImageObject","inLanguage":"pl-PL","@id":"https:\/\/cmm.imgw.pl\/#\/schema\/logo\/image\/","url":"https:\/\/cmm.imgw.pl\/wp-content\/uploads\/2025\/10\/MODELE_LOGO_UNIFIKACJA_v2.png","contentUrl":"https:\/\/cmm.imgw.pl\/wp-content\/uploads\/2025\/10\/MODELE_LOGO_UNIFIKACJA_v2.png","width":1356,"height":365,"caption":"Laboratorium Modelowania Meteorologicznego CMOK IMGW-PIB"},"image":{"@id":"https:\/\/cmm.imgw.pl\/#\/schema\/logo\/image\/"}},{"@type":"Person","@id":"https:\/\/cmm.imgw.pl\/#\/schema\/person\/a24a37fe434fe76b0f5791e6bd3fdb46","name":"CMM","image":{"@type":"ImageObject","inLanguage":"pl-PL","@id":"https:\/\/cmm.imgw.pl\/#\/schema\/person\/image\/","url":"https:\/\/secure.gravatar.com\/avatar\/9248ea2273711f1cd09d6bd45867dbfb?s=96&d=blank&r=g","contentUrl":"https:\/\/secure.gravatar.com\/avatar\/9248ea2273711f1cd09d6bd45867dbfb?s=96&d=blank&r=g","caption":"CMM"},"sameAs":["http:\/\/cmm.imgw.pl"],"url":"https:\/\/cmm.imgw.pl\/?author=3"}]}},"_links":{"self":[{"href":"https:\/\/cmm.imgw.pl\/index.php?rest_route=\/wp\/v2\/posts\/22257"}],"collection":[{"href":"https:\/\/cmm.imgw.pl\/index.php?rest_route=\/wp\/v2\/posts"}],"about":[{"href":"https:\/\/cmm.imgw.pl\/index.php?rest_route=\/wp\/v2\/types\/post"}],"author":[{"embeddable":true,"href":"https:\/\/cmm.imgw.pl\/index.php?rest_route=\/wp\/v2\/users\/3"}],"replies":[{"embeddable":true,"href":"https:\/\/cmm.imgw.pl\/index.php?rest_route=%2Fwp%2Fv2%2Fcomments&post=22257"}],"version-history":[{"count":4,"href":"https:\/\/cmm.imgw.pl\/index.php?rest_route=\/wp\/v2\/posts\/22257\/revisions"}],"predecessor-version":[{"id":22621,"href":"https:\/\/cmm.imgw.pl\/index.php?rest_route=\/wp\/v2\/posts\/22257\/revisions\/22621"}],"wp:attachment":[{"href":"https:\/\/cmm.imgw.pl\/index.php?rest_route=%2Fwp%2Fv2%2Fmedia&parent=22257"}],"wp:term":[{"taxonomy":"category","embeddable":true,"href":"https:\/\/cmm.imgw.pl\/index.php?rest_route=%2Fwp%2Fv2%2Fcategories&post=22257"},{"taxonomy":"post_tag","embeddable":true,"href":"https:\/\/cmm.imgw.pl\/index.php?rest_route=%2Fwp%2Fv2%2Ftags&post=22257"}],"curies":[{"name":"wp","href":"https:\/\/api.w.org\/{rel}","templated":true}]}}