{"id":21686,"date":"2023-01-26T16:08:30","date_gmt":"2023-01-26T15:08:30","guid":{"rendered":"https:\/\/cmm.imgw.pl\/?p=21686"},"modified":"2023-01-30T06:47:09","modified_gmt":"2023-01-30T05:47:09","slug":"ksiezyc-w-zlaczeniu-z-hiadami-plejadami-marsem-i-uranem","status":"publish","type":"post","link":"https:\/\/cmm.imgw.pl\/?p=21686","title":{"rendered":"Ksi\u0119\u017cyc w z\u0142\u0105czeniu z Hiadami, Plejadami, Marsem i Uranem [Prognoza pogody na wiecz\u00f3r 30.01.2023 ]"},"content":{"rendered":"\n<p><\/p>\n\n\n\n<p>Od 29 do 31 stycznia br. nasz naturalny satelita b\u0119dzie sprawc\u0105 kilku ciekawych zjawisk. Seria niebia\u0144skich zdarze\u0144 rozpocznie si\u0119 zakryciem Urana przez Ksi\u0119\u017cyc, nast\u0119pnie Ksi\u0119\u017cyc znajdzie si\u0119 w pobli\u017cu gromad otwartych Plejad a nast\u0119pnie Hiad i zako\u0144czy si\u0119 zakryciem Marsa przez tarcz\u0119 Ksi\u0119\u017cyca (zjawisko niestety niewidoczne w naszych szeroko\u015bci geograficznych). Zdarzenie b\u0119d\u0105 rozgrywa\u0142y na obszarze dw\u00f3ch konstelacji Barana oraz Byka.<\/p>\n\n\n\n<p><strong>Baran<\/strong> (<em>\u0142ac<\/em>. Aries) to gwiazdozbi\u00f3r nieba jesiennego oraz zimowego. Na sferze niebieskiej zajmuje obszar 441 stopni kwadratowych. Dwa tysi\u0105ce lat temu w tym gwiazdozbiorze znajdowa\u0142 si\u0119 punkt r\u00f3wnonocy wiosennej. Obecnie w wyniku ruchu precesyjnego punkt Barana znajduje si\u0119 na tle gwiazdozbioru Ryb. Przez obszar tej konstelacji przebiega 24,7\u00b0 ekliptyki. Baran go\u015bci S\u0142o\u0144ce na swoim terenie w okresie od 18 kwietnia do 14 maja. Najja\u015bniejsz\u0105 gwiazd\u0105 tego gwiazdozbioru jest \u03b1 Ari zwana Hamal. Gwiazda Hamal oddalona jest o 66 ly, a jej typ gwiazdowy to K2 III [1].<\/p>\n\n\n<div class=\"wp-block-image\">\n<figure class=\"aligncenter size-full\"><img loading=\"lazy\" width=\"455\" height=\"361\" src=\"https:\/\/cmm.imgw.pl\/wp-content\/uploads\/2023\/01\/Obraz1-2.png\" alt=\"\" class=\"wp-image-21688\" srcset=\"https:\/\/cmm.imgw.pl\/wp-content\/uploads\/2023\/01\/Obraz1-2.png 455w, https:\/\/cmm.imgw.pl\/wp-content\/uploads\/2023\/01\/Obraz1-2-300x238.png 300w\" sizes=\"(max-width: 455px) 100vw, 455px\" \/><\/figure><\/div>\n\n\n<p class=\"has-text-align-center\">Gwiazdozbi\u00f3r Barana: \u017ar\u00f3d\u0142o: Jan Desselberger, Jacek Szczepanik, <em>Tablice astronomiczne z przewodnikiem po gwiazdach<\/em>, PPU \u201ePark\u201d Sp. z o.o., Bielsko-Bia\u0142a, 2002, wyd. I.<\/p>\n\n\n<div class=\"wp-block-image\">\n<figure class=\"aligncenter size-full is-resized\"><img loading=\"lazy\" src=\"https:\/\/cmm.imgw.pl\/wp-content\/uploads\/2023\/01\/Obraz2-3.png\" alt=\"\" class=\"wp-image-21689\" width=\"-294\" height=\"-206\" srcset=\"https:\/\/cmm.imgw.pl\/wp-content\/uploads\/2023\/01\/Obraz2-3.png 810w, https:\/\/cmm.imgw.pl\/wp-content\/uploads\/2023\/01\/Obraz2-3-300x210.png 300w, https:\/\/cmm.imgw.pl\/wp-content\/uploads\/2023\/01\/Obraz2-3-768x539.png 768w\" sizes=\"(max-width: 810px) 100vw, 810px\" \/><\/figure><\/div>\n\n\n<p class=\"has-text-align-center\">\u0179r\u00f3d\u0142o: Jan Desselberger, Jacek Szczepanik, <em>Tablice astronomiczne z przewodnikiem po gwiazdach<\/em>, PPU \u201ePark\u201d Sp. z o.o., Bielsko-Bia\u0142a, 2002, wyd. I.<\/p>\n\n\n\n<p><strong>Byk<\/strong> (<em>\u0142ac<\/em>. Taurus) to konstelacja widoczna z naszego terytorium naszego kraju od jesieni a\u017c po wiosn\u0119. Zajmuje wi\u0119kszy obszar na sferze niebieskiej, bo a\u017c 797 stopni kwadratowych. Przez obszar gwiazdozbioru Byka przebiega a\u017c 36,7\u00b0 ekliptyki. S\u0142o\u0144ce go\u015bci w jego granicach mi\u0119dzy 14 maja a 21 czerwca. W obszarze Byka znajduj\u0105 si\u0119 dwie bardzo ciekawe gromady otwarte. Plejady usytuowane na grzbiecie byka oraz tworz\u0105ce zarys \u0142ba Hiady. Przy ko\u0144cu rog\u00f3w Byka po\u0142o\u017cona jest mg\u0142awica Krab. Najja\u015bniejsz\u0105 gwiazd\u0105 jest <em>\u03b1 Tau,<\/em> czyli Aldebaran. Aldebaran jest odleg\u0142o o 65 ly i ma typ widmowy K5 III [1].<\/p>\n\n\n<div class=\"wp-block-image\">\n<figure class=\"aligncenter size-full\"><img loading=\"lazy\" width=\"758\" height=\"626\" src=\"https:\/\/cmm.imgw.pl\/wp-content\/uploads\/2023\/01\/Obraz3-3.png\" alt=\"\" class=\"wp-image-21690\" srcset=\"https:\/\/cmm.imgw.pl\/wp-content\/uploads\/2023\/01\/Obraz3-3.png 758w, https:\/\/cmm.imgw.pl\/wp-content\/uploads\/2023\/01\/Obraz3-3-300x248.png 300w\" sizes=\"(max-width: 758px) 100vw, 758px\" \/><\/figure><\/div>\n\n\n<p class=\"has-text-align-center\">\u0179r\u00f3d\u0142o: Jan Desselberger, Jacek Szczepanik, <em>Tablice astronomiczne z przewodnikiem po gwiazdach<\/em>, PPU \u201ePark\u201d Sp. z o.o., Bielsko-Bia\u0142a, 2002, wyd. I.<\/p>\n\n\n<div class=\"wp-block-image\">\n<figure class=\"aligncenter size-full\"><img loading=\"lazy\" width=\"547\" height=\"241\" src=\"https:\/\/cmm.imgw.pl\/wp-content\/uploads\/2023\/01\/Obraz4-4.png\" alt=\"\" class=\"wp-image-21691\" srcset=\"https:\/\/cmm.imgw.pl\/wp-content\/uploads\/2023\/01\/Obraz4-4.png 547w, https:\/\/cmm.imgw.pl\/wp-content\/uploads\/2023\/01\/Obraz4-4-300x132.png 300w\" sizes=\"(max-width: 547px) 100vw, 547px\" \/><\/figure><\/div>\n\n\n<p class=\"has-text-align-center\">\u0179r\u00f3d\u0142o: Jan Desselberger, Jacek Szczepanik, <em>Tablice astronomiczne z przewodnikiem po gwiazdach<\/em>, PPU \u201ePark\u201d Sp. z o.o., Bielsko-Bia\u0142a, 2002, wyd. I.<\/p>\n\n\n<div class=\"wp-block-image\">\n<figure class=\"aligncenter size-full\"><img loading=\"lazy\" width=\"536\" height=\"313\" src=\"https:\/\/cmm.imgw.pl\/wp-content\/uploads\/2023\/01\/Obraz5-3.png\" alt=\"\" class=\"wp-image-21692\" srcset=\"https:\/\/cmm.imgw.pl\/wp-content\/uploads\/2023\/01\/Obraz5-3.png 536w, https:\/\/cmm.imgw.pl\/wp-content\/uploads\/2023\/01\/Obraz5-3-300x175.png 300w\" sizes=\"(max-width: 536px) 100vw, 536px\" \/><\/figure><\/div>\n\n\n<p class=\"has-text-align-center\">\u0179r\u00f3d\u0142o: Jan Desselberger, Jacek Szczepanik, <em>Tablice astronomiczne z przewodnikiem po gwiazdach<\/em>, PPU \u201ePark\u201d Sp. z o.o., Bielsko-Bia\u0142a, 2002, wyd. I.<\/p>\n\n\n<div class=\"wp-block-image\">\n<figure class=\"aligncenter size-full is-resized\"><img loading=\"lazy\" src=\"https:\/\/cmm.imgw.pl\/wp-content\/uploads\/2023\/01\/Obraz6-3.png\" alt=\"\" class=\"wp-image-21693\" width=\"565\" height=\"364\" srcset=\"https:\/\/cmm.imgw.pl\/wp-content\/uploads\/2023\/01\/Obraz6-3.png 961w, https:\/\/cmm.imgw.pl\/wp-content\/uploads\/2023\/01\/Obraz6-3-300x193.png 300w, https:\/\/cmm.imgw.pl\/wp-content\/uploads\/2023\/01\/Obraz6-3-768x495.png 768w\" sizes=\"(max-width: 565px) 100vw, 565px\" \/><\/figure><\/div>\n\n\n<p class=\"has-text-align-center\">\u0179r\u00f3d\u0142o: Jan Desselberger, Jacek Szczepanik, <em>Tablice astronomiczne z przewodnikiem po gwiazdach<\/em>, PPU \u201ePark\u201d Sp. z o.o., Bielsko-Bia\u0142a, 2002, wyd. I.<\/p>\n\n\n<div class=\"wp-block-image\">\n<figure class=\"aligncenter size-full is-resized\"><img loading=\"lazy\" src=\"https:\/\/cmm.imgw.pl\/wp-content\/uploads\/2023\/01\/Obraz7-3.png\" alt=\"\" class=\"wp-image-21694\" width=\"575\" height=\"307\" srcset=\"https:\/\/cmm.imgw.pl\/wp-content\/uploads\/2023\/01\/Obraz7-3.png 919w, https:\/\/cmm.imgw.pl\/wp-content\/uploads\/2023\/01\/Obraz7-3-300x161.png 300w, https:\/\/cmm.imgw.pl\/wp-content\/uploads\/2023\/01\/Obraz7-3-768x411.png 768w\" sizes=\"(max-width: 575px) 100vw, 575px\" \/><\/figure><\/div>\n\n\n<p class=\"has-text-align-center\">\u0179r\u00f3d\u0142o: Jan Desselberger, Jacek Szczepanik, <em>Tablice astronomiczne z przewodnikiem po gwiazdach<\/em>, PPU \u201ePark\u201d Sp. z o.o., Bielsko-Bia\u0142a, 2002, wyd. I.<\/p>\n\n\n\n<p><strong>Gromada otwarta<\/strong> to grawitacyjnie zwi\u0105zane nieregularne zbiorowisko gwiazd. Cech\u0105 charakterystyczn\u0105 gromad otwartych jest to, \u017ce nie posiadaj\u0105 one zag\u0119szczenia w obszarze centralnym [2]. Jak wskazuj\u0105 obserwacje takie nieregularne zbiorowisko gwiazd z\u0142o\u017cone jest z pewnej liczby gwiazd, kt\u00f3rej warto\u015b\u0107 waha si\u0119 w szerokim zakresie. W obszarze obj\u0119to\u015bci o promieniu 10 pc znale\u017a\u0107 si\u0119 mo\u017ce od stu do tysi\u0105ca gwiazd. G\u0119sto\u015b\u0107 przestrzenna gwiazd waha si\u0119 w szerokim zakresie. Dla lu\u017anych gromad w pc<sup>3<\/sup> wyst\u0119puje zaledwie 0,25 gwiazd. Natomiast dla gromad zwartych g\u0119sto\u015b\u0107 jest wi\u0119ksza i osi\u0105ga warto\u015b\u0107 tysi\u0105ca gwiazd w pc<sup>3<\/sup> [3]. Odleg\u0142o\u015b\u0107 gwiazd gromadzie jest mniejsza w por\u00f3wnaniu z odleg\u0142o\u015bci\u0105 gwiazd znajduj\u0105cych si\u0119 w galaktyce. Przyk\u0142adem gromady lu\u017anej o ma\u0142ej g\u0119sto\u015bci przestrzennej s\u0105 w\u0142a\u015bnie bohaterki naszego wydarzenia, czyli Hiady. Hiady znajduj\u0119 si\u0119 w konstelacji Byka, a po wschodniej stronie odnale\u017a\u0107 mo\u017cna Aldebarana, najja\u015bniejsz\u0105 gwiazd\u0119 konstelacji Byka (<em>\u03b1 Tauri<\/em>), kt\u00f3ry do gromady Hiad ju\u017c nie nale\u017cy.<\/p>\n\n\n<div class=\"wp-block-image\">\n<figure class=\"aligncenter size-full\"><img loading=\"lazy\" width=\"359\" height=\"293\" src=\"https:\/\/cmm.imgw.pl\/wp-content\/uploads\/2023\/01\/Obraz8-3.png\" alt=\"\" class=\"wp-image-21695\" srcset=\"https:\/\/cmm.imgw.pl\/wp-content\/uploads\/2023\/01\/Obraz8-3.png 359w, https:\/\/cmm.imgw.pl\/wp-content\/uploads\/2023\/01\/Obraz8-3-300x245.png 300w\" sizes=\"(max-width: 359px) 100vw, 359px\" \/><\/figure><\/div>\n\n\n<p class=\"has-text-align-center\">\u0179r\u00f3d\u0142o: Program \u201ePeriapsis\u201d, <strong>Autor<\/strong>: Bartosz Wojczy\u0144ski, <strong>Wydawca<\/strong>: AstroCD &#8211; Sylwia Substyk<\/p>\n\n\n\n<p>Gromady otwarte s\u0105 uk\u0142adami mniej zwi\u0105zanymi grawitacyjne zatem s\u0105 mniej stabilne. Nara\u017cone s\u0105 na dzia\u0142anie si\u0142 przyp\u0142ywowych i rotacji r\u00f3\u017cnicowej Galaktyki. Si\u0142y przyp\u0142ywowe maj\u0105 jednak charakter niszcz\u0105cy, co prowadzi w d\u0142u\u017cszej perspektywie czasowej do rozproszenia. Czas \u017cycia gromady otwartej to oko\u0142o 10<sup>8<\/sup>-10<sup>10<\/sup> lat. &nbsp;Lu\u017ana gromada otwarta zawiera znaczne ilo\u015bci \u015bwiec\u0105cej materii rozproszonej. Z\u0142o\u017cona jest ona g\u0142\u00f3wnie z gor\u0105cych gwiazd znajduj\u0105cych si\u0119 w pocz\u0105tkowym typie widmowym. Gromady o bardziej zwartej budowie zbudowane s\u0105 z gwiazd bardziej zaawansowanych ewolucyjnie. Jak pokazuje analiza diagramu HR materia z kt\u00f3rych zbudowane s\u0105 gromady nie wykazuje zbytniego zr\u00f3\u017cnicowania co oznacza podobie\u0144stwo w zakresie sk\u0142adu chemicznego oraz czasu ich powstania [3].<\/p>\n\n\n<div class=\"wp-block-image\">\n<figure class=\"aligncenter size-full\"><img loading=\"lazy\" width=\"487\" height=\"362\" src=\"https:\/\/cmm.imgw.pl\/wp-content\/uploads\/2023\/01\/Obraz9-3.png\" alt=\"\" class=\"wp-image-21696\" srcset=\"https:\/\/cmm.imgw.pl\/wp-content\/uploads\/2023\/01\/Obraz9-3.png 487w, https:\/\/cmm.imgw.pl\/wp-content\/uploads\/2023\/01\/Obraz9-3-300x223.png 300w\" sizes=\"(max-width: 487px) 100vw, 487px\" \/><\/figure><\/div>\n\n\n<p class=\"has-text-align-center\">\u0179r\u00f3d\u0142o: Marcin Kubiak, Gwiazdy, wersja elektroniczna dost\u0119pna pod adresem: http:\/\/www.astrouw.edu.pl\/~soszynsk\/gwiazdy.pdf<\/p>\n\n\n\n<p>Gromada Hiad to najbli\u017cej po\u0142o\u017cona wzgl\u0119dem Ziemi gromada otwarta. Pomiary odleg\u0142o\u015bci wykaza\u0142y, \u017ce Hiady oddalone s\u0105 od Ziemi o 46,3 pc. Z analizy diagramu barwa-jasno\u015b\u0107, wynika, \u017ce Hiady z\u0142o\u017cone s\u0105 g\u0142\u00f3wnie z gwiazd ci\u0105gu g\u0142\u00f3wnego oraz z kilku olbrzym\u00f3w. W gromadzie znajduj\u0105 si\u0119 tak\u017ce gwiazdy podw\u00f3jne [4]. &nbsp;<\/p>\n\n\n<div class=\"wp-block-image\">\n<figure class=\"aligncenter size-full\"><img loading=\"lazy\" width=\"306\" height=\"337\" src=\"https:\/\/cmm.imgw.pl\/wp-content\/uploads\/2023\/01\/Obraz10-3.png\" alt=\"\" class=\"wp-image-21697\" srcset=\"https:\/\/cmm.imgw.pl\/wp-content\/uploads\/2023\/01\/Obraz10-3.png 306w, https:\/\/cmm.imgw.pl\/wp-content\/uploads\/2023\/01\/Obraz10-3-272x300.png 272w\" sizes=\"(max-width: 306px) 100vw, 306px\" \/><\/figure><\/div>\n\n\n<p class=\"has-text-align-center\">Diagram barwa-jasno\u015b\u0107 Hiad, \u017ar\u00f3d\u0142o: Hannau Karttunen, Pekka Kroger, Heikki OJa, Markku Poutanwen, Karl Johan Donner, Sixth Edition, <em>Fundamental Astronomy<\/em>, Springer, 2017<\/p>\n\n\n\n<p>Cz\u0142onkowie gromady otwartej poruszaj\u0105 si\u0119 mniej wi\u0119cej z t\u0105 sam\u0105 pr\u0119dko\u015bci\u0105 radialn\u0105 i maj\u0105 podobny ruch w\u0142asny co sprawia, \u017ce gwiazdy tworz\u0105ce gromad\u0119 poruszaj\u0105 si\u0119 w tym samym kierunku z t\u0105 sam\u0105 pr\u0119dko\u015bci\u0105. Przyk\u0142adem mo\u017ce by\u0107 ruch w\u0142asny gwiazd gromady otwartej Hiady [2,4].<\/p>\n\n\n<div class=\"wp-block-image\">\n<figure class=\"aligncenter size-full\"><img loading=\"lazy\" width=\"245\" height=\"329\" src=\"https:\/\/cmm.imgw.pl\/wp-content\/uploads\/2023\/01\/Obraz11-2.png\" alt=\"\" class=\"wp-image-21698\" srcset=\"https:\/\/cmm.imgw.pl\/wp-content\/uploads\/2023\/01\/Obraz11-2.png 245w, https:\/\/cmm.imgw.pl\/wp-content\/uploads\/2023\/01\/Obraz11-2-223x300.png 223w\" sizes=\"(max-width: 245px) 100vw, 245px\" \/><\/figure><\/div>\n\n\n<p class=\"has-text-align-center\">Ruch w\u0142asny Hiad, \u017ar\u00f3d\u0142o: Hannau Karttunen, Pekka Kroger, Heikki OJa, Markku Poutanwen, Karl Johan Donner, Sixth Edition, <em>Fundamental Astronomy<\/em>, Springer, 2017<\/p>\n\n\n\n<p>Drug\u0105 bohaterk\u0105 niebieskiego spektaklu s\u0105 Plejady. Plejady to tak\u017ce gromada otwarta, znajduj\u0105ca si\u0119 w gwiazdozbiorze Byka. Oddalona jest od Ziemi o 136 pc. Prawdopodobnie gromada otwarta Plejady z\u0142o\u017cona jest z co najmniej 500 gwiazd. Z diagramu HR dla Plejad wynika, \u017ce zbudowana jest ona g\u0142\u00f3wnie z gor\u0105cych gwiazd znajduj\u0105cych si\u0119 we wczesnym stadium ewolucyjnym. Przypuszcza si\u0119, \u017ce wiek Plejad to ponad 100 mln lat. Gwiazdy wchodz\u0105ce w sk\u0142ad Plejad to: Alkione, Keleno, Elektra, Tajgeta, Maja, Sterope I, Sterope II, Merope, Atlas, Plejone. Typ widmowy ww. gwiazd to B.<\/p>\n\n\n<div class=\"wp-block-image\">\n<figure class=\"aligncenter size-full\"><img loading=\"lazy\" width=\"255\" height=\"334\" src=\"https:\/\/cmm.imgw.pl\/wp-content\/uploads\/2023\/01\/Obraz12-2.png\" alt=\"\" class=\"wp-image-21699\" srcset=\"https:\/\/cmm.imgw.pl\/wp-content\/uploads\/2023\/01\/Obraz12-2.png 255w, https:\/\/cmm.imgw.pl\/wp-content\/uploads\/2023\/01\/Obraz12-2-229x300.png 229w\" sizes=\"(max-width: 255px) 100vw, 255px\" \/><\/figure><\/div>\n\n\n<p class=\"has-text-align-center\">\u0179r\u00f3d\u0142o: Jerzy Kreiner, <em>Astronomia z astrofizyk\u0105<\/em>, wyd. II., Wydawnictwo Naukowe PWN, 1992.<\/p>\n\n\n\n<p>Opr\u00f3cz gromad otwartych wyst\u0119puj\u0105 tak\u017ce gromady kuliste charakteryzuj\u0105ce si\u0119 symetri\u0105 sferyczn\u0105. W obj\u0119to\u015bci o promieniu 20-50 pc znajduje si\u0119 du\u017ca liczba gwiazd si\u0119gaj\u0105ca setek tysi\u0119cy. W obszarach centralnych w pc<sup>3<\/sup> znajduje si\u0119 oko\u0142o 10<sup>2<\/sup>-10<sup>4<\/sup> gwiazd [3]. Gromady otwarte s\u0105 mniej stabilne ni\u017c gromada kulista (jak np. M13 w Herkulesie). Gromada otwarta istnieje przez dziesi\u0105tki czy setki milion\u00f3w lat, natomiast gromada kulista jest tworem znacznie bardziej zwi\u0105zanym i grawitacyjnie stabilnym. Mo\u017ce istnie\u0107 nawet przez miliardy lat. Znany by\u0142 problem, kiedy wiek niekt\u00f3rych gromad kulistych by\u0142 wi\u0119kszy ni\u017c galaktyki, w kt\u00f3rej te gromady si\u0119 znajdowa\u0142y.<\/p>\n\n\n<div class=\"wp-block-image\">\n<figure class=\"aligncenter size-full\"><img loading=\"lazy\" width=\"314\" height=\"209\" src=\"https:\/\/cmm.imgw.pl\/wp-content\/uploads\/2023\/01\/Obraz13-3.jpg\" alt=\"\" class=\"wp-image-21700\" srcset=\"https:\/\/cmm.imgw.pl\/wp-content\/uploads\/2023\/01\/Obraz13-3.jpg 314w, https:\/\/cmm.imgw.pl\/wp-content\/uploads\/2023\/01\/Obraz13-3-300x200.jpg 300w\" sizes=\"(max-width: 314px) 100vw, 314px\" \/><\/figure><\/div>\n\n\n<p class=\"has-text-align-center\">Plejady wraz z ob\u0142okami gazu, z kt\u00f3rego powsta\u0142y gwiazdy. \u0179r\u00f3d\u0142o: APOD.<\/p>\n\n\n\n<p>Na zdj\u0119ciach Plejad (oznaczonych w katalogu Messiera jako M45) mo\u017cna znale\u017a\u0107 jeszcze \u015blady (ob\u0142oki) materii, z kt\u00f3rej ta gromada si\u0119 wy\u0142oni\u0142a. Plejady licz\u0105 \u0142\u0105cznie kilkaset gwiazd a ich ca\u0142kowita jasno\u015b\u0107 oszacowana jest na oko\u0142o 1 magnitudo. S\u0105 w odleg\u0142o\u015bci nieca\u0142ych 400 lat \u015bwietlnych od S\u0142o\u0144ca. Gromad\u0119 mo\u017cna dostrzec go\u0142ym okiem, jednak sw\u00f3j urok zaczyna roztacza\u0107 przy obserwacji przez lornetk\u0119 czy lunet\u0119. Przy u\u017cyciu dok\u0142adnego atlasu mo\u017cna wyznaczy\u0107 zasi\u0119g posiadanego przez nas instrumentu.<\/p>\n\n\n<div class=\"wp-block-image\">\n<figure class=\"aligncenter size-full\"><img loading=\"lazy\" width=\"275\" height=\"183\" src=\"https:\/\/cmm.imgw.pl\/wp-content\/uploads\/2023\/01\/Obraz14-3.jpg\" alt=\"\" class=\"wp-image-21701\"\/><\/figure><\/div>\n\n\n<p class=\"has-text-align-center\">Gromada otwarta Hiady. Wida\u0107, \u017ce gazu jest mniej ni\u017c w Plejadach (z racji wi\u0119kszego wieku Hiad). \u0179r\u00f3d\u0142o: APOD.<\/p>\n\n\n\n<p>Hiady natomiast licz\u0105 oko\u0142o 100 gwiazd, s\u0105 bli\u017cej ni\u017c Plejady &#8211; st\u0105d rozmiar k\u0105towy jest wi\u0119kszy ni\u017c Plejad pomimo, i\u017c s\u0105 od nich mniejsze (fizycznie). S\u0105 od Plejad tak\u017ce du\u017co starsze \u2013 oko\u0142o miliarda lat. Dlatego te\u017c nie ma wok\u00f3\u0142 nich pozosta\u0142o\u015bci po ob\u0142oku materii z kt\u00f3rego powsta\u0142y.<\/p>\n\n\n<div class=\"wp-block-image\">\n<figure class=\"aligncenter size-full\"><img loading=\"lazy\" width=\"405\" height=\"412\" src=\"https:\/\/cmm.imgw.pl\/wp-content\/uploads\/2023\/01\/Obraz15-2.png\" alt=\"\" class=\"wp-image-21702\" srcset=\"https:\/\/cmm.imgw.pl\/wp-content\/uploads\/2023\/01\/Obraz15-2.png 405w, https:\/\/cmm.imgw.pl\/wp-content\/uploads\/2023\/01\/Obraz15-2-295x300.png 295w\" sizes=\"(max-width: 405px) 100vw, 405px\" \/><\/figure><\/div>\n\n\n<p class=\"has-text-align-center\">Uj\u0119cia mg\u0142awicy Orze\u0142 w promieniowaniu widzialnym i w podczerwieni. \u0179r\u00f3d\u0142o: NASA.<\/p>\n\n\n\n<p>Wsp\u00f3\u0142cze\u015bnie obserwujemy narodziny gwiazd niemal \u201ena gor\u0105cym uczynku\u201d \u2013 do\u015b\u0107 wspomnie\u0107 zdj\u0119cia tzw. filar\u00f3w stworzenia w mg\u0142awicy Orze\u0142 z Kosmicznych Teleskop\u00f3w Hubble\u2019a czy Jamesa Webba. Takie gwiazdotw\u00f3rcze obszary s\u0105 zdominowane przez gaz i py\u0142, z kt\u00f3rego stopniowo zapadaj\u0105 si\u0119 i zaczynaj\u0105 \u015bwieci\u0107 gwiazdy. Z czasem gaz zostaje wymieciony i powstaje asocjacja gwiazd podobna do Plejad a potem Hiad.<\/p>\n\n\n\n<p><strong><u>Zakrycie Urana przez Ksi\u0119\u017cyc<\/u><\/strong><\/p>\n\n\n\n<p>29 stycznia 2023 roku o godzinie 4:57:06 (czas rozpocz\u0119cia zjawiska podano dla \u0141odzi), rozpocznie si\u0119 zakrycie Urana przez tarcz\u0119 Ksi\u0119\u017cyca. Niestety z terytorium naszego kraju zjawisko nie b\u0119dzie widoczne, poniewa\u017c Ksi\u0119\u017cyc i Uran znajdowa\u0107 si\u0119 ju\u017c b\u0119d\u0105 pod horyzontem. Ksi\u0119\u017cyc zajdzie o 01<sup>14<\/sup>, Uran za\u015b o godzinie 01<sup>26<\/sup>. Ksi\u0119\u017cyc b\u0119dzie fazie ksi\u0119\u017cyca garbatego rosn\u0105cego, 56 % jego tarczy b\u0119dzie o\u015bwietlone. Uran oraz Ksi\u0119\u017cyc znajdowa\u0107 si\u0119 b\u0119d\u0105 w konstelacji Barana. Zjawisko b\u0119d\u0105 mogli obserwowa\u0107 mieszka\u0144cy Alaski, Grenlandii, p\u00f3\u0142nocno wschodniej Azji, Japonii, Arktyki [5].<\/p>\n\n\n<div class=\"wp-block-image\">\n<figure class=\"aligncenter size-full\"><img loading=\"lazy\" width=\"729\" height=\"595\" src=\"https:\/\/cmm.imgw.pl\/wp-content\/uploads\/2023\/01\/Obraz16-2.png\" alt=\"\" class=\"wp-image-21703\" srcset=\"https:\/\/cmm.imgw.pl\/wp-content\/uploads\/2023\/01\/Obraz16-2.png 729w, https:\/\/cmm.imgw.pl\/wp-content\/uploads\/2023\/01\/Obraz16-2-300x245.png 300w\" sizes=\"(max-width: 729px) 100vw, 729px\" \/><\/figure><\/div>\n\n\n<p class=\"has-text-align-center\">Konfiguracja Ksi\u0119\u017cyca i Urana w dniu 29 stycznia 2023 roku, tu\u017c przed zachodem. \u0179r\u00f3d\u0142o: https:\/\/stellarium-web.org\/<\/p>\n\n\n<div class=\"wp-block-image\">\n<figure class=\"aligncenter size-full\"><img loading=\"lazy\" width=\"697\" height=\"510\" src=\"https:\/\/cmm.imgw.pl\/wp-content\/uploads\/2023\/01\/Obraz17-2.png\" alt=\"\" class=\"wp-image-21704\" srcset=\"https:\/\/cmm.imgw.pl\/wp-content\/uploads\/2023\/01\/Obraz17-2.png 697w, https:\/\/cmm.imgw.pl\/wp-content\/uploads\/2023\/01\/Obraz17-2-300x220.png 300w\" sizes=\"(max-width: 697px) 100vw, 697px\" \/><\/figure><\/div>\n\n\n<p>Konfiguracja Ksi\u0119\u017cyca i Urana w dniu 29 stycznia 2023 roku, tu\u017c przed rozpocz\u0119ciem zakrycia. \u0179r\u00f3d\u0142o: https:\/\/stellarium-web.org\/<\/p>\n\n\n\n<p class=\"has-text-align-center\">Poni\u017cej przedstawiono przebieg zdarzenia.<\/p>\n\n\n<div class=\"wp-block-image\">\n<figure class=\"aligncenter size-full\"><img loading=\"lazy\" width=\"332\" height=\"503\" src=\"https:\/\/cmm.imgw.pl\/wp-content\/uploads\/2023\/01\/Obraz18-2.png\" alt=\"\" class=\"wp-image-21706\" srcset=\"https:\/\/cmm.imgw.pl\/wp-content\/uploads\/2023\/01\/Obraz18-2.png 332w, https:\/\/cmm.imgw.pl\/wp-content\/uploads\/2023\/01\/Obraz18-2-198x300.png 198w\" sizes=\"(max-width: 332px) 100vw, 332px\" \/><\/figure><\/div>\n\n\n<p class=\"has-text-align-center\">Tu\u017c przed rozpocz\u0119ciem przys\u0142aniania tarczy Urana przez Ksi\u0119\u017cyc w dniu 29 I 2023 o godzinie 04:57:05. \u0179r\u00f3d\u0142o: https:\/\/stellarium-web.org\/<\/p>\n\n\n<div class=\"wp-block-image\">\n<figure class=\"aligncenter size-full\"><img loading=\"lazy\" width=\"297\" height=\"424\" src=\"https:\/\/cmm.imgw.pl\/wp-content\/uploads\/2023\/01\/Obraz19-3.png\" alt=\"\" class=\"wp-image-21707\" srcset=\"https:\/\/cmm.imgw.pl\/wp-content\/uploads\/2023\/01\/Obraz19-3.png 297w, https:\/\/cmm.imgw.pl\/wp-content\/uploads\/2023\/01\/Obraz19-3-210x300.png 210w\" sizes=\"(max-width: 297px) 100vw, 297px\" \/><\/figure><\/div>\n\n\n<p class=\"has-text-align-center\">Podczas przys\u0142aniania tarczy Urana przez Ksi\u0119\u017cyc w dniu 29 I 2023 o godzinie 04:57:06. \u0179r\u00f3d\u0142o: https:\/\/stellarium-web.org\/<\/p>\n\n\n<div class=\"wp-block-image\">\n<figure class=\"aligncenter size-full\"><img loading=\"lazy\" width=\"329\" height=\"545\" src=\"https:\/\/cmm.imgw.pl\/wp-content\/uploads\/2023\/01\/Obraz20-3.png\" alt=\"\" class=\"wp-image-21708\" srcset=\"https:\/\/cmm.imgw.pl\/wp-content\/uploads\/2023\/01\/Obraz20-3.png 329w, https:\/\/cmm.imgw.pl\/wp-content\/uploads\/2023\/01\/Obraz20-3-181x300.png 181w\" sizes=\"(max-width: 329px) 100vw, 329px\" \/><\/figure><\/div>\n\n\n<p class=\"has-text-align-center\">Podczas przys\u0142aniania tarczy Urana przez Ksi\u0119\u017cyc w dniu 29 I 2023 o godzinie 04:57:08. \u0179r\u00f3d\u0142o: https:\/\/stellarium-web.org\/<\/p>\n\n\n<div class=\"wp-block-image\">\n<figure class=\"aligncenter size-full\"><img loading=\"lazy\" width=\"427\" height=\"714\" src=\"https:\/\/cmm.imgw.pl\/wp-content\/uploads\/2023\/01\/Obraz21.png\" alt=\"\" class=\"wp-image-21709\" srcset=\"https:\/\/cmm.imgw.pl\/wp-content\/uploads\/2023\/01\/Obraz21.png 427w, https:\/\/cmm.imgw.pl\/wp-content\/uploads\/2023\/01\/Obraz21-179x300.png 179w\" sizes=\"(max-width: 427px) 100vw, 427px\" \/><\/figure><\/div>\n\n\n<p class=\"has-text-align-center\">Chwila przed ca\u0142kowitym przys\u0142oni\u0119ciem tarczy Urana przez Ksi\u0119\u017cyc w dniu 29 I 2023 o godzinie 04:57:11. \u0179r\u00f3d\u0142o: https:\/\/stellarium-web.org\/<\/p>\n\n\n<div class=\"wp-block-image\">\n<figure class=\"aligncenter size-full\"><img loading=\"lazy\" width=\"390\" height=\"391\" src=\"https:\/\/cmm.imgw.pl\/wp-content\/uploads\/2023\/01\/Obraz22.png\" alt=\"\" class=\"wp-image-21710\" srcset=\"https:\/\/cmm.imgw.pl\/wp-content\/uploads\/2023\/01\/Obraz22.png 390w, https:\/\/cmm.imgw.pl\/wp-content\/uploads\/2023\/01\/Obraz22-300x300.png 300w, https:\/\/cmm.imgw.pl\/wp-content\/uploads\/2023\/01\/Obraz22-150x150.png 150w\" sizes=\"(max-width: 390px) 100vw, 390px\" \/><\/figure><\/div>\n\n\n<p class=\"has-text-align-center\">Miranda tu\u017c przed przys\u0142oni\u0119ciem przez Ksi\u0119\u017cyc w dniu 29 I 2023 o godzinie 04:57:17<\/p>\n\n\n<div class=\"wp-block-image\">\n<figure class=\"aligncenter size-full\"><img loading=\"lazy\" width=\"550\" height=\"372\" src=\"https:\/\/cmm.imgw.pl\/wp-content\/uploads\/2023\/01\/Obraz23-1.png\" alt=\"\" class=\"wp-image-21711\" srcset=\"https:\/\/cmm.imgw.pl\/wp-content\/uploads\/2023\/01\/Obraz23-1.png 550w, https:\/\/cmm.imgw.pl\/wp-content\/uploads\/2023\/01\/Obraz23-1-300x203.png 300w\" sizes=\"(max-width: 550px) 100vw, 550px\" \/><\/figure><\/div>\n\n<div class=\"wp-block-image\">\n<figure class=\"aligncenter size-full\"><img loading=\"lazy\" width=\"589\" height=\"363\" src=\"https:\/\/cmm.imgw.pl\/wp-content\/uploads\/2023\/01\/Obraz24.png\" alt=\"\" class=\"wp-image-21712\" srcset=\"https:\/\/cmm.imgw.pl\/wp-content\/uploads\/2023\/01\/Obraz24.png 589w, https:\/\/cmm.imgw.pl\/wp-content\/uploads\/2023\/01\/Obraz24-300x185.png 300w\" sizes=\"(max-width: 589px) 100vw, 589px\" \/><\/figure><\/div>\n\n\n<p class=\"has-text-align-center\">Chwila ods\u0142oni\u0119cia ksi\u0119\u017cyca Urana Umbriel, a w dniu 29 I 2023 o godzinie 05:36:53 oraz Ariela o godzinie 05:37:03. \u0179r\u00f3d\u0142o: https:\/\/stellarium-web.org\/<\/p>\n\n\n\n<p class=\"has-text-align-center\"><img loading=\"lazy\" width=\"568\" height=\"425\" class=\"wp-image-21713\" style=\"width: 150px;\" src=\"http:\/\/cmm.imgw.pl\/wp-content\/uploads\/2023\/01\/Obraz25.png\" alt=\"\" srcset=\"https:\/\/cmm.imgw.pl\/wp-content\/uploads\/2023\/01\/Obraz25.png 568w, https:\/\/cmm.imgw.pl\/wp-content\/uploads\/2023\/01\/Obraz25-300x224.png 300w\" sizes=\"(max-width: 568px) 100vw, 568px\" \/><br>Chwila rozpocz\u0119cia ods\u0142aniania tarczy Urana w dniu 29 I 2023 o godzinie 05:37:16. \u0179r\u00f3d\u0142o: https:\/\/stellarium-web.org\/<\/p>\n\n\n<div class=\"wp-block-image\">\n<figure class=\"aligncenter size-full\"><img loading=\"lazy\" width=\"604\" height=\"488\" src=\"https:\/\/cmm.imgw.pl\/wp-content\/uploads\/2023\/01\/Obraz26.png\" alt=\"\" class=\"wp-image-21714\" srcset=\"https:\/\/cmm.imgw.pl\/wp-content\/uploads\/2023\/01\/Obraz26.png 604w, https:\/\/cmm.imgw.pl\/wp-content\/uploads\/2023\/01\/Obraz26-300x242.png 300w\" sizes=\"(max-width: 604px) 100vw, 604px\" \/><\/figure><\/div>\n\n\n<p class=\"has-text-align-center\">Wy\u0142anianie si\u0119 Urana zza tarczy Ksi\u0119\u017cyca w dniu 29 I 2023 o godzinie 05:37:20. \u0179r\u00f3d\u0142o: https:\/\/stellarium-web.org\/<\/p>\n\n\n<div class=\"wp-block-image\">\n<figure class=\"aligncenter size-full\"><img loading=\"lazy\" width=\"473\" height=\"392\" src=\"https:\/\/cmm.imgw.pl\/wp-content\/uploads\/2023\/01\/Obraz27.png\" alt=\"\" class=\"wp-image-21715\" srcset=\"https:\/\/cmm.imgw.pl\/wp-content\/uploads\/2023\/01\/Obraz27.png 473w, https:\/\/cmm.imgw.pl\/wp-content\/uploads\/2023\/01\/Obraz27-300x249.png 300w\" sizes=\"(max-width: 473px) 100vw, 473px\" \/><\/figure><\/div>\n\n\n<p class=\"has-text-align-center\">Chwila zako\u0144czenie zakrycia tarczy Urana przez tarcz\u0119 Ksi\u0119\u017cyca w dniu 29 I 2023 o godzinie 05:37:21. \u0179r\u00f3d\u0142o: https:\/\/stellarium-web.org\/<\/p>\n\n\n<div class=\"wp-block-image\">\n<figure class=\"aligncenter size-large\"><img loading=\"lazy\" width=\"1024\" height=\"683\" src=\"https:\/\/cmm.imgw.pl\/wp-content\/uploads\/2023\/01\/Obraz28-1-1024x683.jpg\" alt=\"\" class=\"wp-image-21716\" srcset=\"https:\/\/cmm.imgw.pl\/wp-content\/uploads\/2023\/01\/Obraz28-1-1024x683.jpg 1024w, https:\/\/cmm.imgw.pl\/wp-content\/uploads\/2023\/01\/Obraz28-1-300x200.jpg 300w, https:\/\/cmm.imgw.pl\/wp-content\/uploads\/2023\/01\/Obraz28-1-768x512.jpg 768w, https:\/\/cmm.imgw.pl\/wp-content\/uploads\/2023\/01\/Obraz28-1.jpg 1184w\" sizes=\"(max-width: 1024px) 100vw, 1024px\" \/><\/figure><\/div>\n\n\n<p class=\"has-text-align-center\">Mars na tle gwiazdozbioru Byka (Taurus). W prawym g\u00f3rnym rogu zdj\u0119cia widoczne Plejady. Mars (czerwony obiekt w centrum kadru) jest blisko Hiad (wizualnie lu\u017aniejszych ni\u017c Plejady). Przej\u015bcie Ksi\u0119\u017cyca na tle takich gromad potrafi by\u0107 ca\u0142kiem efektowne. Przes\u0142aniane s\u0105 kolejne gwiazdy w gromadach, dobrze jest mie\u0107 pod r\u0119k\u0105 precyzyjn\u0105 efemeryd\u0119 ruchu Ksi\u0119\u017cyca po niebie (wynikaj\u0105cego z ruchu orbitalnego Ksi\u0119\u017cyca wok\u00f3\u0142 Ziemi). 30 stycznia, oko\u0142o godziny 1, Ksi\u0119\u017cyc przetnie granic\u0119 gwiazdozbioru Byka.<\/p>\n\n\n\n<p><strong><u>Ksi\u0119\u017cyc i Plejady<\/u><\/strong><\/p>\n\n\n\n<p>Ksi\u0119\u017cyc w pobli\u017cu Plejad b\u0119dzie znajdowa\u0142 si\u0119 30 stycznia 2023 roku w godzinach dopo\u0142udniowych.<\/p>\n\n\n<div class=\"wp-block-image\">\n<figure class=\"aligncenter size-full\"><img loading=\"lazy\" width=\"400\" height=\"494\" src=\"https:\/\/cmm.imgw.pl\/wp-content\/uploads\/2023\/01\/Obraz29.png\" alt=\"\" class=\"wp-image-21717\" srcset=\"https:\/\/cmm.imgw.pl\/wp-content\/uploads\/2023\/01\/Obraz29.png 400w, https:\/\/cmm.imgw.pl\/wp-content\/uploads\/2023\/01\/Obraz29-243x300.png 243w\" sizes=\"(max-width: 400px) 100vw, 400px\" \/><\/figure><\/div>\n\n\n<p class=\"has-text-align-center\">Po\u0142o\u017cenie Ksi\u0119\u017cyca wzgl\u0119dem gromady otwartej Plejady, 30 stycznia 2023 roku, w godzinach dopo\u0142udniowych. \u0179r\u00f3d\u0142o: <a href=\"https:\/\/stellarium-web.org\/\">https:\/\/stellarium-web.org\/<\/a><\/p>\n\n\n\n<p><strong><u>Ksi\u0119\u017cyc i Hiady<\/u><\/strong><\/p>\n\n\n\n<p>Ksi\u0119\u017cyc w pobli\u017cu Hiad b\u0119dzie znajdowa\u0142 si\u0119 30 stycznia 2023 roku w godzinach wieczornych.<\/p>\n\n\n<div class=\"wp-block-image\">\n<figure class=\"aligncenter size-full\"><img loading=\"lazy\" width=\"735\" height=\"454\" src=\"https:\/\/cmm.imgw.pl\/wp-content\/uploads\/2023\/01\/Obraz30.png\" alt=\"\" class=\"wp-image-21718\" srcset=\"https:\/\/cmm.imgw.pl\/wp-content\/uploads\/2023\/01\/Obraz30.png 735w, https:\/\/cmm.imgw.pl\/wp-content\/uploads\/2023\/01\/Obraz30-300x185.png 300w\" sizes=\"(max-width: 735px) 100vw, 735px\" \/><\/figure><\/div>\n\n\n<p class=\"has-text-align-center\">Po\u0142o\u017cenie Ksi\u0119\u017cyca wzgl\u0119dem gromady otwartej Hiady, 30 stycznia 2023 roku, w godzinach wieczornych. \u0179r\u00f3d\u0142o: https:\/\/stellarium-web.org\/<\/p>\n\n\n\n<p><strong><u>Ksi\u0119\u017cyc i Mars<\/u><\/strong><\/p>\n\n\n\n<p>W ubieg\u0142ym miesi\u0105cu Ksi\u0119\u017cyc zakry\u0142 Marsa, w tym (na naszej szeroko\u015bci geograficznej) przejdzie obok niego. Spektakl natomiast b\u0119d\u0105 mogli podziwia\u0107 mieszka\u0144cy po\u0142udniowego rejonu p\u00f3\u0142nocnej Ameryki, centralnej Ameryki, p\u00f3\u0142nocno zachodnich obszar\u00f3w po\u0142udniowej Ameryki, na Kubie, Haiti i na Pacyfiku [5].<\/p>\n\n\n<div class=\"wp-block-image\">\n<figure class=\"aligncenter size-full\"><img loading=\"lazy\" width=\"730\" height=\"438\" src=\"https:\/\/cmm.imgw.pl\/wp-content\/uploads\/2023\/01\/Obraz31.png\" alt=\"\" class=\"wp-image-21719\" srcset=\"https:\/\/cmm.imgw.pl\/wp-content\/uploads\/2023\/01\/Obraz31.png 730w, https:\/\/cmm.imgw.pl\/wp-content\/uploads\/2023\/01\/Obraz31-300x180.png 300w\" sizes=\"(max-width: 730px) 100vw, 730px\" \/><\/figure><\/div>\n\n\n<p class=\"has-text-align-center\">Po\u0142o\u017cenie Ksi\u0119\u017cyca wzgl\u0119dem Marsa, 31 stycznia 2023 roku, godzina 06<sup>14<\/sup>. \u0179r\u00f3d\u0142o: https:\/\/stellarium-web.org\/<\/p>\n\n\n\n<p><strong><u>Mars i Plejady<\/u><\/strong><\/p>\n\n\n\n<p>W sierpniu 2022 roku Mars znajdowa\u0142 si\u0119 w pobli\u017cu gromady otwartej Plejady. Jak wida\u0107 Mars nie by\u0142 w z\u0142\u0105czeniu z gwiazdami nale\u017c\u0105cymi do tej gromady. Pytanie jakie si\u0119 nasuwa czy takie z\u0142\u0105czenie jest mo\u017cliwe?<\/p>\n\n\n<div class=\"wp-block-image\">\n<figure class=\"aligncenter size-full\"><img loading=\"lazy\" width=\"744\" height=\"456\" src=\"https:\/\/cmm.imgw.pl\/wp-content\/uploads\/2023\/01\/Obraz32.png\" alt=\"\" class=\"wp-image-21720\" srcset=\"https:\/\/cmm.imgw.pl\/wp-content\/uploads\/2023\/01\/Obraz32.png 744w, https:\/\/cmm.imgw.pl\/wp-content\/uploads\/2023\/01\/Obraz32-300x184.png 300w\" sizes=\"(max-width: 744px) 100vw, 744px\" \/><\/figure><\/div>\n\n\n<p class=\"has-text-align-center\">Po\u0142o\u017cenie Marsa wzgl\u0119dem gromady otwartej Plejady, 28 sierpnia 2022 roku. \u0179r\u00f3d\u0142o: <a href=\"https:\/\/stellarium-web.org\/\">https:\/\/stellarium-web.org\/<\/a><\/p>\n\n\n\n<p>Obecnie najja\u015bniejsza gwiazda z gromady Plejady, Alcyone (\u03b7 Tau), znajduje si\u0119 w odleg\u0142o\u015bci +4,051\u00b0 od ekliptyki [5,8]. Podobnie jak ca\u0142a gromada otwarta Plejady. Z mechaniki nieba wiadomo, \u017ce gdy Mars osi\u0105gnie d\u0142ugo\u015b\u0107 ekliptyczn\u0105 Alcyone jego orbita mo\u017ce osi\u0105gn\u0105\u0107 ekstremalne warto\u015bci szeroko\u015bci ekliptyczne w granicach od -1,97\u00b0 do +2,47\u00b0 [6], dla epoki 2000. Zatem w naszych czasach nie ma mo\u017cliwo\u015bci, aby Mars mia\u0142 okultacj\u0119 z Alcyone. Mars zawsze znajdowa\u0107 si\u0119 b\u0119dzie w pewnej odleg\u0142o\u015bci i mo\u017cna go odnale\u017a\u0107 zawsze na po\u0142udniu od gwiazdy Alcyone. 20 stycznia 1991 roku Mars zbli\u017cy\u0142 si\u0119 do \u03b7 Tau na odleg\u0142o\u015b\u0107 1\u00b040\u2019S od gwiazdy, i to by\u0142a najmniejsza odleg\u0142o\u015b\u0107 w okresie 1501-2000 [8].<\/p>\n\n\n<div class=\"wp-block-image\">\n<figure class=\"aligncenter size-full\"><img loading=\"lazy\" width=\"429\" height=\"256\" src=\"https:\/\/cmm.imgw.pl\/wp-content\/uploads\/2023\/01\/Obraz33.png\" alt=\"\" class=\"wp-image-21721\" srcset=\"https:\/\/cmm.imgw.pl\/wp-content\/uploads\/2023\/01\/Obraz33.png 429w, https:\/\/cmm.imgw.pl\/wp-content\/uploads\/2023\/01\/Obraz33-300x179.png 300w\" sizes=\"(max-width: 429px) 100vw, 429px\" \/><\/figure><\/div>\n\n\n<p class=\"has-text-align-center\">\u0179r\u00f3d\u0142o: Jean Meeus, <em>Mathematical Astronomy Morsels IV<\/em>, 2007, Willmann-Bell, Inc.<\/p>\n\n\n<div class=\"wp-block-image\">\n<figure class=\"aligncenter size-full\"><img loading=\"lazy\" width=\"449\" height=\"380\" src=\"https:\/\/cmm.imgw.pl\/wp-content\/uploads\/2023\/01\/Obraz34.png\" alt=\"\" class=\"wp-image-21722\" srcset=\"https:\/\/cmm.imgw.pl\/wp-content\/uploads\/2023\/01\/Obraz34.png 449w, https:\/\/cmm.imgw.pl\/wp-content\/uploads\/2023\/01\/Obraz34-300x254.png 300w\" sizes=\"(max-width: 449px) 100vw, 449px\" \/><\/figure><\/div>\n\n\n<p class=\"has-text-align-center\">\u0179r\u00f3d\u0142o: Jean Meeus, <em>Mathematical Astronomy Morsels IV<\/em>, 2007, Willmann-Bell, Inc.<\/p>\n\n\n\n<p>W wyniku zjawiska precesji, nutacji i ruch\u00f3w w\u0142asnych gwiazd wsp\u00f3\u0142rz\u0119dne gwiazd zmieniaj\u0105 si\u0119. Podobnie po\u0142o\u017cenie orbity Marsa si\u0119 zmienia. Obecnie w\u0119ze\u0142 wst\u0119puj\u0105cy orbity marsja\u0144skiej znajduje si\u0119 w pobli\u017cu gwiazdy \u03b4 Ari. O\u015b w\u0119z\u0142\u00f3w orbity retrograduj\u0105 18\u2019 na stulecie (wzgl\u0119dem sta\u0142ego uk\u0142adu odniesienia) [8]. Peryhelium orbity marsja\u0144skiej wypada w okolicach gwiazdy \u03c3 Aquarii. Linia apsyd tranzytuje ruchem dyrekcyjnym 27\u2019 na stulecie (r\u00f3wnie\u017c wzgl\u0119dem sta\u0142ego uk\u0142adu odniesienia) [8]. R\u00f3wnie\u017c nachylenie p\u0142aszczyzny orbity planety wzgl\u0119dem p\u0142aszczyzny ekliptyki zmienia si\u0119. Obecnie inklinacja orbity maleje [8].<\/p>\n\n\n<div class=\"wp-block-image\">\n<figure class=\"aligncenter size-full\"><img loading=\"lazy\" width=\"179\" height=\"144\" src=\"https:\/\/cmm.imgw.pl\/wp-content\/uploads\/2023\/01\/Obraz35.png\" alt=\"\" class=\"wp-image-21723\"\/><\/figure><\/div>\n\n\n<p class=\"has-text-align-center\">\u0179r\u00f3d\u0142o: Jean Meeus, <em>Mathematical Astronomy Morsels IV<\/em>, 2007, Willmann-Bell, Inc.<\/p>\n\n\n\n<p>Uwzgl\u0119dniaj\u0105c powy\u017csze okoliczno\u015bci, w oparciu o symulacje numeryczne, stwierdzi\u0107 nale\u017cy, \u017ce obecnie odleg\u0142o\u015b\u0107 pomi\u0119dzy gwiazd\u0105 Alcyone a Marsem maleje. Jak si\u0119 okazuje najmniejsza odleg\u0142o\u015b\u0107 zastanie osi\u0105gni\u0119ta 5 marca 7609 roku. Mars zbli\u017cy si\u0119 na odleg\u0142o\u015b\u0107 30\u201d i b\u0119dzie znajdowa\u0142 si\u0119 na p\u00f3\u0142noc od gwiazdy \u03b7 Tau [8].<\/p>\n\n\n<div class=\"wp-block-image\">\n<figure class=\"aligncenter size-full\"><img loading=\"lazy\" width=\"571\" height=\"253\" src=\"https:\/\/cmm.imgw.pl\/wp-content\/uploads\/2023\/01\/Obraz367.png\" alt=\"\" class=\"wp-image-21724\" srcset=\"https:\/\/cmm.imgw.pl\/wp-content\/uploads\/2023\/01\/Obraz367.png 571w, https:\/\/cmm.imgw.pl\/wp-content\/uploads\/2023\/01\/Obraz367-300x133.png 300w\" sizes=\"(max-width: 571px) 100vw, 571px\" \/><\/figure><\/div>\n\n\n<p class=\"has-text-align-center\">\u0179r\u00f3d\u0142o: Jean Meeus, <em>Mathematical Astronomy Morsels IV<\/em>, 2007, Willmann-Bell, Inc.<\/p>\n\n\n\n<p><strong><u>Mini ciekawostki o Uranie<\/u><\/strong><\/p>\n\n\n\n<p>Uran jest ju\u017c cia\u0142em niebieskim, kt\u00f3rego wielko\u015b\u0107 gwiazdowa sprawia, \u017ce planeta pozostaje na granicy widoczno\u015bci ludzkiego oka (oko\u0142o 6 magnitudo) jako zielonkawa kropka. O\u015b planety jest nachylona pod k\u0105tem 98\u00b0 (nachylenie r\u00f3wnika do orbity), co skutkuje tym, \u017ce na planecie zachodzi zjawisko p\u00f3r roku. Od 16 grudnia 2007 roku na p\u00f3\u0142kuli p\u00f3\u0142nocnej panuje jesie\u0144, za\u015b na p\u00f3\u0142kuli po\u0142udniowej wiosna. Obecna pora roku b\u0119dzie trwa\u0142a a\u017c do 19 kwietnia 2030 roku, kiedy to na p\u00f3\u0142kuli p\u00f3\u0142nocnej rozpocznie si\u0119 astronomiczna zima, a na p\u00f3\u0142kuli po\u0142udniowej lato [6].<\/p>\n\n\n<div class=\"wp-block-image\">\n<figure class=\"aligncenter size-full\"><img loading=\"lazy\" width=\"629\" height=\"528\" src=\"https:\/\/cmm.imgw.pl\/wp-content\/uploads\/2023\/01\/Obraz38-1.jpg\" alt=\"\" class=\"wp-image-21725\" srcset=\"https:\/\/cmm.imgw.pl\/wp-content\/uploads\/2023\/01\/Obraz38-1.jpg 629w, https:\/\/cmm.imgw.pl\/wp-content\/uploads\/2023\/01\/Obraz38-1-300x252.jpg 300w\" sizes=\"(max-width: 629px) 100vw, 629px\" \/><\/figure><\/div>\n\n\n<p class=\"has-text-align-center\">Mg\u0142awica M1 w Byku. \u0179r\u00f3d\u0142o: APOD (Astronomical Picture of the Day).<\/p>\n\n\n\n<p><strong><u>Obiekty w obszarze konstelacji Byka<\/u><\/strong><\/p>\n\n\n\n<p>W gwiazdozbiorze Byka znajduje si\u0119 tak\u017ce inny interesuj\u0105cy obiekt \u2013 mg\u0142awica Krab, M1. Jest to pozosta\u0142o\u015b\u0107 wybuchu supernowej dostrze\u017conego w kronikach arabskich, japo\u0144skich i chi\u0144skich w 1054 roku. Wybuch spowodowa\u0142 nag\u0142e poja\u015bnienie jasnej gwiazdy, kt\u00f3rej jasno\u015b\u0107, jak przypuszcza si\u0119, przewy\u017csza\u0142a jasno\u015b\u0107 Wenus i jak donosz\u0105 kroniki na dziennym niebie by\u0142a dostrzegalna przez 23 dni, za\u015b na nocnym widoczna by\u0142a przez dwa lata. Obserwacje wskazuj\u0105, \u017ce mg\u0142awica rozszerza si\u0119 z pr\u0119dko\u015bci\u0105 1300 km\/s, czyli \u015brednica k\u0105towa przyrasta \u015brednio 0\u201d,178 rocznie [7]. Mg\u0142awica oddalona jest od Ziemi o oko\u0142o 1900 pc.<\/p>\n\n\n<div class=\"wp-block-image\">\n<figure class=\"aligncenter size-large\"><img loading=\"lazy\" width=\"1024\" height=\"796\" src=\"https:\/\/cmm.imgw.pl\/wp-content\/uploads\/2023\/01\/Obraz39-1-1024x796.jpg\" alt=\"\" class=\"wp-image-21726\" srcset=\"https:\/\/cmm.imgw.pl\/wp-content\/uploads\/2023\/01\/Obraz39-1-1024x796.jpg 1024w, https:\/\/cmm.imgw.pl\/wp-content\/uploads\/2023\/01\/Obraz39-1-300x233.jpg 300w, https:\/\/cmm.imgw.pl\/wp-content\/uploads\/2023\/01\/Obraz39-1-768x597.jpg 768w, https:\/\/cmm.imgw.pl\/wp-content\/uploads\/2023\/01\/Obraz39-1.jpg 1284w\" sizes=\"(max-width: 1024px) 100vw, 1024px\" \/><\/figure><\/div>\n\n\n<p class=\"has-text-align-center\">Rotacja (i zmienno\u015b\u0107 jasno\u015bci) pulsara Krab w du\u017cym zbli\u017ceniu. \u0179r\u00f3d\u0142o: N.A.Sharp\/NOIRLab\/<a href=\"https:\/\/www.nsf.gov\/\">NSF<\/a>\/AURA.<\/p>\n\n\n\n<p>W centrum mg\u0142awicy Krab odkryto jeden z najs\u0142ynniejszych pulsar\u00f3w, zwanych te\u017c pulsarem Krab. Rotuje on oko\u0142o 33 razy na sekund\u0119 a sam obiekt jest wielko\u015bci miasta a mas\u0119 ma rz\u0119du masy S\u0142o\u0144ca. To oznacza, \u017ce jest superg\u0119sty. Teoria pulsar\u00f3w bardzo si\u0119 rozwin\u0119\u0142a, mo\u017cemy nawet wyznacza\u0107 ich wiek metod\u0105 dynamiczn\u0105, z wynikiem te\u017c rz\u0119du 1200 lat (wi\u0119c zgodny co do rz\u0119du z wiekiem z kronik \u2013 970 lat). Cech\u0105 pulsar\u00f3w jest tak\u017ce ultrasilne pole magnetyczne, rz\u0119du biliona gaus\u00f3w.<\/p>\n\n\n<div class=\"wp-block-image\">\n<figure class=\"aligncenter size-full\"><img loading=\"lazy\" width=\"395\" height=\"339\" src=\"https:\/\/cmm.imgw.pl\/wp-content\/uploads\/2023\/01\/Obraz40.jpg\" alt=\"\" class=\"wp-image-21727\" srcset=\"https:\/\/cmm.imgw.pl\/wp-content\/uploads\/2023\/01\/Obraz40.jpg 395w, https:\/\/cmm.imgw.pl\/wp-content\/uploads\/2023\/01\/Obraz40-300x257.jpg 300w\" sizes=\"(max-width: 395px) 100vw, 395px\" \/><\/figure><\/div>\n\n\n<p>Artystyczna wizja zlania si\u0119 dw\u00f3ch gwiazd neutronowych. Widoczne silne zakrzywienia czasoprzestrzeni prowadz\u0105ce ostatecznie do powstania czarnej dziury i zmarszczek czasoprzestrzeni \u2013 fal grawitacyjnych, mog\u0105cych si\u0119 propagowa\u0107 na ogromne odleg\u0142o\u015bci. \u0179r\u00f3d\u0142o: National Science Foundation\/LIGO\/Sonoma State University\/A. Simonnet, Astronomy.com.<\/p>\n\n\n\n<p>Podkategoria pulsar\u00f3w zwana magnetarami ma to pole jeszcze o czynnik rz\u0119du 1000 silniejsze. Na zderzeniach gwiazd neutronowych testuje si\u0119 ostatnio OTW \u2013 Og\u00f3ln\u0105 Teori\u0119 Wzgl\u0119dno\u015bci. Takie zlanie si\u0119 gwiazd (ang. merger) powoduje powstanie fal grawitacyjnych, przewidzianych przez OTW, a zaobserwowanych oko\u0142o 100 lat p\u00f3\u017aniej. Przewidywania i ostateczna detekcja fal grawitacyjnych zosta\u0142y w 2017 roku uhonorowane nagrod\u0105 Nobla z fizyki dla Rainera Weiss\u2019a, Barry C. Barish\u2019a i Kipa Thorne\u2019a.<\/p>\n\n\n\n<p>Opracowanie:<\/p>\n\n\n\n<p>dr&nbsp;Grzegorz&nbsp;Duniec, dr Marcin Kolonko, Centrum Modelowania Meteorologicznego IMGW-PIB.<\/p>\n\n\n\n<p><strong><u>Literatura.<\/u><\/strong><\/p>\n\n\n\n<ol type=\"1\"><li>Jan Desselberger, Jacek Szczepanik, <em>Tablice astronomiczne z przewodnikiem po gwiazdach<\/em>, PPU \u201ePark\u201d Sp. z o.o., Bielsko-Bia\u0142a, 2002, wyd. I.<\/li><li>Jerzy Kreiner, <em>Astronomia z astrofizyk\u0105<\/em>, wyd. II., Wydawnictwo Naukowe PWN, 1992.<\/li><li>a) Marcin Kubiak, <em>Gwiazdy<\/em>, wersja elektroniczna dost\u0119pna pod adresem: <a href=\"http:\/\/www.astrouw.edu.pl\/~soszynsk\/gwiazdy.pdf\">http:\/\/www.astrouw.edu.pl\/~soszynsk\/gwiazdy.pdf<\/a>,<\/li><\/ol>\n\n\n\n<p>b) Marcin Kubiak, <em>Gwiazdy i materia mi\u0119dzygwiazdowa<\/em>, Wydawnictwo Naukowe PWN, Warszawa 1994.<\/p>\n\n\n\n<p>Hannau Karttunen, Pekka Kroger, Heikki OJa, Markku Poutanwen, Karl Johan Donner, Sixth Edition, <em>Fundamental Astronomy<\/em>, Springer, 2017<\/p>\n\n\n\n<p>Jean Meeus, <em>Astronomy Tables Of The Sun, Moon and Planets<\/em>, Third Edition, 1983-2015, Willmann-Bell, Inc.<\/p>\n\n\n\n<p>Jean Meeus, <em>More Mathematical Astronomy Morsels<\/em>, 2002, Willmann-Bell, Inc.<\/p>\n\n\n\n<p>Eugeniusz Rybka, Astronomia og\u00f3lna, Wyd. VII. PWN, Warszawa, 1983.<\/p>\n\n\n\n<p>Jean Meeus, <em>Mathematical Astronomy Morsels IV<\/em>, 2007, Willmann-Bell, Inc.<br><br><br><br><br><br><\/p>\n\n\n\n<p><strong>Prognoza meteorologiczna dla mi\u0142o\u015bnik\u00f3w astronomii na wiecz\u00f3r 30 I 2023 roku (od godziny 18, 30 I 2023 roku do godziny 01, 31 I 2023 roku).<\/strong><\/p>\n\n\n<div class=\"wp-block-image\">\n<figure class=\"aligncenter size-full\"><img loading=\"lazy\" width=\"300\" height=\"213\" src=\"https:\/\/cmm.imgw.pl\/wp-content\/uploads\/2023\/01\/Obraz40.gif\" alt=\"\" class=\"wp-image-21794\"\/><\/figure><\/div>\n\n<div class=\"wp-block-image\">\n<figure class=\"aligncenter size-full\"><img loading=\"lazy\" width=\"296\" height=\"210\" src=\"https:\/\/cmm.imgw.pl\/wp-content\/uploads\/2023\/01\/Obraz41.gif\" alt=\"\" class=\"wp-image-21795\"\/><\/figure><\/div>\n\n\n<p><strong>Sytuacja synoptyczna:<\/strong> pogod\u0119 kszta\u0142towa\u0107 b\u0119dzie uk\u0142ad niskiego z centrum 970 hPa nad Skandynawi\u0105. Przez Polsk\u0119 b\u0119dzie przemieszcza\u0142 si\u0119 front atmosferyczny okluzji.<\/p>\n\n\n<div class=\"wp-block-image\">\n<figure class=\"aligncenter size-full\"><img loading=\"lazy\" width=\"283\" height=\"302\" src=\"https:\/\/cmm.imgw.pl\/wp-content\/uploads\/2023\/01\/Obraz42.png\" alt=\"\" class=\"wp-image-21796\" srcset=\"https:\/\/cmm.imgw.pl\/wp-content\/uploads\/2023\/01\/Obraz42.png 283w, https:\/\/cmm.imgw.pl\/wp-content\/uploads\/2023\/01\/Obraz42-281x300.png 281w\" sizes=\"(max-width: 283px) 100vw, 283px\" \/><\/figure><\/div>\n\n<div class=\"wp-block-image\">\n<figure class=\"aligncenter size-full\"><img loading=\"lazy\" width=\"284\" height=\"302\" src=\"https:\/\/cmm.imgw.pl\/wp-content\/uploads\/2023\/01\/Obraz43.png\" alt=\"\" class=\"wp-image-21797\" srcset=\"https:\/\/cmm.imgw.pl\/wp-content\/uploads\/2023\/01\/Obraz43.png 284w, https:\/\/cmm.imgw.pl\/wp-content\/uploads\/2023\/01\/Obraz43-282x300.png 282w\" sizes=\"(max-width: 284px) 100vw, 284px\" \/><\/figure><\/div>\n\n<div class=\"wp-block-image\">\n<figure class=\"aligncenter size-full\"><img loading=\"lazy\" width=\"288\" height=\"223\" src=\"https:\/\/cmm.imgw.pl\/wp-content\/uploads\/2023\/01\/Obraz44.gif\" alt=\"\" class=\"wp-image-21798\"\/><\/figure><\/div>\n\n\n<p><strong>Masy powietrza:<\/strong> pozostaniemy w polarno-morskiej masie powietrza. Po przej\u015bciu frontu do Polski nap\u0142ynie zatoka ch\u0142odniejszego powietrza polarno-morskiego.<\/p>\n\n\n<div class=\"wp-block-image\">\n<figure class=\"aligncenter size-full\"><img loading=\"lazy\" width=\"688\" height=\"688\" src=\"https:\/\/cmm.imgw.pl\/wp-content\/uploads\/2023\/01\/Obraz45.jpg\" alt=\"\" class=\"wp-image-21799\" srcset=\"https:\/\/cmm.imgw.pl\/wp-content\/uploads\/2023\/01\/Obraz45.jpg 688w, https:\/\/cmm.imgw.pl\/wp-content\/uploads\/2023\/01\/Obraz45-300x300.jpg 300w, https:\/\/cmm.imgw.pl\/wp-content\/uploads\/2023\/01\/Obraz45-150x150.jpg 150w, https:\/\/cmm.imgw.pl\/wp-content\/uploads\/2023\/01\/Obraz45-600x600.jpg 600w\" sizes=\"(max-width: 688px) 100vw, 688px\" \/><\/figure><\/div>\n\n<div class=\"wp-block-image\">\n<figure class=\"aligncenter size-full\"><img loading=\"lazy\" width=\"677\" height=\"677\" src=\"https:\/\/cmm.imgw.pl\/wp-content\/uploads\/2023\/01\/Obraz46.jpg\" alt=\"\" class=\"wp-image-21800\" srcset=\"https:\/\/cmm.imgw.pl\/wp-content\/uploads\/2023\/01\/Obraz46.jpg 677w, https:\/\/cmm.imgw.pl\/wp-content\/uploads\/2023\/01\/Obraz46-300x300.jpg 300w, https:\/\/cmm.imgw.pl\/wp-content\/uploads\/2023\/01\/Obraz46-150x150.jpg 150w, https:\/\/cmm.imgw.pl\/wp-content\/uploads\/2023\/01\/Obraz46-600x600.jpg 600w\" sizes=\"(max-width: 677px) 100vw, 677px\" \/><\/figure><\/div>\n\n\n<p><strong>Temperatura powietrza:<\/strong><\/p>\n\n\n\n<p>30 I 2023 roku, godzina 19: od -5\u00b0C w Zakopanem do 4\u00b0C w Koszalinie, Szczecinie i Gorzowie Wielkopolskim.<\/p>\n\n\n\n<p>31 I 2023 roku, godzina 01: od -5\u00b0C w Zakopanem do 2\u00b0C w Koszalinie, Szczecinie, Bydgoszczy i w Toruniu.<\/p>\n\n\n<div class=\"wp-block-image\">\n<figure class=\"aligncenter size-full\"><img loading=\"lazy\" width=\"673\" height=\"634\" src=\"https:\/\/cmm.imgw.pl\/wp-content\/uploads\/2023\/01\/Obraz47.jpg\" alt=\"\" class=\"wp-image-21802\" srcset=\"https:\/\/cmm.imgw.pl\/wp-content\/uploads\/2023\/01\/Obraz47.jpg 673w, https:\/\/cmm.imgw.pl\/wp-content\/uploads\/2023\/01\/Obraz47-300x283.jpg 300w\" sizes=\"(max-width: 673px) 100vw, 673px\" \/><\/figure><\/div>\n\n<div class=\"wp-block-image\">\n<figure class=\"aligncenter size-full\"><img loading=\"lazy\" width=\"670\" height=\"631\" src=\"https:\/\/cmm.imgw.pl\/wp-content\/uploads\/2023\/01\/Obraz48.jpg\" alt=\"\" class=\"wp-image-21803\" srcset=\"https:\/\/cmm.imgw.pl\/wp-content\/uploads\/2023\/01\/Obraz48.jpg 670w, https:\/\/cmm.imgw.pl\/wp-content\/uploads\/2023\/01\/Obraz48-300x283.jpg 300w\" sizes=\"(max-width: 670px) 100vw, 670px\" \/><\/figure><\/div>\n\n\n<p><strong>Temperatura odczuwalna:<\/strong><\/p>\n\n\n\n<p>30 I 2023 roku, godzina 19: od -6\u00b0C w Zakopanem do 0\u00b0C w Zielonej G\u00f3rze.<\/p>\n\n\n\n<p>31 I 2023 roku, godzina 01: od -8\u00b0C w Olsztynie do -1\u00b0C we Wroc\u0142awiu i Krakowie.<\/p>\n\n\n<div class=\"wp-block-image\">\n<figure class=\"aligncenter size-full\"><img loading=\"lazy\" width=\"674\" height=\"674\" src=\"https:\/\/cmm.imgw.pl\/wp-content\/uploads\/2023\/01\/Obraz49.jpg\" alt=\"\" class=\"wp-image-21804\" srcset=\"https:\/\/cmm.imgw.pl\/wp-content\/uploads\/2023\/01\/Obraz49.jpg 674w, https:\/\/cmm.imgw.pl\/wp-content\/uploads\/2023\/01\/Obraz49-300x300.jpg 300w, https:\/\/cmm.imgw.pl\/wp-content\/uploads\/2023\/01\/Obraz49-150x150.jpg 150w, https:\/\/cmm.imgw.pl\/wp-content\/uploads\/2023\/01\/Obraz49-600x600.jpg 600w\" sizes=\"(max-width: 674px) 100vw, 674px\" \/><\/figure><\/div>\n\n<div class=\"wp-block-image\">\n<figure class=\"aligncenter size-full\"><img loading=\"lazy\" width=\"666\" height=\"666\" src=\"https:\/\/cmm.imgw.pl\/wp-content\/uploads\/2023\/01\/Obraz50.jpg\" alt=\"\" class=\"wp-image-21805\" srcset=\"https:\/\/cmm.imgw.pl\/wp-content\/uploads\/2023\/01\/Obraz50.jpg 666w, https:\/\/cmm.imgw.pl\/wp-content\/uploads\/2023\/01\/Obraz50-300x300.jpg 300w, https:\/\/cmm.imgw.pl\/wp-content\/uploads\/2023\/01\/Obraz50-150x150.jpg 150w, https:\/\/cmm.imgw.pl\/wp-content\/uploads\/2023\/01\/Obraz50-600x600.jpg 600w\" sizes=\"(max-width: 666px) 100vw, 666px\" \/><\/figure><\/div>\n\n\n<p><strong>Wilgotno\u015b\u0107 powietrza<\/strong>: 30 I 2023 roku, godzina 19: 82-96%. 31 I 2023 roku, godzina 01: 82-96%.<\/p>\n\n\n<div class=\"wp-block-image\">\n<figure class=\"aligncenter size-full\"><img loading=\"lazy\" width=\"695\" height=\"695\" src=\"https:\/\/cmm.imgw.pl\/wp-content\/uploads\/2023\/01\/Obraz51.jpg\" alt=\"\" class=\"wp-image-21806\" srcset=\"https:\/\/cmm.imgw.pl\/wp-content\/uploads\/2023\/01\/Obraz51.jpg 695w, https:\/\/cmm.imgw.pl\/wp-content\/uploads\/2023\/01\/Obraz51-300x300.jpg 300w, https:\/\/cmm.imgw.pl\/wp-content\/uploads\/2023\/01\/Obraz51-150x150.jpg 150w, https:\/\/cmm.imgw.pl\/wp-content\/uploads\/2023\/01\/Obraz51-600x600.jpg 600w\" sizes=\"(max-width: 695px) 100vw, 695px\" \/><\/figure><\/div>\n\n<div class=\"wp-block-image\">\n<figure class=\"aligncenter size-full\"><img loading=\"lazy\" width=\"682\" height=\"682\" src=\"https:\/\/cmm.imgw.pl\/wp-content\/uploads\/2023\/01\/Obraz52.jpg\" alt=\"\" class=\"wp-image-21807\" srcset=\"https:\/\/cmm.imgw.pl\/wp-content\/uploads\/2023\/01\/Obraz52.jpg 682w, https:\/\/cmm.imgw.pl\/wp-content\/uploads\/2023\/01\/Obraz52-300x300.jpg 300w, https:\/\/cmm.imgw.pl\/wp-content\/uploads\/2023\/01\/Obraz52-150x150.jpg 150w, https:\/\/cmm.imgw.pl\/wp-content\/uploads\/2023\/01\/Obraz52-600x600.jpg 600w\" sizes=\"(max-width: 682px) 100vw, 682px\" \/><\/figure><\/div>\n\n<div class=\"wp-block-image\">\n<figure class=\"aligncenter size-full\"><img loading=\"lazy\" width=\"642\" height=\"642\" src=\"https:\/\/cmm.imgw.pl\/wp-content\/uploads\/2023\/01\/Obraz53.jpg\" alt=\"\" class=\"wp-image-21808\" srcset=\"https:\/\/cmm.imgw.pl\/wp-content\/uploads\/2023\/01\/Obraz53.jpg 642w, https:\/\/cmm.imgw.pl\/wp-content\/uploads\/2023\/01\/Obraz53-300x300.jpg 300w, https:\/\/cmm.imgw.pl\/wp-content\/uploads\/2023\/01\/Obraz53-150x150.jpg 150w, https:\/\/cmm.imgw.pl\/wp-content\/uploads\/2023\/01\/Obraz53-600x600.jpg 600w\" sizes=\"(max-width: 642px) 100vw, 642px\" \/><\/figure><\/div>\n\n<div class=\"wp-block-image\">\n<figure class=\"aligncenter size-full\"><img loading=\"lazy\" width=\"641\" height=\"641\" src=\"https:\/\/cmm.imgw.pl\/wp-content\/uploads\/2023\/01\/Obraz54.jpg\" alt=\"\" class=\"wp-image-21809\" srcset=\"https:\/\/cmm.imgw.pl\/wp-content\/uploads\/2023\/01\/Obraz54.jpg 641w, https:\/\/cmm.imgw.pl\/wp-content\/uploads\/2023\/01\/Obraz54-300x300.jpg 300w, https:\/\/cmm.imgw.pl\/wp-content\/uploads\/2023\/01\/Obraz54-150x150.jpg 150w, https:\/\/cmm.imgw.pl\/wp-content\/uploads\/2023\/01\/Obraz54-600x600.jpg 600w\" sizes=\"(max-width: 641px) 100vw, 641px\" \/><\/figure><\/div>\n\n\n<p><strong>Wiatr<\/strong>: zachodni w po\u0142udniowo zachodniej Polsce, p\u00f3\u0142nocno zachodni w p\u00f3\u0142nocno zachodnich rejonach kraju. Po\u0142udniowo zachodni na pozosta\u0142ym obszarze. W nocy z 30 na 30 I kierunek wiatru po\u0142udniowo zachodni w po\u0142udniowo wschodniej Polsce i p\u00f3\u0142nocno zachodni i zachodni na pozosta\u0142ym obszarze. &nbsp;<\/p>\n\n\n\n<p>30 I 2023 roku, godzina 19: pr\u0119dko\u015b\u0107 wiatru 14-29 km\/h.<\/p>\n\n\n\n<p>31 I 2023 roku, godzina 01: pr\u0119dko\u015b\u0107 wiatru 18-27 km\/h.<\/p>\n\n\n\n<p>W porywach od 45 km\/h w po\u0142udniowo wschodniej Polsce do 80 km\/h (lokalnie do 100km\/h) w woj. dolno\u015bl\u0105skim i 50-60 km\/h w rejonach Polski zachodniej.<\/p>\n\n\n<div class=\"wp-block-image\">\n<figure class=\"aligncenter size-full\"><img loading=\"lazy\" width=\"647\" height=\"647\" src=\"https:\/\/cmm.imgw.pl\/wp-content\/uploads\/2023\/01\/Obraz55.jpg\" alt=\"\" class=\"wp-image-21810\" srcset=\"https:\/\/cmm.imgw.pl\/wp-content\/uploads\/2023\/01\/Obraz55.jpg 647w, https:\/\/cmm.imgw.pl\/wp-content\/uploads\/2023\/01\/Obraz55-300x300.jpg 300w, https:\/\/cmm.imgw.pl\/wp-content\/uploads\/2023\/01\/Obraz55-150x150.jpg 150w, https:\/\/cmm.imgw.pl\/wp-content\/uploads\/2023\/01\/Obraz55-600x600.jpg 600w\" sizes=\"(max-width: 647px) 100vw, 647px\" \/><\/figure><\/div>\n\n<div class=\"wp-block-image\">\n<figure class=\"aligncenter size-full\"><img loading=\"lazy\" width=\"637\" height=\"637\" src=\"https:\/\/cmm.imgw.pl\/wp-content\/uploads\/2023\/01\/Obraz56.jpg\" alt=\"\" class=\"wp-image-21811\" srcset=\"https:\/\/cmm.imgw.pl\/wp-content\/uploads\/2023\/01\/Obraz56.jpg 637w, https:\/\/cmm.imgw.pl\/wp-content\/uploads\/2023\/01\/Obraz56-300x300.jpg 300w, https:\/\/cmm.imgw.pl\/wp-content\/uploads\/2023\/01\/Obraz56-150x150.jpg 150w, https:\/\/cmm.imgw.pl\/wp-content\/uploads\/2023\/01\/Obraz56-600x600.jpg 600w\" sizes=\"(max-width: 637px) 100vw, 637px\" \/><\/figure><\/div>\n\n<div class=\"wp-block-image\">\n<figure class=\"aligncenter size-full\"><img loading=\"lazy\" width=\"630\" height=\"630\" src=\"https:\/\/cmm.imgw.pl\/wp-content\/uploads\/2023\/01\/Obraz57.jpg\" alt=\"\" class=\"wp-image-21812\" srcset=\"https:\/\/cmm.imgw.pl\/wp-content\/uploads\/2023\/01\/Obraz57.jpg 630w, https:\/\/cmm.imgw.pl\/wp-content\/uploads\/2023\/01\/Obraz57-300x300.jpg 300w, https:\/\/cmm.imgw.pl\/wp-content\/uploads\/2023\/01\/Obraz57-150x150.jpg 150w, https:\/\/cmm.imgw.pl\/wp-content\/uploads\/2023\/01\/Obraz57-600x600.jpg 600w\" sizes=\"(max-width: 630px) 100vw, 630px\" \/><\/figure><\/div>\n\n<div class=\"wp-block-image\">\n<figure class=\"aligncenter size-full\"><img loading=\"lazy\" width=\"657\" height=\"657\" src=\"https:\/\/cmm.imgw.pl\/wp-content\/uploads\/2023\/01\/Obraz58.jpg\" alt=\"\" class=\"wp-image-21813\" srcset=\"https:\/\/cmm.imgw.pl\/wp-content\/uploads\/2023\/01\/Obraz58.jpg 657w, https:\/\/cmm.imgw.pl\/wp-content\/uploads\/2023\/01\/Obraz58-300x300.jpg 300w, https:\/\/cmm.imgw.pl\/wp-content\/uploads\/2023\/01\/Obraz58-150x150.jpg 150w, https:\/\/cmm.imgw.pl\/wp-content\/uploads\/2023\/01\/Obraz58-600x600.jpg 600w\" sizes=\"(max-width: 657px) 100vw, 657px\" \/><\/figure><\/div>\n\n<div class=\"wp-block-image\">\n<figure class=\"aligncenter size-full\"><img loading=\"lazy\" width=\"645\" height=\"645\" src=\"https:\/\/cmm.imgw.pl\/wp-content\/uploads\/2023\/01\/Obraz59.jpg\" alt=\"\" class=\"wp-image-21814\" srcset=\"https:\/\/cmm.imgw.pl\/wp-content\/uploads\/2023\/01\/Obraz59.jpg 645w, https:\/\/cmm.imgw.pl\/wp-content\/uploads\/2023\/01\/Obraz59-300x300.jpg 300w, https:\/\/cmm.imgw.pl\/wp-content\/uploads\/2023\/01\/Obraz59-150x150.jpg 150w, https:\/\/cmm.imgw.pl\/wp-content\/uploads\/2023\/01\/Obraz59-600x600.jpg 600w\" sizes=\"(max-width: 645px) 100vw, 645px\" \/><\/figure><\/div>\n\n<div class=\"wp-block-image\">\n<figure class=\"aligncenter size-full\"><img loading=\"lazy\" width=\"650\" height=\"650\" src=\"https:\/\/cmm.imgw.pl\/wp-content\/uploads\/2023\/01\/Obraz60.jpg\" alt=\"\" class=\"wp-image-21815\" srcset=\"https:\/\/cmm.imgw.pl\/wp-content\/uploads\/2023\/01\/Obraz60.jpg 650w, https:\/\/cmm.imgw.pl\/wp-content\/uploads\/2023\/01\/Obraz60-300x300.jpg 300w, https:\/\/cmm.imgw.pl\/wp-content\/uploads\/2023\/01\/Obraz60-150x150.jpg 150w, https:\/\/cmm.imgw.pl\/wp-content\/uploads\/2023\/01\/Obraz60-600x600.jpg 600w\" sizes=\"(max-width: 650px) 100vw, 650px\" \/><\/figure><\/div>\n\n\n<p><strong>Opady: <\/strong>dominowa\u0107 b\u0119d\u0105 opady \u015bniegu. Mo\u017cliwy tak\u017ce opad mieszany deszczu, deszczu ze \u015bniegiem. Lokalnie opady mog\u0105 by\u0107 intensywniejsze.<\/p>\n\n\n<div class=\"wp-block-image\">\n<figure class=\"aligncenter size-full\"><img loading=\"lazy\" width=\"627\" height=\"627\" src=\"https:\/\/cmm.imgw.pl\/wp-content\/uploads\/2023\/01\/Obraz61.png\" alt=\"\" class=\"wp-image-21816\" srcset=\"https:\/\/cmm.imgw.pl\/wp-content\/uploads\/2023\/01\/Obraz61.png 627w, https:\/\/cmm.imgw.pl\/wp-content\/uploads\/2023\/01\/Obraz61-300x300.png 300w, https:\/\/cmm.imgw.pl\/wp-content\/uploads\/2023\/01\/Obraz61-150x150.png 150w, https:\/\/cmm.imgw.pl\/wp-content\/uploads\/2023\/01\/Obraz61-600x600.png 600w\" sizes=\"(max-width: 627px) 100vw, 627px\" \/><\/figure><\/div>\n\n<div class=\"wp-block-image\">\n<figure class=\"aligncenter size-full\"><img loading=\"lazy\" width=\"625\" height=\"625\" src=\"https:\/\/cmm.imgw.pl\/wp-content\/uploads\/2023\/01\/Obraz62.png\" alt=\"\" class=\"wp-image-21817\" srcset=\"https:\/\/cmm.imgw.pl\/wp-content\/uploads\/2023\/01\/Obraz62.png 625w, https:\/\/cmm.imgw.pl\/wp-content\/uploads\/2023\/01\/Obraz62-300x300.png 300w, https:\/\/cmm.imgw.pl\/wp-content\/uploads\/2023\/01\/Obraz62-150x150.png 150w, https:\/\/cmm.imgw.pl\/wp-content\/uploads\/2023\/01\/Obraz62-600x600.png 600w\" sizes=\"(max-width: 625px) 100vw, 625px\" \/><\/figure><\/div>\n\n<div class=\"wp-block-image\">\n<figure class=\"aligncenter size-full\"><img loading=\"lazy\" width=\"607\" height=\"607\" src=\"https:\/\/cmm.imgw.pl\/wp-content\/uploads\/2023\/01\/Obraz63-1.png\" alt=\"\" class=\"wp-image-21818\" srcset=\"https:\/\/cmm.imgw.pl\/wp-content\/uploads\/2023\/01\/Obraz63-1.png 607w, https:\/\/cmm.imgw.pl\/wp-content\/uploads\/2023\/01\/Obraz63-1-300x300.png 300w, https:\/\/cmm.imgw.pl\/wp-content\/uploads\/2023\/01\/Obraz63-1-150x150.png 150w, https:\/\/cmm.imgw.pl\/wp-content\/uploads\/2023\/01\/Obraz63-1-600x600.png 600w\" sizes=\"(max-width: 607px) 100vw, 607px\" \/><\/figure><\/div>\n\n<div class=\"wp-block-image\">\n<figure class=\"aligncenter size-full\"><img loading=\"lazy\" width=\"608\" height=\"608\" src=\"https:\/\/cmm.imgw.pl\/wp-content\/uploads\/2023\/01\/Obraz64.png\" alt=\"\" class=\"wp-image-21819\" srcset=\"https:\/\/cmm.imgw.pl\/wp-content\/uploads\/2023\/01\/Obraz64.png 608w, https:\/\/cmm.imgw.pl\/wp-content\/uploads\/2023\/01\/Obraz64-300x300.png 300w, https:\/\/cmm.imgw.pl\/wp-content\/uploads\/2023\/01\/Obraz64-150x150.png 150w, https:\/\/cmm.imgw.pl\/wp-content\/uploads\/2023\/01\/Obraz64-600x600.png 600w\" sizes=\"(max-width: 608px) 100vw, 608px\" \/><\/figure><\/div>\n\n<div class=\"wp-block-image\">\n<figure class=\"aligncenter size-full\"><img loading=\"lazy\" width=\"266\" height=\"206\" src=\"https:\/\/cmm.imgw.pl\/wp-content\/uploads\/2023\/01\/Obraz65.gif\" alt=\"\" class=\"wp-image-21820\"\/><\/figure><\/div>\n\n\n<p><strong>Widzialno\u015b\u0107:<\/strong> w wielu rejonach ograniczenie widzialno\u015bci do 1,5-3 km. Ograniczenia widzialno\u015bci mog\u0105 towarzyszy\u0107 intensywnym opadom \u015bniegu. We wschodniej Polsce mo\u017cliwe mg\u0142y ograniczaj\u0105ce widzialno\u015b\u0107 poni\u017cej 1 km.<\/p>\n\n\n\n<p><strong>Zjawiska atmosferyczne:<\/strong> opadom \u015bniegu mog\u0105 towarzyszy\u0107 zawieje \u015bnie\u017cne.<\/p>\n\n\n<div class=\"wp-block-image\">\n<figure class=\"aligncenter size-full\"><img loading=\"lazy\" width=\"268\" height=\"268\" src=\"https:\/\/cmm.imgw.pl\/wp-content\/uploads\/2023\/01\/Obraz66.png\" alt=\"\" class=\"wp-image-21821\" srcset=\"https:\/\/cmm.imgw.pl\/wp-content\/uploads\/2023\/01\/Obraz66.png 268w, https:\/\/cmm.imgw.pl\/wp-content\/uploads\/2023\/01\/Obraz66-150x150.png 150w\" sizes=\"(max-width: 268px) 100vw, 268px\" \/><\/figure><\/div>\n\n<div class=\"wp-block-image\">\n<figure class=\"aligncenter size-full\"><img loading=\"lazy\" width=\"264\" height=\"264\" src=\"https:\/\/cmm.imgw.pl\/wp-content\/uploads\/2023\/01\/Obraz67.png\" alt=\"\" class=\"wp-image-21823\" srcset=\"https:\/\/cmm.imgw.pl\/wp-content\/uploads\/2023\/01\/Obraz67.png 264w, https:\/\/cmm.imgw.pl\/wp-content\/uploads\/2023\/01\/Obraz67-150x150.png 150w\" sizes=\"(max-width: 264px) 100vw, 264px\" \/><\/figure><\/div>\n\n\n<p><strong>Zachmurzenie pi\u0119tra niskiego:<\/strong> ca\u0142kowite. Po p\u00f3\u0142nocy, na p\u00f3\u0142nocy kraju przeja\u015bnienia. Na niebie Stratocumulus oraz\/lub Stratus.<\/p>\n\n\n<div class=\"wp-block-image\">\n<figure class=\"aligncenter size-full\"><img loading=\"lazy\" width=\"308\" height=\"324\" src=\"https:\/\/cmm.imgw.pl\/wp-content\/uploads\/2023\/01\/Obraz68.png\" alt=\"\" class=\"wp-image-21824\" srcset=\"https:\/\/cmm.imgw.pl\/wp-content\/uploads\/2023\/01\/Obraz68.png 308w, https:\/\/cmm.imgw.pl\/wp-content\/uploads\/2023\/01\/Obraz68-285x300.png 285w\" sizes=\"(max-width: 308px) 100vw, 308px\" \/><\/figure><\/div>\n\n<div class=\"wp-block-image\">\n<figure class=\"aligncenter size-full\"><img loading=\"lazy\" width=\"308\" height=\"318\" src=\"https:\/\/cmm.imgw.pl\/wp-content\/uploads\/2023\/01\/Obraz69.png\" alt=\"\" class=\"wp-image-21825\" srcset=\"https:\/\/cmm.imgw.pl\/wp-content\/uploads\/2023\/01\/Obraz69.png 308w, https:\/\/cmm.imgw.pl\/wp-content\/uploads\/2023\/01\/Obraz69-291x300.png 291w\" sizes=\"(max-width: 308px) 100vw, 308px\" \/><\/figure><\/div>\n\n\n<p><strong>Chmury konwekcyjne<\/strong>: Mo\u017cliwe Cumulus congestus i\/lub Cumulonimbus.<\/p>\n\n\n<div class=\"wp-block-image\">\n<figure class=\"aligncenter size-full\"><img loading=\"lazy\" width=\"269\" height=\"269\" src=\"https:\/\/cmm.imgw.pl\/wp-content\/uploads\/2023\/01\/Obraz70.png\" alt=\"\" class=\"wp-image-21826\" srcset=\"https:\/\/cmm.imgw.pl\/wp-content\/uploads\/2023\/01\/Obraz70.png 269w, https:\/\/cmm.imgw.pl\/wp-content\/uploads\/2023\/01\/Obraz70-150x150.png 150w\" sizes=\"(max-width: 269px) 100vw, 269px\" \/><\/figure><\/div>\n\n<div class=\"wp-block-image\">\n<figure class=\"aligncenter size-full\"><img loading=\"lazy\" width=\"265\" height=\"265\" src=\"https:\/\/cmm.imgw.pl\/wp-content\/uploads\/2023\/01\/Obraz71.png\" alt=\"\" class=\"wp-image-21827\" srcset=\"https:\/\/cmm.imgw.pl\/wp-content\/uploads\/2023\/01\/Obraz71.png 265w, https:\/\/cmm.imgw.pl\/wp-content\/uploads\/2023\/01\/Obraz71-150x150.png 150w\" sizes=\"(max-width: 265px) 100vw, 265px\" \/><\/figure><\/div>\n\n\n<p><strong>Zachmurzenie pi\u0119tra \u015bredniego:<\/strong> zachmurzenie du\u017ce. W p\u00f3\u0142nocno zachodniej Polsce zachmurzenie ww. chmurami ma\u0142e lub brak. W raz z up\u0142ywem czasu rozpogodzenia post\u0119puj\u0105ce w g\u0142\u0105b kraju. Na niebie Altocumulus. Lokalnie mog\u0105 wyst\u0105pi\u0107 chmury Altostratus.<\/p>\n\n\n<div class=\"wp-block-image\">\n<figure class=\"aligncenter size-full\"><img loading=\"lazy\" width=\"276\" height=\"276\" src=\"https:\/\/cmm.imgw.pl\/wp-content\/uploads\/2023\/01\/Obraz72.png\" alt=\"\" class=\"wp-image-21828\" srcset=\"https:\/\/cmm.imgw.pl\/wp-content\/uploads\/2023\/01\/Obraz72.png 276w, https:\/\/cmm.imgw.pl\/wp-content\/uploads\/2023\/01\/Obraz72-150x150.png 150w\" sizes=\"(max-width: 276px) 100vw, 276px\" \/><\/figure><\/div>\n\n<div class=\"wp-block-image\">\n<figure class=\"aligncenter size-full\"><img loading=\"lazy\" width=\"280\" height=\"280\" src=\"https:\/\/cmm.imgw.pl\/wp-content\/uploads\/2023\/01\/Obraz73.png\" alt=\"\" class=\"wp-image-21829\" srcset=\"https:\/\/cmm.imgw.pl\/wp-content\/uploads\/2023\/01\/Obraz73.png 280w, https:\/\/cmm.imgw.pl\/wp-content\/uploads\/2023\/01\/Obraz73-150x150.png 150w\" sizes=\"(max-width: 280px) 100vw, 280px\" \/><\/figure><\/div>\n\n\n<p><strong>Zachmurzenie pi\u0119tra wysokiego:<\/strong> brak lub pojedyncze chmury Cirrus fibratus.<\/p>\n\n\n<div class=\"wp-block-image\">\n<figure class=\"aligncenter size-full\"><img loading=\"lazy\" width=\"290\" height=\"290\" src=\"https:\/\/cmm.imgw.pl\/wp-content\/uploads\/2023\/01\/Obraz74.png\" alt=\"\" class=\"wp-image-21830\" srcset=\"https:\/\/cmm.imgw.pl\/wp-content\/uploads\/2023\/01\/Obraz74.png 290w, https:\/\/cmm.imgw.pl\/wp-content\/uploads\/2023\/01\/Obraz74-150x150.png 150w\" sizes=\"(max-width: 290px) 100vw, 290px\" \/><\/figure><\/div>\n\n<div class=\"wp-block-image\">\n<figure class=\"aligncenter size-full\"><img loading=\"lazy\" width=\"287\" height=\"287\" src=\"https:\/\/cmm.imgw.pl\/wp-content\/uploads\/2023\/01\/Obraz75.png\" alt=\"\" class=\"wp-image-21831\" srcset=\"https:\/\/cmm.imgw.pl\/wp-content\/uploads\/2023\/01\/Obraz75.png 287w, https:\/\/cmm.imgw.pl\/wp-content\/uploads\/2023\/01\/Obraz75-150x150.png 150w\" sizes=\"(max-width: 287px) 100vw, 287px\" \/><\/figure><\/div>\n\n\n<p><strong>Zachmurzenie og\u00f3lne:<\/strong> ca\u0142kowite. Po p\u00f3\u0142nocy, na p\u00f3\u0142nocy kraju przeja\u015bnienia.<\/p>\n\n\n\n<p><strong>Warunki do obserwacji:<\/strong> brak dobrych warunk\u00f3w do obserwacji nieba.<\/p>\n","protected":false},"excerpt":{"rendered":"<p>Od 29 do 31 stycznia br. nasz naturalny satelita b\u0119dzie sprawc\u0105 kilku ciekawych zjawisk. Seria niebia\u0144skich zdarze\u0144 rozpocznie si\u0119 zakryciem Urana przez Ksi\u0119\u017cyc, nast\u0119pnie Ksi\u0119\u017cyc znajdzie si\u0119 w pobli\u017cu gromad otwartych Plejad a nast\u0119pnie Hiad i zako\u0144czy si\u0119 zakryciem Marsa przez tarcz\u0119 Ksi\u0119\u017cyca (zjawisko niestety niewidoczne w naszych szeroko\u015bci geograficznych). Zdarzenie b\u0119d\u0105 rozgrywa\u0142y na obszarze dw\u00f3ch konstelacji Barana oraz Byka.<\/p>\n","protected":false},"author":3,"featured_media":0,"comment_status":"closed","ping_status":"open","sticky":false,"template":"","format":"standard","meta":{"ocean_post_layout":"","ocean_both_sidebars_style":"","ocean_both_sidebars_content_width":0,"ocean_both_sidebars_sidebars_width":0,"ocean_sidebar":"0","ocean_second_sidebar":"0","ocean_disable_margins":"enable","ocean_add_body_class":"","ocean_shortcode_before_top_bar":"","ocean_shortcode_after_top_bar":"","ocean_shortcode_before_header":"","ocean_shortcode_after_header":"","ocean_has_shortcode":"","ocean_shortcode_after_title":"","ocean_shortcode_before_footer_widgets":"","ocean_shortcode_after_footer_widgets":"","ocean_shortcode_before_footer_bottom":"","ocean_shortcode_after_footer_bottom":"","ocean_display_top_bar":"default","ocean_display_header":"default","ocean_header_style":"","ocean_center_header_left_menu":"0","ocean_custom_header_template":"0","ocean_custom_logo":0,"ocean_custom_retina_logo":0,"ocean_custom_logo_max_width":0,"ocean_custom_logo_tablet_max_width":0,"ocean_custom_logo_mobile_max_width":0,"ocean_custom_logo_max_height":0,"ocean_custom_logo_tablet_max_height":0,"ocean_custom_logo_mobile_max_height":0,"ocean_header_custom_menu":"0","ocean_menu_typo_font_family":"0","ocean_menu_typo_font_subset":"","ocean_menu_typo_font_size":0,"ocean_menu_typo_font_size_tablet":0,"ocean_menu_typo_font_size_mobile":0,"ocean_menu_typo_font_size_unit":"px","ocean_menu_typo_font_weight":"","ocean_menu_typo_font_weight_tablet":"","ocean_menu_typo_font_weight_mobile":"","ocean_menu_typo_transform":"","ocean_menu_typo_transform_tablet":"","ocean_menu_typo_transform_mobile":"","ocean_menu_typo_line_height":0,"ocean_menu_typo_line_height_tablet":0,"ocean_menu_typo_line_height_mobile":0,"ocean_menu_typo_line_height_unit":"","ocean_menu_typo_spacing":0,"ocean_menu_typo_spacing_tablet":0,"ocean_menu_typo_spacing_mobile":0,"ocean_menu_typo_spacing_unit":"","ocean_menu_link_color":"","ocean_menu_link_color_hover":"","ocean_menu_link_color_active":"","ocean_menu_link_background":"","ocean_menu_link_hover_background":"","ocean_menu_link_active_background":"","ocean_menu_social_links_bg":"","ocean_menu_social_hover_links_bg":"","ocean_menu_social_links_color":"","ocean_menu_social_hover_links_color":"","ocean_disable_title":"default","ocean_disable_heading":"default","ocean_post_title":"","ocean_post_subheading":"","ocean_post_title_style":"","ocean_post_title_background_color":"","ocean_post_title_background":0,"ocean_post_title_bg_image_position":"","ocean_post_title_bg_image_attachment":"","ocean_post_title_bg_image_repeat":"","ocean_post_title_bg_image_size":"","ocean_post_title_height":0,"ocean_post_title_bg_overlay":0.5,"ocean_post_title_bg_overlay_color":"","ocean_disable_breadcrumbs":"default","ocean_breadcrumbs_color":"","ocean_breadcrumbs_separator_color":"","ocean_breadcrumbs_links_color":"","ocean_breadcrumbs_links_hover_color":"","ocean_display_footer_widgets":"default","ocean_display_footer_bottom":"default","ocean_custom_footer_template":"0","ocean_post_oembed":"","ocean_post_self_hosted_media":"","ocean_post_video_embed":"","ocean_link_format":"","ocean_link_format_target":"self","ocean_quote_format":"","ocean_quote_format_link":"post","ocean_gallery_link_images":"off","ocean_gallery_id":[]},"categories":[1],"tags":[68,89,85,88,90,87,86],"yoast_head":"<!-- This site is optimized with the Yoast SEO plugin v19.5.1 - https:\/\/yoast.com\/wordpress\/plugins\/seo\/ -->\n<title>Ksi\u0119\u017cyc w z\u0142\u0105czeniu z Hiadami, Plejadami, Marsem i Uranem [Prognoza pogody na wiecz\u00f3r 30.01.2023 ] - Laboratorium Modelowania Meteorologicznego CMOK IMGW-PIB<\/title>\n<meta name=\"robots\" content=\"index, follow, max-snippet:-1, max-image-preview:large, max-video-preview:-1\" \/>\n<link rel=\"canonical\" href=\"https:\/\/cmm.imgw.pl\/?p=21686\" \/>\n<meta property=\"og:locale\" content=\"pl_PL\" \/>\n<meta property=\"og:type\" content=\"article\" \/>\n<meta property=\"og:title\" content=\"CMM - IMGW-PIB, Ksi\u0119\u017cyc w z\u0142\u0105czeniu z Hiadami, Plejadami, Marsem i Uranem.\" \/>\n<meta property=\"og:description\" content=\"Od 29 do 31 stycznia br. nasz naturalny satelita b\u0119dzie sprawc\u0105 kilku ciekawych zjawisk. Seria niebia\u0144skich zdarze\u0144 rozpocznie si\u0119 zakryciem Urana przez Ksi\u0119\u017cyc, nast\u0119pnie Ksi\u0119\u017cyc znajdzie si\u0119 w pobli\u017cu gromad otwartych Plejad a nast\u0119pnie Hiad i zako\u0144czy si\u0119 zakryciem Marsa przez tarcz\u0119 Ksi\u0119\u017cyca (zjawisko niestety niewidoczne w naszych szeroko\u015bci geograficznych). Zdarzenie b\u0119d\u0105 rozgrywa\u0142y na obszarze dw\u00f3ch konstelacji Barana oraz Byka.\" \/>\n<meta property=\"og:url\" content=\"https:\/\/cmm.imgw.pl\/?p=21686\" \/>\n<meta property=\"og:site_name\" content=\"Laboratorium Modelowania Meteorologicznego CMOK IMGW-PIB\" \/>\n<meta property=\"article:publisher\" content=\"https:\/\/www.facebook.com\/Meteoimgw\/\" \/>\n<meta property=\"article:published_time\" content=\"2023-01-26T15:08:30+00:00\" \/>\n<meta property=\"article:modified_time\" content=\"2023-01-30T05:47:09+00:00\" \/>\n<meta property=\"og:image\" content=\"http:\/\/cmm.imgw.pl\/wp-content\/uploads\/2023\/01\/Obraz40.jpg\" \/>\n\t<meta property=\"og:image:width\" content=\"395\" \/>\n\t<meta property=\"og:image:height\" content=\"339\" \/>\n\t<meta property=\"og:image:type\" content=\"image\/jpeg\" \/>\n<meta name=\"author\" content=\"CMM\" \/>\n<meta name=\"twitter:card\" content=\"summary_large_image\" \/>\n<meta name=\"twitter:title\" content=\"CMM - IMGW-PIB, Ksi\u0119\u017cyc w z\u0142\u0105czeniu z Hiadami, Plejadami, Marsem i Uranem.\" \/>\n<meta name=\"twitter:description\" content=\"Od 29 do 31 stycznia br. nasz naturalny satelita b\u0119dzie sprawc\u0105 kilku ciekawych zjawisk. Seria niebia\u0144skich zdarze\u0144 rozpocznie si\u0119 zakryciem Urana przez Ksi\u0119\u017cyc, nast\u0119pnie Ksi\u0119\u017cyc znajdzie si\u0119 w pobli\u017cu gromad otwartych Plejad a nast\u0119pnie Hiad i zako\u0144czy si\u0119 zakryciem Marsa przez tarcz\u0119 Ksi\u0119\u017cyca (zjawisko niestety niewidoczne w naszych szeroko\u015bci geograficznych). Zdarzenie b\u0119d\u0105 rozgrywa\u0142y na obszarze dw\u00f3ch konstelacji Barana oraz Byka.\" \/>\n<meta name=\"twitter:image\" content=\"https:\/\/cmm.imgw.pl\/wp-content\/uploads\/2023\/01\/Obraz40.jpg\" \/>\n<meta name=\"twitter:creator\" content=\"@IMGW_CMM\" \/>\n<meta name=\"twitter:site\" content=\"@IMGW_CMM\" \/>\n<meta name=\"twitter:label1\" content=\"Napisane przez\" \/>\n\t<meta name=\"twitter:data1\" content=\"CMM\" \/>\n\t<meta name=\"twitter:label2\" content=\"Szacowany czas czytania\" \/>\n\t<meta name=\"twitter:data2\" content=\"33 minuty\" \/>\n<script type=\"application\/ld+json\" class=\"yoast-schema-graph\">{\"@context\":\"https:\/\/schema.org\",\"@graph\":[{\"@type\":\"Article\",\"@id\":\"https:\/\/cmm.imgw.pl\/?p=21686#article\",\"isPartOf\":{\"@id\":\"https:\/\/cmm.imgw.pl\/?p=21686\"},\"author\":{\"name\":\"CMM\",\"@id\":\"https:\/\/cmm.imgw.pl\/#\/schema\/person\/a24a37fe434fe76b0f5791e6bd3fdb46\"},\"headline\":\"Ksi\u0119\u017cyc w z\u0142\u0105czeniu z Hiadami, Plejadami, Marsem i Uranem [Prognoza pogody na wiecz\u00f3r 30.01.2023 ]\",\"datePublished\":\"2023-01-26T15:08:30+00:00\",\"dateModified\":\"2023-01-30T05:47:09+00:00\",\"mainEntityOfPage\":{\"@id\":\"https:\/\/cmm.imgw.pl\/?p=21686\"},\"wordCount\":3335,\"publisher\":{\"@id\":\"https:\/\/cmm.imgw.pl\/#organization\"},\"keywords\":[\"cmm\",\"hiady\",\"imgw\",\"mars\",\"plejady\",\"uran\",\"urania\"],\"inLanguage\":\"pl-PL\"},{\"@type\":\"WebPage\",\"@id\":\"https:\/\/cmm.imgw.pl\/?p=21686\",\"url\":\"https:\/\/cmm.imgw.pl\/?p=21686\",\"name\":\"Ksi\u0119\u017cyc w z\u0142\u0105czeniu z Hiadami, Plejadami, Marsem i Uranem [Prognoza pogody na wiecz\u00f3r 30.01.2023 ] - Laboratorium Modelowania Meteorologicznego CMOK IMGW-PIB\",\"isPartOf\":{\"@id\":\"https:\/\/cmm.imgw.pl\/#website\"},\"datePublished\":\"2023-01-26T15:08:30+00:00\",\"dateModified\":\"2023-01-30T05:47:09+00:00\",\"breadcrumb\":{\"@id\":\"https:\/\/cmm.imgw.pl\/?p=21686#breadcrumb\"},\"inLanguage\":\"pl-PL\",\"potentialAction\":[{\"@type\":\"ReadAction\",\"target\":[\"https:\/\/cmm.imgw.pl\/?p=21686\"]}]},{\"@type\":\"BreadcrumbList\",\"@id\":\"https:\/\/cmm.imgw.pl\/?p=21686#breadcrumb\",\"itemListElement\":[{\"@type\":\"ListItem\",\"position\":1,\"name\":\"Home\",\"item\":\"https:\/\/cmm.imgw.pl\/\"},{\"@type\":\"ListItem\",\"position\":2,\"name\":\"Ksi\u0119\u017cyc w z\u0142\u0105czeniu z Hiadami, Plejadami, Marsem i Uranem [Prognoza pogody na wiecz\u00f3r 30.01.2023 ]\"}]},{\"@type\":\"WebSite\",\"@id\":\"https:\/\/cmm.imgw.pl\/#website\",\"url\":\"https:\/\/cmm.imgw.pl\/\",\"name\":\"Laboratorium Modelowania Meteorologicznego CMOK IMGW-PIB\",\"description\":\"CMOK-LMM Laboratorium pe\u0142ni pa\u0144stwow\u0105 s\u0142u\u017cb\u0119 hydrologiczno-meteorologiczn\u0105 w zakresie numerycznych prognoz pogody, kt\u00f3rego zadaniem jest konsolidacja kompetencji w obszarze modelowania zjawisk pogodowych oraz dalszego rozwoju numerycznych modeli pogody (NMP).\",\"publisher\":{\"@id\":\"https:\/\/cmm.imgw.pl\/#organization\"},\"potentialAction\":[{\"@type\":\"SearchAction\",\"target\":{\"@type\":\"EntryPoint\",\"urlTemplate\":\"https:\/\/cmm.imgw.pl\/?s={search_term_string}\"},\"query-input\":\"required name=search_term_string\"}],\"inLanguage\":\"pl-PL\"},{\"@type\":\"Organization\",\"@id\":\"https:\/\/cmm.imgw.pl\/#organization\",\"name\":\"Laboratorium Modelowania Meteorologicznego CMOK IMGW-PIB\",\"url\":\"https:\/\/cmm.imgw.pl\/\",\"sameAs\":[\"https:\/\/www.facebook.com\/Meteoimgw\/\",\"https:\/\/twitter.com\/IMGW_CMM\"],\"logo\":{\"@type\":\"ImageObject\",\"inLanguage\":\"pl-PL\",\"@id\":\"https:\/\/cmm.imgw.pl\/#\/schema\/logo\/image\/\",\"url\":\"https:\/\/cmm.imgw.pl\/wp-content\/uploads\/2025\/10\/MODELE_LOGO_UNIFIKACJA_v2.png\",\"contentUrl\":\"https:\/\/cmm.imgw.pl\/wp-content\/uploads\/2025\/10\/MODELE_LOGO_UNIFIKACJA_v2.png\",\"width\":1356,\"height\":365,\"caption\":\"Laboratorium Modelowania Meteorologicznego CMOK IMGW-PIB\"},\"image\":{\"@id\":\"https:\/\/cmm.imgw.pl\/#\/schema\/logo\/image\/\"}},{\"@type\":\"Person\",\"@id\":\"https:\/\/cmm.imgw.pl\/#\/schema\/person\/a24a37fe434fe76b0f5791e6bd3fdb46\",\"name\":\"CMM\",\"image\":{\"@type\":\"ImageObject\",\"inLanguage\":\"pl-PL\",\"@id\":\"https:\/\/cmm.imgw.pl\/#\/schema\/person\/image\/\",\"url\":\"https:\/\/secure.gravatar.com\/avatar\/9248ea2273711f1cd09d6bd45867dbfb?s=96&d=blank&r=g\",\"contentUrl\":\"https:\/\/secure.gravatar.com\/avatar\/9248ea2273711f1cd09d6bd45867dbfb?s=96&d=blank&r=g\",\"caption\":\"CMM\"},\"sameAs\":[\"http:\/\/cmm.imgw.pl\"],\"url\":\"https:\/\/cmm.imgw.pl\/?author=3\"}]}<\/script>\n<!-- \/ Yoast SEO plugin. -->","yoast_head_json":{"title":"Ksi\u0119\u017cyc w z\u0142\u0105czeniu z Hiadami, Plejadami, Marsem i Uranem [Prognoza pogody na wiecz\u00f3r 30.01.2023 ] - Laboratorium Modelowania Meteorologicznego CMOK IMGW-PIB","robots":{"index":"index","follow":"follow","max-snippet":"max-snippet:-1","max-image-preview":"max-image-preview:large","max-video-preview":"max-video-preview:-1"},"canonical":"https:\/\/cmm.imgw.pl\/?p=21686","og_locale":"pl_PL","og_type":"article","og_title":"CMM - IMGW-PIB, Ksi\u0119\u017cyc w z\u0142\u0105czeniu z Hiadami, Plejadami, Marsem i Uranem.","og_description":"Od 29 do 31 stycznia br. nasz naturalny satelita b\u0119dzie sprawc\u0105 kilku ciekawych zjawisk. Seria niebia\u0144skich zdarze\u0144 rozpocznie si\u0119 zakryciem Urana przez Ksi\u0119\u017cyc, nast\u0119pnie Ksi\u0119\u017cyc znajdzie si\u0119 w pobli\u017cu gromad otwartych Plejad a nast\u0119pnie Hiad i zako\u0144czy si\u0119 zakryciem Marsa przez tarcz\u0119 Ksi\u0119\u017cyca (zjawisko niestety niewidoczne w naszych szeroko\u015bci geograficznych). Zdarzenie b\u0119d\u0105 rozgrywa\u0142y na obszarze dw\u00f3ch konstelacji Barana oraz Byka.","og_url":"https:\/\/cmm.imgw.pl\/?p=21686","og_site_name":"Laboratorium Modelowania Meteorologicznego CMOK IMGW-PIB","article_publisher":"https:\/\/www.facebook.com\/Meteoimgw\/","article_published_time":"2023-01-26T15:08:30+00:00","article_modified_time":"2023-01-30T05:47:09+00:00","og_image":[{"width":395,"height":339,"url":"http:\/\/cmm.imgw.pl\/wp-content\/uploads\/2023\/01\/Obraz40.jpg","type":"image\/jpeg"}],"author":"CMM","twitter_card":"summary_large_image","twitter_title":"CMM - IMGW-PIB, Ksi\u0119\u017cyc w z\u0142\u0105czeniu z Hiadami, Plejadami, Marsem i Uranem.","twitter_description":"Od 29 do 31 stycznia br. nasz naturalny satelita b\u0119dzie sprawc\u0105 kilku ciekawych zjawisk. Seria niebia\u0144skich zdarze\u0144 rozpocznie si\u0119 zakryciem Urana przez Ksi\u0119\u017cyc, nast\u0119pnie Ksi\u0119\u017cyc znajdzie si\u0119 w pobli\u017cu gromad otwartych Plejad a nast\u0119pnie Hiad i zako\u0144czy si\u0119 zakryciem Marsa przez tarcz\u0119 Ksi\u0119\u017cyca (zjawisko niestety niewidoczne w naszych szeroko\u015bci geograficznych). Zdarzenie b\u0119d\u0105 rozgrywa\u0142y na obszarze dw\u00f3ch konstelacji Barana oraz Byka.","twitter_image":"https:\/\/cmm.imgw.pl\/wp-content\/uploads\/2023\/01\/Obraz40.jpg","twitter_creator":"@IMGW_CMM","twitter_site":"@IMGW_CMM","twitter_misc":{"Napisane przez":"CMM","Szacowany czas czytania":"33 minuty"},"schema":{"@context":"https:\/\/schema.org","@graph":[{"@type":"Article","@id":"https:\/\/cmm.imgw.pl\/?p=21686#article","isPartOf":{"@id":"https:\/\/cmm.imgw.pl\/?p=21686"},"author":{"name":"CMM","@id":"https:\/\/cmm.imgw.pl\/#\/schema\/person\/a24a37fe434fe76b0f5791e6bd3fdb46"},"headline":"Ksi\u0119\u017cyc w z\u0142\u0105czeniu z Hiadami, Plejadami, Marsem i Uranem [Prognoza pogody na wiecz\u00f3r 30.01.2023 ]","datePublished":"2023-01-26T15:08:30+00:00","dateModified":"2023-01-30T05:47:09+00:00","mainEntityOfPage":{"@id":"https:\/\/cmm.imgw.pl\/?p=21686"},"wordCount":3335,"publisher":{"@id":"https:\/\/cmm.imgw.pl\/#organization"},"keywords":["cmm","hiady","imgw","mars","plejady","uran","urania"],"inLanguage":"pl-PL"},{"@type":"WebPage","@id":"https:\/\/cmm.imgw.pl\/?p=21686","url":"https:\/\/cmm.imgw.pl\/?p=21686","name":"Ksi\u0119\u017cyc w z\u0142\u0105czeniu z Hiadami, Plejadami, Marsem i Uranem [Prognoza pogody na wiecz\u00f3r 30.01.2023 ] - Laboratorium Modelowania Meteorologicznego CMOK IMGW-PIB","isPartOf":{"@id":"https:\/\/cmm.imgw.pl\/#website"},"datePublished":"2023-01-26T15:08:30+00:00","dateModified":"2023-01-30T05:47:09+00:00","breadcrumb":{"@id":"https:\/\/cmm.imgw.pl\/?p=21686#breadcrumb"},"inLanguage":"pl-PL","potentialAction":[{"@type":"ReadAction","target":["https:\/\/cmm.imgw.pl\/?p=21686"]}]},{"@type":"BreadcrumbList","@id":"https:\/\/cmm.imgw.pl\/?p=21686#breadcrumb","itemListElement":[{"@type":"ListItem","position":1,"name":"Home","item":"https:\/\/cmm.imgw.pl\/"},{"@type":"ListItem","position":2,"name":"Ksi\u0119\u017cyc w z\u0142\u0105czeniu z Hiadami, Plejadami, Marsem i Uranem [Prognoza pogody na wiecz\u00f3r 30.01.2023 ]"}]},{"@type":"WebSite","@id":"https:\/\/cmm.imgw.pl\/#website","url":"https:\/\/cmm.imgw.pl\/","name":"Laboratorium Modelowania Meteorologicznego CMOK IMGW-PIB","description":"CMOK-LMM Laboratorium pe\u0142ni pa\u0144stwow\u0105 s\u0142u\u017cb\u0119 hydrologiczno-meteorologiczn\u0105 w zakresie numerycznych prognoz pogody, kt\u00f3rego zadaniem jest konsolidacja kompetencji w obszarze modelowania zjawisk pogodowych oraz dalszego rozwoju numerycznych modeli pogody (NMP).","publisher":{"@id":"https:\/\/cmm.imgw.pl\/#organization"},"potentialAction":[{"@type":"SearchAction","target":{"@type":"EntryPoint","urlTemplate":"https:\/\/cmm.imgw.pl\/?s={search_term_string}"},"query-input":"required name=search_term_string"}],"inLanguage":"pl-PL"},{"@type":"Organization","@id":"https:\/\/cmm.imgw.pl\/#organization","name":"Laboratorium Modelowania Meteorologicznego CMOK IMGW-PIB","url":"https:\/\/cmm.imgw.pl\/","sameAs":["https:\/\/www.facebook.com\/Meteoimgw\/","https:\/\/twitter.com\/IMGW_CMM"],"logo":{"@type":"ImageObject","inLanguage":"pl-PL","@id":"https:\/\/cmm.imgw.pl\/#\/schema\/logo\/image\/","url":"https:\/\/cmm.imgw.pl\/wp-content\/uploads\/2025\/10\/MODELE_LOGO_UNIFIKACJA_v2.png","contentUrl":"https:\/\/cmm.imgw.pl\/wp-content\/uploads\/2025\/10\/MODELE_LOGO_UNIFIKACJA_v2.png","width":1356,"height":365,"caption":"Laboratorium Modelowania Meteorologicznego CMOK IMGW-PIB"},"image":{"@id":"https:\/\/cmm.imgw.pl\/#\/schema\/logo\/image\/"}},{"@type":"Person","@id":"https:\/\/cmm.imgw.pl\/#\/schema\/person\/a24a37fe434fe76b0f5791e6bd3fdb46","name":"CMM","image":{"@type":"ImageObject","inLanguage":"pl-PL","@id":"https:\/\/cmm.imgw.pl\/#\/schema\/person\/image\/","url":"https:\/\/secure.gravatar.com\/avatar\/9248ea2273711f1cd09d6bd45867dbfb?s=96&d=blank&r=g","contentUrl":"https:\/\/secure.gravatar.com\/avatar\/9248ea2273711f1cd09d6bd45867dbfb?s=96&d=blank&r=g","caption":"CMM"},"sameAs":["http:\/\/cmm.imgw.pl"],"url":"https:\/\/cmm.imgw.pl\/?author=3"}]}},"_links":{"self":[{"href":"https:\/\/cmm.imgw.pl\/index.php?rest_route=\/wp\/v2\/posts\/21686"}],"collection":[{"href":"https:\/\/cmm.imgw.pl\/index.php?rest_route=\/wp\/v2\/posts"}],"about":[{"href":"https:\/\/cmm.imgw.pl\/index.php?rest_route=\/wp\/v2\/types\/post"}],"author":[{"embeddable":true,"href":"https:\/\/cmm.imgw.pl\/index.php?rest_route=\/wp\/v2\/users\/3"}],"replies":[{"embeddable":true,"href":"https:\/\/cmm.imgw.pl\/index.php?rest_route=%2Fwp%2Fv2%2Fcomments&post=21686"}],"version-history":[{"count":4,"href":"https:\/\/cmm.imgw.pl\/index.php?rest_route=\/wp\/v2\/posts\/21686\/revisions"}],"predecessor-version":[{"id":21865,"href":"https:\/\/cmm.imgw.pl\/index.php?rest_route=\/wp\/v2\/posts\/21686\/revisions\/21865"}],"wp:attachment":[{"href":"https:\/\/cmm.imgw.pl\/index.php?rest_route=%2Fwp%2Fv2%2Fmedia&parent=21686"}],"wp:term":[{"taxonomy":"category","embeddable":true,"href":"https:\/\/cmm.imgw.pl\/index.php?rest_route=%2Fwp%2Fv2%2Fcategories&post=21686"},{"taxonomy":"post_tag","embeddable":true,"href":"https:\/\/cmm.imgw.pl\/index.php?rest_route=%2Fwp%2Fv2%2Ftags&post=21686"}],"curies":[{"name":"wp","href":"https:\/\/api.w.org\/{rel}","templated":true}]}}