{"id":17752,"date":"2022-10-19T14:24:44","date_gmt":"2022-10-19T12:24:44","guid":{"rendered":"https:\/\/cmm.imgw.pl\/?p=17752"},"modified":"2022-10-21T13:32:16","modified_gmt":"2022-10-21T11:32:16","slug":"orionidy-swiadkowie-slawnej-komety","status":"publish","type":"post","link":"https:\/\/cmm.imgw.pl\/?p=17752","title":{"rendered":"Orionidy, \u015bwiadkowie s\u0142awnej komety"},"content":{"rendered":"\n<figure class=\"wp-block-gallery has-nested-images columns-default is-cropped wp-block-gallery-1 is-layout-flex wp-block-gallery-is-layout-flex\">\n<figure class=\"wp-block-image size-large\"><img loading=\"lazy\" width=\"605\" height=\"343\" data-id=\"17753\" src=\"https:\/\/cmm.imgw.pl\/wp-content\/uploads\/2022\/10\/0.png\" alt=\"\" class=\"wp-image-17753\" srcset=\"https:\/\/cmm.imgw.pl\/wp-content\/uploads\/2022\/10\/0.png 605w, https:\/\/cmm.imgw.pl\/wp-content\/uploads\/2022\/10\/0-300x170.png 300w\" sizes=\"(max-width: 605px) 100vw, 605px\" \/><\/figure>\n<figcaption class=\"blocks-gallery-caption\">Ma\u0142y prezent od Oriona. Orionidy z okolic Sardis w Missisipi. \u0179r\u00f3d\u0142o zdj\u0119cia: <a href=\"https:\/\/www.facebook.com\/atuuschaaw\" target=\"_blank\" rel=\"noreferrer noopener\"><mark style=\"background-color:rgba(0, 0, 0, 0)\" class=\"has-inline-color has-vivid-cyan-blue-color\">facebook.com\/atuuschaaw<\/mark><\/a><\/figcaption><\/figure>\n\n\n\n<p><\/p>\n\n\n\n<h2 class=\"wp-block-heading\"><strong>Gwiazda z w\u0142osami<\/strong><\/h2>\n\n\n\n<p>Chyba nie ma w\u015br\u00f3d nas osoby, kt\u00f3ra nie s\u0142ysza\u0142a o &nbsp;komecie Halleya (nazwa oficjalna <a href=\"https:\/\/photojournal.jpl.nasa.gov\/jpegMod\/PIA17485_modest.jpg\" target=\"_blank\" rel=\"noreferrer noopener\"><mark style=\"background-color:rgba(0, 0, 0, 0)\" class=\"has-inline-color has-vivid-cyan-blue-color\">1P\/Halley<\/mark><\/a>, \u0142ac. <em>Cometa Halleiensis<\/em>). To przecie\u017c jedna z&nbsp;najs\u0142ynniejszych komet, kt\u00f3ra nazwana zosta\u0142a na cze\u015b\u0107 angielskiego astronoma <a href=\"https:\/\/pl.wikipedia.org\/wiki\/Edmond_Halley\" target=\"_blank\" rel=\"noreferrer noopener\"><mark style=\"background-color:rgba(0, 0, 0, 0)\" class=\"has-inline-color has-vivid-cyan-blue-color\">Edmunda Halleya<\/mark><\/a> (1656 &#8211; 1742)<a id=\"_ftnref1\" href=\"#_ftn1\">[1]<\/a>. Kometa Halleya znana by\u0142a ju\u017c wcze\u015bniej ludzko\u015bci i obserwowana od tysi\u0105cleci. Kiedy w 1682 roku na niebie pojawi\u0142a si\u0119 nieznana kometa, Halley przeprowadzi\u0142 obliczenia element\u00f3w jej orbity. Z mechaniki nieba wiadomo, \u017ce wyznaczenie orbity parabolicznej jest o wiele \u0142atwiejsze od wyznaczenia element\u00f3w orbity eliptycznej. Dlatego te\u017c dla nowo odkrytych komet zawsze na pocz\u0105tku wyznacza si\u0119 elementy orbity parabolicznej. Tak samo post\u0105pi\u0142 Edmund Halley, kt\u00f3ry wyznaczy\u0142 elementy orbity parabolicznej komety, kt\u00f3ra pojawi\u0142a si\u0119 na niebie w 1682 roku, a kt\u00f3ra to 15 sierpnia 1682 roku przesz\u0142a przez peryhelium swojej orbity. Podobne obliczenia Halley przeprowadzi\u0142 dla pozosta\u0142ych komet pojawiaj\u0105cych si\u0119 w przesz\u0142o\u015bci (1456, 1531, 1607 rok). W kolejnym kroku dokona\u0142 analizy por\u00f3wnawczej otrzymanych wynik\u00f3w. Zauwa\u017cy\u0142, \u017ce elementy orbit wykazuj\u0105 du\u017ce do siebie podobie\u0144stwo. W oparciu o przeprowadzon\u0105 analiz\u0119 stwierdzi\u0142, \u017ce obecnie obserwowana kometa i komety pojawiaj\u0105ce si\u0119 w przesz\u0142o\u015bci, to w rzeczywisto\u015bci ten sam obiekt kometarny. W oparciu o wyznaczone elementy orbity, Halley podj\u0105\u0142 pr\u00f3b\u0119 wyznaczenie jej nast\u0119pnego powrotu. Po przeprowadzonych obliczeniach zasugerowa\u0142, \u017ce kometa powinna pojawi\u0107 si\u0119 na niebie oko\u0142o 1758 roku. I rzeczywi\u015bcie pod koniec wyznaczonego roku, &nbsp;podczas obserwacji astronomicznych, dostrze\u017cono komet\u0119, kt\u00f3ra 13 marca 1759 roku przesz\u0142a przez peryhelium swojej orbity w odleg\u0142o\u015bci 0,5845 AU od S\u0142o\u0144ca. Ostatecznie w 1835 roku wyznaczono elementy jej orbity eliptycznej.<\/p>\n\n\n\n<hr class=\"wp-block-separator has-alpha-channel-opacity\"\/>\n\n\n\n<p><a id=\"_ftn1\" href=\"#_ftnref1\">[1]<\/a> W maju 1679 Edmond Halley zosta\u0142 wys\u0142any do Gda\u0144ska przez Roberta Hooke\u2019a, aby zweryfikowa\u0107 kwestionowane przez cz\u0142onk\u00f3w Towarzystwa Kr\u00f3lewskiego (Royal Society) obliczenia po\u0142o\u017cenia gwiazd dokonywane bez przyrz\u0105d\u00f3w optycznych przez Jana Heweliusza, sk\u0105din\u0105d tak\u017ce cz\u0142onka Towarzystwa. Do lipca razem z gda\u0144skim astronomem weryfikowa\u0142 obliczenia przy pomocy swych instrument\u00f3w, m.in. kwadranta z lunetami. Weryfikacja zako\u0144czy\u0142a si\u0119 pomy\u015blnie. (Encyklopedia PWN, Wikipedia)<\/p>\n\n\n\n<p>Ostatni raz kometa Halleya by\u0142a w pobli\u017cu S\u0142o\u0144ca w 1986 roku. W dniu 9 lutego 1986 roku przesz\u0142a przez peryhelium orbity znajduj\u0105c si\u0119 w odleg\u0142o\u015bci 0,5871 AU od S\u0142o\u0144ca. Podczas ostatniego powrotu trajektoria komety na sferze niebieskiej przebiega\u0142a przez nast\u0119puj\u0105ce gwiazdozbiory: Wodnika, Kozioro\u017cca, Strzelca, Korony p\u00f3\u0142nocnej, Skorpiona, W\u0119gielnicy, Wilka, Centaura, Hydry. Kometa zbli\u017cy\u0142a si\u0119 do Ziemi na odleg\u0142o\u015b\u0107 0,42 AU w dniu 10 kwietnia 1986 roku.<\/p>\n\n\n\n<p>Ze wst\u0119pnych oblicze\u0144 wynika, \u017ce nast\u0119pny powr\u00f3t komety nast\u0105pi w 2061 roku, za\u015b kometa przejdzie przez peryhelium orbity 28 lipca 2061 roku w odleg\u0142o\u015bci oko\u0142o 0,5928 AU od S\u0142o\u0144ca. Mimo\u015br\u00f3d orbity wyniesie przypuszczalnie e=0,9666, za\u015b jej okres obiegu 74,68 lat. Trajektoria komety powinna przebiega\u0107 na tle nast\u0119puj\u0105cych konstelacji: Byka, Perseusza, Wo\u017anicy, Lutni, Ma\u0142ego Lwa, Lwa, Panny. W dniu 29 lipca 2061 roku kometa powinna znajdowa\u0107 si\u0119 najbli\u017cej Ziemi w odleg\u0142o\u015bci 0,48 AU.<\/p>\n\n\n\n<p>Na podstawie wyznaczonych element\u00f3w jej orbity (podczas ostatniego powrotu) obliczono na jak\u0105 odleg\u0142o\u015b\u0107 kometa Halleya zbli\u017cy\u0142a si\u0119 do orbit planetarnych, ale nie do samych planet (tab. 1).<\/p>\n\n\n\n<figure class=\"wp-block-table aligncenter\"><table><tbody><tr><td class=\"has-text-align-center\" data-align=\"center\">Planeta<\/td><td class=\"has-text-align-left\" data-align=\"left\">Odleg\u0142o\u015b\u0107 (AU) 1AU=149597870 km<\/td><\/tr><tr><td class=\"has-text-align-center\" data-align=\"center\">Wenus<\/td><td class=\"has-text-align-left\" data-align=\"left\">0,0486<\/td><\/tr><tr><td class=\"has-text-align-center\" data-align=\"center\">Ziemia<\/td><td class=\"has-text-align-left\" data-align=\"left\">0,0658<\/td><\/tr><tr><td class=\"has-text-align-center\" data-align=\"center\">Mars<\/td><td class=\"has-text-align-left\" data-align=\"left\">0,0670<\/td><\/tr><tr><td class=\"has-text-align-center\" data-align=\"center\">Jowisz<\/td><td class=\"has-text-align-left\" data-align=\"left\">0,78<\/td><\/tr><tr><td class=\"has-text-align-center\" data-align=\"center\">Saturn<\/td><td class=\"has-text-align-left\" data-align=\"left\">1,75<\/td><\/tr><tr><td class=\"has-text-align-center\" data-align=\"center\">Uran<\/td><td class=\"has-text-align-left\" data-align=\"left\">4,75<\/td><\/tr><tr><td class=\"has-text-align-center\" data-align=\"center\">Neptun<\/td><td class=\"has-text-align-left\" data-align=\"left\">7,80<\/td><\/tr><\/tbody><\/table><figcaption>Tab. 1. Odleg\u0142o\u015b\u0107 na jak\u0105 zbli\u017cy\u0142a si\u0119 kometa Halleya do orbit planetarnych podczas ostatniego powrotu. \u0179r\u00f3d\u0142o: Jean Meeus, Astronomy&nbsp; Morsels IV, Willman-Bell, Inc, 2007<\/figcaption><\/figure>\n\n\n\n<p><\/p>\n\n\n\n<p>Na podstawie oblicze\u0144 oszacowano wst\u0119pnie na jak\u0105 odleg\u0142o\u015b\u0107 kometa Halleya zbli\u017cy si\u0119 do orbit planet typu ziemskiego podczas powrotu w 2061 roku (tab. 2).<\/p>\n\n\n\n<figure class=\"wp-block-table aligncenter\"><table><tbody><tr><td class=\"has-text-align-center\" data-align=\"center\">Planeta<\/td><td>Odleg\u0142o\u015b\u0107 (AU) 1AU=149597870 km<\/td><\/tr><tr><td class=\"has-text-align-center\" data-align=\"center\">Wenus<\/td><td>0,053<\/td><\/tr><tr><td class=\"has-text-align-center\" data-align=\"center\">Ziemia<\/td><td>0,0645<\/td><\/tr><tr><td class=\"has-text-align-center\" data-align=\"center\">Mars<\/td><td>0,0727<\/td><\/tr><\/tbody><\/table><figcaption>Tab. 2. Odleg\u0142o\u015b\u0107 na jak\u0105 zbli\u017cy si\u0119 kometa Halleya do orbit planetarnych podczas kolejnego powrotu w 2061 roku. \u0179r\u00f3d\u0142o: Jean Meeus, Astronomy&nbsp; Morsels IV, Willman-Bell, Inc, 2007<\/figcaption><\/figure>\n\n\n\n<p><\/p>\n\n\n\n<p>Obecnie kometa zbli\u017ca si\u0119 do aphelium swojej orbity. Punkt ten powinien by\u0107 osi\u0105gni\u0119ty w 2024 roku, a kometa powinna si\u0119 znale\u017a\u0107 w gwiazdozbiorze Hydry.<\/p>\n\n\n<div class=\"wp-block-image\">\n<figure class=\"aligncenter size-full\"><img loading=\"lazy\" width=\"173\" height=\"397\" src=\"https:\/\/cmm.imgw.pl\/wp-content\/uploads\/2022\/10\/111.png\" alt=\"\" class=\"wp-image-17785\" srcset=\"https:\/\/cmm.imgw.pl\/wp-content\/uploads\/2022\/10\/111.png 173w, https:\/\/cmm.imgw.pl\/wp-content\/uploads\/2022\/10\/111-131x300.png 131w\" sizes=\"(max-width: 173px) 100vw, 173px\" \/><figcaption>Orbita komety Halleya. \u0179r\u00f3d\u0142o: Jean Meeus, Astronomy &nbsp;Morsels IV, Willman-Bell, Inc, 2007<\/figcaption><\/figure><\/div>\n\n\n<h2 class=\"wp-block-heading\">Kosmiczna<strong> para z p\u0119dz\u0105cego parowozu<\/strong><\/h2>\n\n\n\n<p>W przeciwie\u0144stwie do wi\u0119kszo\u015bci obiekt\u00f3w Uk\u0142adu S\u0142onecznego, kometa Halleya porusza si\u0119&nbsp;wok\u00f3\u0142 S\u0142o\u0144ca po orbicie ruchem wstecznym. P\u0142aszczyzna orbity komety Halleya nachylona jest pod k\u0105tem 162\u00b0 w stosunku do p\u0142aszczyzny ekliptyki. Z mechaniki nieba wiadomo, \u017ce je\u017celi p\u0142aszczyzna orbity jakiego\u015b obiektu jest nachylona pod k\u0105tem mniejszym ni\u017c 90\u00b0 w stosunku do p\u0142aszczyzny ekliptyki to taki obiekt porusza si\u0119 ruchem prostym. Natomiast gdy k\u0105t nachylenia p\u0142aszczyzny orbity obiekt w stosunku do p\u0142aszczyzny ekliptyki jest powy\u017cej 90\u00b0 to ruch jest retrogradacyjny. I tak jest w wypadku komety Halleya. Ka\u017cdego roku, pod koniec pa\u017adziernika, tranzytuj\u0105ca po swojej orbicie Ziemia przecina pozostawione przez komet\u0119 cz\u0105steczki materii, kt\u00f3re podobnie jak para wydobywaj\u0105ca si\u0119 z lokomotywy, wyrzucane s\u0105 z j\u0105dra komety podczas jej zbli\u017cania do S\u0142o\u0144ca. Radiant meteor\u00f3w zwi\u0105zanych z komet\u0105 Halleya znajduje si\u0119 w gwiazdozbiorze Oriona, st\u0105d ich nazwa Orionidy. Kometa pozostawia swoje cz\u0105stki tak\u017ce oddalaj\u0105c si\u0119 od S\u0142o\u0144ca, tworz\u0105c w ten spos\u00f3b drugi &#8222;deszcz&#8221; meteor\u00f3w, kt\u00f3ry wyst\u0119puje na pocz\u0105tku maja &#8211; Eta Akwarydy.<\/p>\n\n\n<div class=\"wp-block-image\">\n<figure class=\"aligncenter size-full\"><img loading=\"lazy\" width=\"636\" height=\"861\" src=\"https:\/\/cmm.imgw.pl\/wp-content\/uploads\/2022\/10\/2.png\" alt=\"\" class=\"wp-image-17754\" srcset=\"https:\/\/cmm.imgw.pl\/wp-content\/uploads\/2022\/10\/2.png 636w, https:\/\/cmm.imgw.pl\/wp-content\/uploads\/2022\/10\/2-222x300.png 222w\" sizes=\"(max-width: 636px) 100vw, 636px\" \/><figcaption>Orionidy nad g\u00f3r\u0105 Beinn Dorain w Szkocji. \u0179r\u00f3d\u0142o zdj\u0119cia: <a href=\"https:\/\/www.facebook.com\/fatherofschmo\" target=\"_blank\" rel=\"noreferrer noopener\"><mark style=\"background-color:rgba(0, 0, 0, 0)\" class=\"has-inline-color has-vivid-cyan-blue-color\">facebook.com\/fatherofschmo<\/mark><\/a><\/figcaption><\/figure><\/div>\n\n\n<p>Meteoroid wpada do atmosfery z du\u017c\u0105 ponadd\u017awi\u0119kow\u0105 pr\u0119dko\u015bci\u0105. \u015arednia pr\u0119dko\u015b\u0107 meteoroidu wzgl\u0119dem Ziemi wynosi \u015brednio w granicach 10 &#8211; 70 km\/s. Przelot meteoroidu przez pow\u0142ok\u0119 atmosfery trwa bardzo kr\u00f3tko, zaledwie kilka sekund, zatem przewodnictwo cieplne mo\u017ce zosta\u0107 zaniedbane. Obiekt skalny napotykaj\u0105c o\u015brodek gazowy doznaje oddzia\u0142ywania oporu aerodynamicznego ze strony atmosfery. Jego pr\u0119dko\u015b\u0107 z czasem zmniejsza si\u0119, a jego energia kinetyczna jest zamieniona na energi\u0119 ciepln\u0105 obiektu. Wskutek czego meteoroid rozgrzewa si\u0119 do wysokich temperatur rz\u0119du 3000K. Zak\u0142adaj\u0105c model izotermiczny atmosfery ziemskiej oraz oznaczaj\u0105c g\u0119sto\u015b\u0107 wpadaj\u0105cego obiektu, kt\u00f3ry potraktujemy jako kulist\u0105 bry\u0142\u0119 o promieniu R,&nbsp; przez Qm , zale\u017cno\u015b\u0107 chwilowej pr\u0119dko\u015bci od wysoko\u015bci mo\u017cemy opisa\u0107 r\u00f3wnaniem (Pawe\u0142 Artymowicz, Astrofizyka uk\u0142ad\u00f3w planetarnych, Wydawnictwo Naukowe PWN, 1995):<\/p>\n\n\n\n<figure class=\"wp-block-image size-large\"><img loading=\"lazy\" width=\"1024\" height=\"246\" src=\"https:\/\/cmm.imgw.pl\/wp-content\/uploads\/2022\/10\/222-1024x246.png\" alt=\"\" class=\"wp-image-17787\" srcset=\"https:\/\/cmm.imgw.pl\/wp-content\/uploads\/2022\/10\/222-1024x246.png 1024w, https:\/\/cmm.imgw.pl\/wp-content\/uploads\/2022\/10\/222-300x72.png 300w, https:\/\/cmm.imgw.pl\/wp-content\/uploads\/2022\/10\/222-768x184.png 768w, https:\/\/cmm.imgw.pl\/wp-content\/uploads\/2022\/10\/222-1536x369.png 1536w, https:\/\/cmm.imgw.pl\/wp-content\/uploads\/2022\/10\/222.png 1561w\" sizes=\"(max-width: 1024px) 100vw, 1024px\" \/><\/figure>\n\n\n\n<figure class=\"wp-block-image size-large\"><img loading=\"lazy\" width=\"1024\" height=\"404\" src=\"https:\/\/cmm.imgw.pl\/wp-content\/uploads\/2022\/10\/333-1024x404.png\" alt=\"\" class=\"wp-image-17788\" srcset=\"https:\/\/cmm.imgw.pl\/wp-content\/uploads\/2022\/10\/333-1024x404.png 1024w, https:\/\/cmm.imgw.pl\/wp-content\/uploads\/2022\/10\/333-300x118.png 300w, https:\/\/cmm.imgw.pl\/wp-content\/uploads\/2022\/10\/333-768x303.png 768w, https:\/\/cmm.imgw.pl\/wp-content\/uploads\/2022\/10\/333-1536x606.png 1536w, https:\/\/cmm.imgw.pl\/wp-content\/uploads\/2022\/10\/333.png 1564w\" sizes=\"(max-width: 1024px) 100vw, 1024px\" \/><\/figure>\n\n\n\n<p>Wzrost temperatury powierzchni meteoroidu powoduje, \u017ce jego powierzchnia zaczyna si\u0119 topi\u0107 i cz\u0119\u015bciowo zamienia si\u0119 w gaz. Cz\u0105steczki gazu, poruszaj\u0105 si\u0119 z du\u017cymi pr\u0119dko\u015bciami. Na swojej trajektorii ruchu napotykaj\u0105 cz\u0105steczki atmosfery ziemskiej. W wyniku zderzenia cz\u0119\u015b\u0107 cz\u0105stek ulegnie jonizacji, a cz\u0119\u015b\u0107 zostanie wzbudzona. Stan wzbudzenia trwa jednak bardzo kr\u00f3tko, zaledwie od kilku sekund do kilku minut i wzbudzone atomy powracaj\u0105 do stanu podstawowego. Przeskakuj\u0105cym elektronom na ni\u017csz\u0105 pow\u0142ok\u0119 towarzyszy emisja fotonu o d\u0142ugo\u015bci fali w zakresie widma \u015bwiat\u0142a widzialnego, natomiast obserwator spostrze\u017ce za poruszaj\u0105cym si\u0119 obiektem w atmosferze zanikaj\u0105cy \u015blad, kt\u00f3ry jest w\u0142a\u015bnie zjawiskiem spadaj\u0105cej gwiazdy. Du\u017ca ilo\u015b\u0107 spadaj\u0105cych gwiazd nierzadko tworzy efektowne deszcze meteoryt\u00f3w. Najja\u015bniejsze meteory, kt\u00f3rych jasno\u015b\u0107 jest wi\u0119ksza od jasno\u015bci planety Wenus (-4<sup>m<\/sup>), nazywamy bolidami.<\/p>\n\n\n\n<h2 class=\"wp-block-heading\">Jak powstaj\u0105 meteoryty<\/h2>\n\n\n\n<p>Niekt\u00f3re meteoroidy, kt\u00f3re przetrwaj\u0105 podr\u00f3\u017c przez atmosfer\u0119 docieraj\u0105 do powierzchni Ziemi zderzaj\u0105c si\u0119 z ni\u0105. Uderzenie p\u0119dz\u0105cego obiektu o powierzchni\u0119 Ziemi powoduje powstanie krateru. Docieraj\u0105ce meteoroidy do powierzchni Ziemi nazywamy meteorytami. Du\u017cym zaskoczeniem dla \u015bwiadk\u00f3w tego wydarzenia mo\u017ce by\u0107 pojawiaj\u0105cy si\u0119 na jego powierzchni szron mimo, \u017ce podczas ruchu przez atmosfer\u0119 ziemsk\u0105 jego powierzchnia rozgrza\u0142a si\u0119 do wysokiej temperatury. Ot\u00f3\u017c powierzchnia obiektu si\u0119 rozgrzewa\u0142a w trakcie ruchu w atmosferze, czas lotu w atmosferze jest na tyle kr\u00f3tki, \u017ce wn\u0119trze meteoroidu nie by\u0142o wstanie si\u0119 ogrza\u0107, zatem wn\u0119trze obiektu posiada temperatur\u0119 przestrzeni kosmicznej. Po dotarciu do powierzchni ziemi powierzchnia meteoroidu bardzo szybka och\u0142adza si\u0119, a przylegaj\u0105ca warstwa powietrza ulega izobarycznemu och\u0142odzeniu osi\u0105gaj\u0105c stan przesycenia. Nadmiar pary wodnej osiada w postaci szronu na jego powierzchni.<\/p>\n\n\n\n<h2 class=\"wp-block-heading\"><strong>Komety<\/strong><\/h2>\n\n\n\n<p>To cia\u0142a niebieskie z\u0142o\u017cone z py\u0142u i od\u0142amk\u00f3w skalnych, kt\u00f3re s\u0105 zamro\u017cone w lodzie, kt\u00f3ry sk\u0142ada si\u0119 z&nbsp;wody, metanu, amoniaku, dwutlenku w\u0119gla i innych gaz\u00f3w. Cz\u0119sto w\u0142a\u015bnie z tego powodu w&nbsp;literaturze okre\u015bla si\u0119 je jako \u201ebrudne kule \u015bniegowe\u201d. J\u0105dro komety sk\u0142ada si\u0119 z lodu i okruch\u00f3w skalnych i mo\u017ce mie\u0107 \u015brednic\u0119 od 1 do 50 km. Gdy kometa, w\u0119druj\u0105c po swojej orbicie, zbli\u017ca si\u0119 do S\u0142o\u0144ca na odleg\u0142o\u015b\u0107 oko\u0142o 5 AU, rozgrzewa si\u0119 i z jej powierzchni rozpoczyna si\u0119 sublimacja lodu i \u015bniegu. Uwolniony z powierzchni gaz, porywa py\u0142 &nbsp;i tworzy kom\u0119 czyli otoczk\u0119 wok\u00f3\u0142 j\u0105dra,. Jej \u015brednica mo\u017ce si\u0119ga\u0107 czasami miliona kilometr\u00f3w. J\u0105dro i koma tworz\u0105 g\u0142ow\u0119 komety. Gdy kometa wchodzi do wewn\u0119trznej cz\u0119\u015bci Uk\u0142adu S\u0142onecznego, wiatr s\u0142oneczny i&nbsp;ci\u015bnienie promieniowania s\u0142onecznego dos\u0142ownie zdmuchuj\u0105 odparowane gazy oraz cz\u0105steczki py\u0142u z&nbsp;g\u0142owy komety. W wyniku tego oddzia\u0142ywania powstaje d\u0142ugi ogon komety, kt\u00f3ry odwr\u00f3cony jest zawsze w kierunku przeciwnym ni\u017c S\u0142o\u0144ce i osi\u0105gaj\u0105cy d\u0142ugo\u015b\u0107 kilku milion\u00f3w kilometr\u00f3w. Na og\u00f3\u0142 kometa posiada dwa warkocze. Jeden z nich to warkocz jonowy, kt\u00f3ry zbudowany jest z cz\u0119\u015bciowo zjonizowanego gazu oraz drobnego py\u0142u. Warkocz jonowy cz\u0119\u015bciowo odbija \u015bwiat\u0142o s\u0142oneczne, a za \u015bwiecenie warkocza odpowiedzialne s\u0105 wzbudzone atomy. Drugi to warkocz py\u0142owy, kt\u00f3ry powstaje w wyniku wywierania ci\u015bnienia przez promieniowanie s\u0142oneczne.<\/p>\n\n\n\n<p>Na podstawie bada\u0144 przeprowadzonych przez sondy Giotto, Suisei oraz Sakigake stwierdzono, \u017ce j\u0105dro komety Halleya jest wyd\u0142u\u017con\u0105 bry\u0142\u0105 materii o rozmiarach 14 km x 7,5 km, kt\u00f3ra rotuje wok\u00f3\u0142 w\u0142asnej osi w czasie 52 &#8211; 53 godzin, albedo jej powierzchni zmierzono na poziomie 3 &#8211; 4%, j\u0105dro wyrzuca\u0142o oko\u0142o 70 ton materii w ci\u0105gu sekundy. Obserwacje przeprowadzone w pobli\u017cu j\u0105dra komety pozwoli\u0142y zidentyfikowa\u0107 nast\u0119puj\u0105ce cz\u0105stki H<sub>2<\/sub>O, NH<sub>3<\/sub>, CO<sub>2<\/sub>, CH<sub>4<\/sub> oraz C<sub>2<\/sub>, CH , OH, CN, NH<sub>2<\/sub>, NH. W materiale py\u0142owym stwierdzono obecno\u015b\u0107 w\u0119gla , wodoru, azotu, sodu, tlenu, krzemu, magnezu.<\/p>\n\n\n\n<h2 class=\"wp-block-heading\"><strong>Warunki i zalecenia dla obserwator\u00f3w Orionid\u00f3w<\/strong>.<\/h2>\n\n\n\n<figure class=\"wp-block-image size-large\"><img loading=\"lazy\" width=\"1024\" height=\"224\" src=\"https:\/\/cmm.imgw.pl\/wp-content\/uploads\/2022\/10\/444-1024x224.png\" alt=\"\" class=\"wp-image-17790\" srcset=\"https:\/\/cmm.imgw.pl\/wp-content\/uploads\/2022\/10\/444-1024x224.png 1024w, https:\/\/cmm.imgw.pl\/wp-content\/uploads\/2022\/10\/444-300x65.png 300w, https:\/\/cmm.imgw.pl\/wp-content\/uploads\/2022\/10\/444-768x168.png 768w, https:\/\/cmm.imgw.pl\/wp-content\/uploads\/2022\/10\/444-1536x335.png 1536w, https:\/\/cmm.imgw.pl\/wp-content\/uploads\/2022\/10\/444.png 1562w\" sizes=\"(max-width: 1024px) 100vw, 1024px\" \/><\/figure>\n\n\n\n<figure class=\"wp-block-image size-full\"><img loading=\"lazy\" width=\"604\" height=\"273\" src=\"https:\/\/cmm.imgw.pl\/wp-content\/uploads\/2022\/10\/555.png\" alt=\"\" class=\"wp-image-17791\" srcset=\"https:\/\/cmm.imgw.pl\/wp-content\/uploads\/2022\/10\/555.png 604w, https:\/\/cmm.imgw.pl\/wp-content\/uploads\/2022\/10\/555-300x136.png 300w\" sizes=\"(max-width: 604px) 100vw, 604px\" \/><figcaption>\u0179r\u00f3d\u0142o: Almanach astronomiczny 2022, Polskie Towarzystwo Astronomiczne<\/figcaption><\/figure>\n\n\n\n<ul><li><mark style=\"background-color:rgba(0, 0, 0, 0)\" class=\"has-inline-color has-black-color\">Najlepszy czas na obserwacje: druga po\u0142owa nocy z 21 na 22 pa\u017adziernika 2022 roku.<\/mark><\/li><li><mark style=\"background-color:rgba(0, 0, 0, 0)\" class=\"has-inline-color has-black-color\">W dniu maksimum Ksi\u0119\u017cyc znajdzie si\u0119 w fazie mi\u0119dzy trzeci\u0105 kwadr\u0105 a nowiem (faza ubywaj\u0105cego sierpa Ksi\u0119\u017cyca).<\/mark><\/li><li><mark style=\"background-color:rgba(0, 0, 0, 0)\" class=\"has-inline-color has-black-color\">Radiant: znajduje si\u0119 na pograniczu konstelacji Oriona i Bli\u017ani\u0105t<\/mark><\/li><\/ul>\n\n\n<div class=\"wp-block-image\">\n<figure class=\"aligncenter size-full\"><img loading=\"lazy\" width=\"604\" height=\"433\" src=\"https:\/\/cmm.imgw.pl\/wp-content\/uploads\/2022\/10\/666.png\" alt=\"\" class=\"wp-image-17792\" srcset=\"https:\/\/cmm.imgw.pl\/wp-content\/uploads\/2022\/10\/666.png 604w, https:\/\/cmm.imgw.pl\/wp-content\/uploads\/2022\/10\/666-300x215.png 300w\" sizes=\"(max-width: 604px) 100vw, 604px\" \/><figcaption>Zmiana po\u0142o\u017cenie radiantu roju Orionid\u00f3w w okresie ich aktywno\u015bci.<br>\u0179r\u00f3d\u0142o: Almanach astronomiczny 2022, Polskie Towarzystwo Astronomiczne<\/figcaption><\/figure><\/div>\n\n\n<p>Wskaz\u00f3wki do obserwacji: wpierw nale\u017cy ustali\u0107, na jakiej wysoko\u015bci i po kt\u00f3rej stronie \u015bwiata znajdzie si\u0119 radiant roju &#8211; punkt, z kt\u00f3rego pozornie b\u0119d\u0105 nadlatywa\u0107 Orionidy. Mo\u017cna to zrobi\u0107 przy pomocy programu, aplikacji lub obrotowej mapy nieba.<\/p>\n\n\n\n<div class=\"wp-block-columns is-layout-flex wp-container-5 wp-block-columns-is-layout-flex\">\n<div class=\"wp-block-column is-layout-flow wp-block-column-is-layout-flow\">\n<figure class=\"wp-block-image size-full is-resized\"><img loading=\"lazy\" src=\"https:\/\/cmm.imgw.pl\/wp-content\/uploads\/2022\/10\/777-4.png\" alt=\"\" class=\"wp-image-17803\" width=\"397\" height=\"182\" srcset=\"https:\/\/cmm.imgw.pl\/wp-content\/uploads\/2022\/10\/777-4.png 604w, https:\/\/cmm.imgw.pl\/wp-content\/uploads\/2022\/10\/777-4-300x138.png 300w\" sizes=\"(max-width: 397px) 100vw, 397px\" \/><figcaption>Wygl\u0105d sfery niebieskiej na godzin\u0119 03:00, w dniu 22 X 2022 roku<\/figcaption><\/figure>\n<\/div>\n\n\n\n<div class=\"wp-block-column is-layout-flow wp-block-column-is-layout-flow\">\n<figure class=\"wp-block-image size-full is-resized\"><img loading=\"lazy\" src=\"https:\/\/cmm.imgw.pl\/wp-content\/uploads\/2022\/10\/888-4.png\" alt=\"\" class=\"wp-image-17802\" width=\"409\" height=\"181\" srcset=\"https:\/\/cmm.imgw.pl\/wp-content\/uploads\/2022\/10\/888-4.png 605w, https:\/\/cmm.imgw.pl\/wp-content\/uploads\/2022\/10\/888-4-300x133.png 300w\" sizes=\"(max-width: 409px) 100vw, 409px\" \/><figcaption>Wygl\u0105d sfery niebieskiej na godzin\u0119 04:00, w dniu 22 X 2022 roku<\/figcaption><\/figure>\n<\/div>\n<\/div>\n\n\n\n<p class=\"has-text-align-center\">\u0179r\u00f3d\u0142o: Tytu\u0142 oryginalny: \u201ePeriapsis\u201d, Autor: Bartosz Wojczy\u0144ski, Wydawca: AstroCD &#8211; Sylwia Substyk<\/p>\n\n\n\n<p><\/p>\n\n\n\n<p>Nast\u0119pnie warto postara\u0107 si\u0119 tak dobra\u0107 miejsce obserwacji, aby kierunek na radiant nie by\u0142 zak\u0142\u00f3cany przez \u015bwiat\u0142a miejskie, poblisk\u0105 szos\u0119 czy zak\u0142ad przemys\u0142owy. I ustali\u0107 prognoz\u0119 pogody na ten czas. Obserwujemy niekoniecznie prosto w kierunku radiantu, tylko tak, aby radiant mie\u0107 z boku.<\/p>\n\n\n\n<p>Warto pami\u0119ta\u0107, \u017ce Orionidy nale\u017c\u0105 do szybkich roj\u00f3w i pr\u0119dko\u015bci wpadaj\u0105cych w atmosfer\u0119 meteoroid\u00f3w (czyli cz\u0105stek roju zwi\u0105zanych z komet\u0105) mog\u0105 by\u0107 wysokie, nawet do 70 km\/s. Cho\u0107 zaj\u015bcia tzw. meteoru stacjonarnego (zmierzaj\u0105cego prosto ku nam) te\u017c nie da si\u0119 wykluczy\u0107.<\/p>\n\n\n\n<p>Godzina maksimum roju jest orientacyjna &#8211; istotne jest, aby\u015bmy dobrali odpowiedni\u0105 noc a meteory powinni\u015bmy ogl\u0105da\u0107 znacznie d\u0142u\u017cej ni\u017c w trakcie samego maksimum. Dlatego podaj\u0105c maksimum aktywno\u015bci portale podaj\u0105 zazwyczaj daty graniczne, gdzie prawdopodobie\u0144stwo zaobserwowania roju jest wysokie w por\u00f3wnaniu z t\u0142em i tzw. meteorami sporadycznymi.<\/p>\n\n\n\n<p>Po\u0142o\u017cenie radiantu przedstawia rycina (za Sky&amp;Telescope).<\/p>\n\n\n\n<p>W razie d\u0142u\u017cej trwaj\u0105cych obserwacji polecamy si\u0119 odpowiednio ubra\u0107 (jesienne niebo jest magnesem, ale lepiej przy nim nie skostnie\u0107) i zabra\u0107 na miejsce obserwacji &#8211; opr\u00f3cz sprz\u0119tu optycznego &#8211; termos gor\u0105cej herbaty.<\/p>\n\n\n<div class=\"wp-block-image\">\n<figure class=\"aligncenter size-full\"><img loading=\"lazy\" width=\"534\" height=\"650\" src=\"https:\/\/cmm.imgw.pl\/wp-content\/uploads\/2022\/10\/1.png\" alt=\"\" class=\"wp-image-17773\" srcset=\"https:\/\/cmm.imgw.pl\/wp-content\/uploads\/2022\/10\/1.png 534w, https:\/\/cmm.imgw.pl\/wp-content\/uploads\/2022\/10\/1-246x300.png 246w\" sizes=\"(max-width: 534px) 100vw, 534px\" \/><figcaption>\u0179r\u00f3d\u0142o grafiki: na podstawie&nbsp;<a href=\"https:\/\/pp3.sourceforge.net\/\" target=\"_blank\" rel=\"noreferrer noopener\"><mark style=\"background-color:rgba(0, 0, 0, 0)\" class=\"has-inline-color has-vivid-cyan-blue-color\">https:\/\/pp3.sourceforge.net\/<\/mark><\/a><\/figcaption><\/figure><\/div>\n\n\n<h2 class=\"wp-block-heading\">Sytuacja synoptyczna na dzisiejsz\u0105 noc<\/h2>\n\n\n\n<p>W nocy Polska pozostanie w zasi\u0119gu frontu ciep\u0142ego, kt\u00f3ry o p\u00f3\u0142nocy powinien dotrze\u0107 do rejon\u00f3w Polski centralnej. Zachmurzenie du\u017ce, a na niebie chmury Ci, Cs, Ac, As. Chmury Stratocumulus pocz\u0105tkowo pokryj\u0105 niebo w Polsce zachodniej i centralnej. Nad ranem jedynie woj. podkarpackie i cz\u0119\u015bciowo lubelskie pozostanie bez du\u017cego zachmurzenia chmurami pi\u0119tra niskiego.<\/p>\n\n\n\n<p>Temperatura powietrza od 6 st. C., na wschodzie do 12 st. C., na zachodzie kraju. Wilgotno\u015b\u0107 powietrza od 70 do 99 %. Wiatr S i SW, a w p\u00f3\u0142nocno-wschodnim rejonie SE, 3 &#8211; 16 km\/h, w porywach do 70 km\/h w rejonach g\u00f3rskich (woj. podkarpackim, dolno\u015bl\u0105skim). <\/p>\n\n\n\n<p>W nocy przez Polsk\u0119 b\u0119dzie przemieszcza\u0142a si\u0119 strefa opad\u00f3w opad\u00f3w deszczu. W strefie opad\u00f3w mog\u0105 tak\u017ce pojawi\u0107 si\u0119 chmury Stratus fractus. W obszarze wyst\u0119powania opadu m\u017cawki, mog\u0105 pojawi\u0107 si\u0119 chmury Stratus nebulosus opacus. Ograniczenie widzialno\u015bci poni\u017cej 5 km. Im ni\u017csza podstawa chmur Stratus tym mniejszy zasi\u0119g widzialno\u015bci (1,2 &#8211; 1,5 km).<\/p>\n\n\n\n<h2 class=\"wp-block-heading\"><strong>Prognoza numeryczna pola zachmurzenia og\u00f3lnego (<a href=\"https:\/\/cmm.imgw.pl\/cmm\/?page_id=8018\" target=\"_blank\" rel=\"noreferrer noopener\"><mark style=\"background-color:rgba(0, 0, 0, 0)\" class=\"has-inline-color has-vivid-cyan-blue-color\">model COSMO<\/mark><\/a>) na <\/strong>dzisiejsz\u0105 noc<\/h2>\n\n\n\n<div class=\"wp-block-columns is-layout-flex wp-container-8 wp-block-columns-is-layout-flex\">\n<div class=\"wp-block-column is-layout-flow wp-block-column-is-layout-flow\">\n<figure class=\"wp-block-image size-large\"><img loading=\"lazy\" width=\"1024\" height=\"1024\" src=\"https:\/\/cmm.imgw.pl\/wp-content\/uploads\/2022\/10\/WRF_POLSKA_CLOUD_ICON-EU_00z_2022-10-21_18_00_00-4-1024x1024.jpg\" alt=\"\" class=\"wp-image-17919\" srcset=\"https:\/\/cmm.imgw.pl\/wp-content\/uploads\/2022\/10\/WRF_POLSKA_CLOUD_ICON-EU_00z_2022-10-21_18_00_00-4-1024x1024.jpg 1024w, https:\/\/cmm.imgw.pl\/wp-content\/uploads\/2022\/10\/WRF_POLSKA_CLOUD_ICON-EU_00z_2022-10-21_18_00_00-4-300x300.jpg 300w, https:\/\/cmm.imgw.pl\/wp-content\/uploads\/2022\/10\/WRF_POLSKA_CLOUD_ICON-EU_00z_2022-10-21_18_00_00-4-150x150.jpg 150w, https:\/\/cmm.imgw.pl\/wp-content\/uploads\/2022\/10\/WRF_POLSKA_CLOUD_ICON-EU_00z_2022-10-21_18_00_00-4-768x768.jpg 768w, https:\/\/cmm.imgw.pl\/wp-content\/uploads\/2022\/10\/WRF_POLSKA_CLOUD_ICON-EU_00z_2022-10-21_18_00_00-4-1536x1536.jpg 1536w, https:\/\/cmm.imgw.pl\/wp-content\/uploads\/2022\/10\/WRF_POLSKA_CLOUD_ICON-EU_00z_2022-10-21_18_00_00-4-600x600.jpg 600w, https:\/\/cmm.imgw.pl\/wp-content\/uploads\/2022\/10\/WRF_POLSKA_CLOUD_ICON-EU_00z_2022-10-21_18_00_00-4.jpg 1700w\" sizes=\"(max-width: 1024px) 100vw, 1024px\" \/><\/figure>\n<\/div>\n\n\n\n<div class=\"wp-block-column is-layout-flow wp-block-column-is-layout-flow\">\n<figure class=\"wp-block-image size-large\"><img loading=\"lazy\" width=\"1024\" height=\"1024\" src=\"https:\/\/cmm.imgw.pl\/wp-content\/uploads\/2022\/10\/WRF_POLSKA_CLOUD_ICON-EU_00z_2022-10-21_21_00_00-4-1024x1024.jpg\" alt=\"\" class=\"wp-image-17922\" srcset=\"https:\/\/cmm.imgw.pl\/wp-content\/uploads\/2022\/10\/WRF_POLSKA_CLOUD_ICON-EU_00z_2022-10-21_21_00_00-4-1024x1024.jpg 1024w, https:\/\/cmm.imgw.pl\/wp-content\/uploads\/2022\/10\/WRF_POLSKA_CLOUD_ICON-EU_00z_2022-10-21_21_00_00-4-300x300.jpg 300w, https:\/\/cmm.imgw.pl\/wp-content\/uploads\/2022\/10\/WRF_POLSKA_CLOUD_ICON-EU_00z_2022-10-21_21_00_00-4-150x150.jpg 150w, https:\/\/cmm.imgw.pl\/wp-content\/uploads\/2022\/10\/WRF_POLSKA_CLOUD_ICON-EU_00z_2022-10-21_21_00_00-4-768x768.jpg 768w, https:\/\/cmm.imgw.pl\/wp-content\/uploads\/2022\/10\/WRF_POLSKA_CLOUD_ICON-EU_00z_2022-10-21_21_00_00-4-1536x1536.jpg 1536w, https:\/\/cmm.imgw.pl\/wp-content\/uploads\/2022\/10\/WRF_POLSKA_CLOUD_ICON-EU_00z_2022-10-21_21_00_00-4-600x600.jpg 600w, https:\/\/cmm.imgw.pl\/wp-content\/uploads\/2022\/10\/WRF_POLSKA_CLOUD_ICON-EU_00z_2022-10-21_21_00_00-4.jpg 1700w\" sizes=\"(max-width: 1024px) 100vw, 1024px\" \/><\/figure>\n<\/div>\n<\/div>\n\n\n\n<div class=\"wp-block-columns is-layout-flex wp-container-11 wp-block-columns-is-layout-flex\">\n<div class=\"wp-block-column is-layout-flow wp-block-column-is-layout-flow\">\n<figure class=\"wp-block-image size-large\"><img loading=\"lazy\" width=\"1024\" height=\"1024\" src=\"https:\/\/cmm.imgw.pl\/wp-content\/uploads\/2022\/10\/WRF_POLSKA_CLOUD_ICON-EU_00z_2022-10-22_00_00_00-4-1024x1024.jpg\" alt=\"\" class=\"wp-image-17920\" srcset=\"https:\/\/cmm.imgw.pl\/wp-content\/uploads\/2022\/10\/WRF_POLSKA_CLOUD_ICON-EU_00z_2022-10-22_00_00_00-4-1024x1024.jpg 1024w, https:\/\/cmm.imgw.pl\/wp-content\/uploads\/2022\/10\/WRF_POLSKA_CLOUD_ICON-EU_00z_2022-10-22_00_00_00-4-300x300.jpg 300w, https:\/\/cmm.imgw.pl\/wp-content\/uploads\/2022\/10\/WRF_POLSKA_CLOUD_ICON-EU_00z_2022-10-22_00_00_00-4-150x150.jpg 150w, https:\/\/cmm.imgw.pl\/wp-content\/uploads\/2022\/10\/WRF_POLSKA_CLOUD_ICON-EU_00z_2022-10-22_00_00_00-4-768x768.jpg 768w, https:\/\/cmm.imgw.pl\/wp-content\/uploads\/2022\/10\/WRF_POLSKA_CLOUD_ICON-EU_00z_2022-10-22_00_00_00-4-1536x1536.jpg 1536w, https:\/\/cmm.imgw.pl\/wp-content\/uploads\/2022\/10\/WRF_POLSKA_CLOUD_ICON-EU_00z_2022-10-22_00_00_00-4-600x600.jpg 600w, https:\/\/cmm.imgw.pl\/wp-content\/uploads\/2022\/10\/WRF_POLSKA_CLOUD_ICON-EU_00z_2022-10-22_00_00_00-4.jpg 1700w\" sizes=\"(max-width: 1024px) 100vw, 1024px\" \/><\/figure>\n<\/div>\n\n\n\n<div class=\"wp-block-column is-layout-flow wp-block-column-is-layout-flow\">\n<figure class=\"wp-block-image size-large\"><img loading=\"lazy\" width=\"1024\" height=\"1024\" src=\"https:\/\/cmm.imgw.pl\/wp-content\/uploads\/2022\/10\/WRF_POLSKA_CLOUD_ICON-EU_00z_2022-10-22_03_00_00-4-1024x1024.jpg\" alt=\"\" class=\"wp-image-17921\" srcset=\"https:\/\/cmm.imgw.pl\/wp-content\/uploads\/2022\/10\/WRF_POLSKA_CLOUD_ICON-EU_00z_2022-10-22_03_00_00-4-1024x1024.jpg 1024w, https:\/\/cmm.imgw.pl\/wp-content\/uploads\/2022\/10\/WRF_POLSKA_CLOUD_ICON-EU_00z_2022-10-22_03_00_00-4-300x300.jpg 300w, https:\/\/cmm.imgw.pl\/wp-content\/uploads\/2022\/10\/WRF_POLSKA_CLOUD_ICON-EU_00z_2022-10-22_03_00_00-4-150x150.jpg 150w, https:\/\/cmm.imgw.pl\/wp-content\/uploads\/2022\/10\/WRF_POLSKA_CLOUD_ICON-EU_00z_2022-10-22_03_00_00-4-768x768.jpg 768w, https:\/\/cmm.imgw.pl\/wp-content\/uploads\/2022\/10\/WRF_POLSKA_CLOUD_ICON-EU_00z_2022-10-22_03_00_00-4-1536x1536.jpg 1536w, https:\/\/cmm.imgw.pl\/wp-content\/uploads\/2022\/10\/WRF_POLSKA_CLOUD_ICON-EU_00z_2022-10-22_03_00_00-4-600x600.jpg 600w, https:\/\/cmm.imgw.pl\/wp-content\/uploads\/2022\/10\/WRF_POLSKA_CLOUD_ICON-EU_00z_2022-10-22_03_00_00-4.jpg 1700w\" sizes=\"(max-width: 1024px) 100vw, 1024px\" \/><\/figure>\n<\/div>\n<\/div>\n\n\n\n<h2 class=\"wp-block-heading\"><strong>Prognoza numeryczna pola zachmurzenia og\u00f3lnego (<a href=\"https:\/\/cmm.imgw.pl\/cmm\/?page_id=9030\" target=\"_blank\" rel=\"noreferrer noopener\"><mark style=\"background-color:rgba(0, 0, 0, 0)\" class=\"has-inline-color has-vivid-cyan-blue-color\">model WRF-ICON<\/mark><\/a>) na <\/strong>dzisiejsz\u0105 noc<\/h2>\n\n\n\n<div class=\"wp-block-columns is-layout-flex wp-container-14 wp-block-columns-is-layout-flex\">\n<div class=\"wp-block-column is-layout-flow wp-block-column-is-layout-flow\">\n<figure class=\"wp-block-image size-large\"><img loading=\"lazy\" width=\"1024\" height=\"964\" src=\"https:\/\/cmm.imgw.pl\/wp-content\/uploads\/2022\/10\/WRF_POLSKA_CLOUD_ICON-EU_00z_2022-10-21_18_00_00-3-1024x964.jpg\" alt=\"\" class=\"wp-image-17905\" srcset=\"https:\/\/cmm.imgw.pl\/wp-content\/uploads\/2022\/10\/WRF_POLSKA_CLOUD_ICON-EU_00z_2022-10-21_18_00_00-3-1024x964.jpg 1024w, https:\/\/cmm.imgw.pl\/wp-content\/uploads\/2022\/10\/WRF_POLSKA_CLOUD_ICON-EU_00z_2022-10-21_18_00_00-3-300x282.jpg 300w, https:\/\/cmm.imgw.pl\/wp-content\/uploads\/2022\/10\/WRF_POLSKA_CLOUD_ICON-EU_00z_2022-10-21_18_00_00-3-768x723.jpg 768w, https:\/\/cmm.imgw.pl\/wp-content\/uploads\/2022\/10\/WRF_POLSKA_CLOUD_ICON-EU_00z_2022-10-21_18_00_00-3-1536x1446.jpg 1536w, https:\/\/cmm.imgw.pl\/wp-content\/uploads\/2022\/10\/WRF_POLSKA_CLOUD_ICON-EU_00z_2022-10-21_18_00_00-3.jpg 1700w\" sizes=\"(max-width: 1024px) 100vw, 1024px\" \/><\/figure>\n<\/div>\n\n\n\n<div class=\"wp-block-column is-layout-flow wp-block-column-is-layout-flow\">\n<figure class=\"wp-block-image size-large\"><img loading=\"lazy\" width=\"1024\" height=\"964\" src=\"https:\/\/cmm.imgw.pl\/wp-content\/uploads\/2022\/10\/WRF_POLSKA_CLOUD_ICON-EU_00z_2022-10-21_21_00_00-3-1024x964.jpg\" alt=\"\" class=\"wp-image-17904\" srcset=\"https:\/\/cmm.imgw.pl\/wp-content\/uploads\/2022\/10\/WRF_POLSKA_CLOUD_ICON-EU_00z_2022-10-21_21_00_00-3-1024x964.jpg 1024w, https:\/\/cmm.imgw.pl\/wp-content\/uploads\/2022\/10\/WRF_POLSKA_CLOUD_ICON-EU_00z_2022-10-21_21_00_00-3-300x282.jpg 300w, https:\/\/cmm.imgw.pl\/wp-content\/uploads\/2022\/10\/WRF_POLSKA_CLOUD_ICON-EU_00z_2022-10-21_21_00_00-3-768x723.jpg 768w, https:\/\/cmm.imgw.pl\/wp-content\/uploads\/2022\/10\/WRF_POLSKA_CLOUD_ICON-EU_00z_2022-10-21_21_00_00-3-1536x1446.jpg 1536w, https:\/\/cmm.imgw.pl\/wp-content\/uploads\/2022\/10\/WRF_POLSKA_CLOUD_ICON-EU_00z_2022-10-21_21_00_00-3.jpg 1700w\" sizes=\"(max-width: 1024px) 100vw, 1024px\" \/><\/figure>\n<\/div>\n<\/div>\n\n\n\n<div class=\"wp-block-columns is-layout-flex wp-container-17 wp-block-columns-is-layout-flex\">\n<div class=\"wp-block-column is-layout-flow wp-block-column-is-layout-flow\">\n<figure class=\"wp-block-image size-large\"><img loading=\"lazy\" width=\"1024\" height=\"964\" src=\"https:\/\/cmm.imgw.pl\/wp-content\/uploads\/2022\/10\/WRF_POLSKA_CLOUD_ICON-EU_00z_2022-10-22_00_00_00-3-1024x964.jpg\" alt=\"\" class=\"wp-image-17906\" srcset=\"https:\/\/cmm.imgw.pl\/wp-content\/uploads\/2022\/10\/WRF_POLSKA_CLOUD_ICON-EU_00z_2022-10-22_00_00_00-3-1024x964.jpg 1024w, https:\/\/cmm.imgw.pl\/wp-content\/uploads\/2022\/10\/WRF_POLSKA_CLOUD_ICON-EU_00z_2022-10-22_00_00_00-3-300x282.jpg 300w, https:\/\/cmm.imgw.pl\/wp-content\/uploads\/2022\/10\/WRF_POLSKA_CLOUD_ICON-EU_00z_2022-10-22_00_00_00-3-768x723.jpg 768w, https:\/\/cmm.imgw.pl\/wp-content\/uploads\/2022\/10\/WRF_POLSKA_CLOUD_ICON-EU_00z_2022-10-22_00_00_00-3-1536x1446.jpg 1536w, https:\/\/cmm.imgw.pl\/wp-content\/uploads\/2022\/10\/WRF_POLSKA_CLOUD_ICON-EU_00z_2022-10-22_00_00_00-3.jpg 1700w\" sizes=\"(max-width: 1024px) 100vw, 1024px\" \/><\/figure>\n<\/div>\n\n\n\n<div class=\"wp-block-column is-layout-flow wp-block-column-is-layout-flow\">\n<figure class=\"wp-block-image size-large\"><img loading=\"lazy\" width=\"1024\" height=\"964\" src=\"https:\/\/cmm.imgw.pl\/wp-content\/uploads\/2022\/10\/WRF_POLSKA_CLOUD_ICON-EU_00z_2022-10-22_03_00_00-3-1024x964.jpg\" alt=\"\" class=\"wp-image-17907\" srcset=\"https:\/\/cmm.imgw.pl\/wp-content\/uploads\/2022\/10\/WRF_POLSKA_CLOUD_ICON-EU_00z_2022-10-22_03_00_00-3-1024x964.jpg 1024w, https:\/\/cmm.imgw.pl\/wp-content\/uploads\/2022\/10\/WRF_POLSKA_CLOUD_ICON-EU_00z_2022-10-22_03_00_00-3-300x282.jpg 300w, https:\/\/cmm.imgw.pl\/wp-content\/uploads\/2022\/10\/WRF_POLSKA_CLOUD_ICON-EU_00z_2022-10-22_03_00_00-3-768x723.jpg 768w, https:\/\/cmm.imgw.pl\/wp-content\/uploads\/2022\/10\/WRF_POLSKA_CLOUD_ICON-EU_00z_2022-10-22_03_00_00-3-1536x1446.jpg 1536w, https:\/\/cmm.imgw.pl\/wp-content\/uploads\/2022\/10\/WRF_POLSKA_CLOUD_ICON-EU_00z_2022-10-22_03_00_00-3.jpg 1700w\" sizes=\"(max-width: 1024px) 100vw, 1024px\" \/><\/figure>\n<\/div>\n<\/div>\n\n\n\n<h2 class=\"wp-block-heading\"><strong>Prognoza numeryczna pola zachmurzenia pi\u0119tra niskiego (<a href=\"https:\/\/cmm.imgw.pl\/cmm\/?page_id=17704\"><mark style=\"background-color:rgba(0, 0, 0, 0)\" class=\"has-inline-color has-vivid-cyan-blue-color\">model WRF-ICON<\/mark><\/a>) na<\/strong> dzisiejsz\u0105 noc<\/h2>\n\n\n\n<div class=\"wp-block-columns is-layout-flex wp-container-20 wp-block-columns-is-layout-flex\">\n<div class=\"wp-block-column is-layout-flow wp-block-column-is-layout-flow\">\n<figure class=\"wp-block-image size-large\"><img loading=\"lazy\" width=\"1024\" height=\"964\" src=\"https:\/\/cmm.imgw.pl\/wp-content\/uploads\/2022\/10\/WRF_POLSKA_CLOUD_L_ICON-EU_00z_2022-10-21_18_00_00-3-1024x964.jpg\" alt=\"\" class=\"wp-image-17903\" srcset=\"https:\/\/cmm.imgw.pl\/wp-content\/uploads\/2022\/10\/WRF_POLSKA_CLOUD_L_ICON-EU_00z_2022-10-21_18_00_00-3-1024x964.jpg 1024w, https:\/\/cmm.imgw.pl\/wp-content\/uploads\/2022\/10\/WRF_POLSKA_CLOUD_L_ICON-EU_00z_2022-10-21_18_00_00-3-300x282.jpg 300w, https:\/\/cmm.imgw.pl\/wp-content\/uploads\/2022\/10\/WRF_POLSKA_CLOUD_L_ICON-EU_00z_2022-10-21_18_00_00-3-768x723.jpg 768w, https:\/\/cmm.imgw.pl\/wp-content\/uploads\/2022\/10\/WRF_POLSKA_CLOUD_L_ICON-EU_00z_2022-10-21_18_00_00-3-1536x1446.jpg 1536w, https:\/\/cmm.imgw.pl\/wp-content\/uploads\/2022\/10\/WRF_POLSKA_CLOUD_L_ICON-EU_00z_2022-10-21_18_00_00-3.jpg 1700w\" sizes=\"(max-width: 1024px) 100vw, 1024px\" \/><\/figure>\n<\/div>\n\n\n\n<div class=\"wp-block-column is-layout-flow wp-block-column-is-layout-flow\">\n<figure class=\"wp-block-image size-large\"><img loading=\"lazy\" width=\"1024\" height=\"964\" src=\"https:\/\/cmm.imgw.pl\/wp-content\/uploads\/2022\/10\/WRF_POLSKA_CLOUD_L_ICON-EU_00z_2022-10-21_21_00_00-3-1024x964.jpg\" alt=\"\" class=\"wp-image-17908\" srcset=\"https:\/\/cmm.imgw.pl\/wp-content\/uploads\/2022\/10\/WRF_POLSKA_CLOUD_L_ICON-EU_00z_2022-10-21_21_00_00-3-1024x964.jpg 1024w, https:\/\/cmm.imgw.pl\/wp-content\/uploads\/2022\/10\/WRF_POLSKA_CLOUD_L_ICON-EU_00z_2022-10-21_21_00_00-3-300x282.jpg 300w, https:\/\/cmm.imgw.pl\/wp-content\/uploads\/2022\/10\/WRF_POLSKA_CLOUD_L_ICON-EU_00z_2022-10-21_21_00_00-3-768x723.jpg 768w, https:\/\/cmm.imgw.pl\/wp-content\/uploads\/2022\/10\/WRF_POLSKA_CLOUD_L_ICON-EU_00z_2022-10-21_21_00_00-3-1536x1446.jpg 1536w, https:\/\/cmm.imgw.pl\/wp-content\/uploads\/2022\/10\/WRF_POLSKA_CLOUD_L_ICON-EU_00z_2022-10-21_21_00_00-3.jpg 1700w\" sizes=\"(max-width: 1024px) 100vw, 1024px\" \/><\/figure>\n<\/div>\n<\/div>\n\n\n\n<div class=\"wp-block-columns is-layout-flex wp-container-23 wp-block-columns-is-layout-flex\">\n<div class=\"wp-block-column is-layout-flow wp-block-column-is-layout-flow\">\n<figure class=\"wp-block-image size-large\"><img loading=\"lazy\" width=\"1024\" height=\"964\" src=\"https:\/\/cmm.imgw.pl\/wp-content\/uploads\/2022\/10\/WRF_POLSKA_CLOUD_L_ICON-EU_00z_2022-10-22_00_00_00-3-1024x964.jpg\" alt=\"\" class=\"wp-image-17909\" srcset=\"https:\/\/cmm.imgw.pl\/wp-content\/uploads\/2022\/10\/WRF_POLSKA_CLOUD_L_ICON-EU_00z_2022-10-22_00_00_00-3-1024x964.jpg 1024w, https:\/\/cmm.imgw.pl\/wp-content\/uploads\/2022\/10\/WRF_POLSKA_CLOUD_L_ICON-EU_00z_2022-10-22_00_00_00-3-300x282.jpg 300w, https:\/\/cmm.imgw.pl\/wp-content\/uploads\/2022\/10\/WRF_POLSKA_CLOUD_L_ICON-EU_00z_2022-10-22_00_00_00-3-768x723.jpg 768w, https:\/\/cmm.imgw.pl\/wp-content\/uploads\/2022\/10\/WRF_POLSKA_CLOUD_L_ICON-EU_00z_2022-10-22_00_00_00-3-1536x1446.jpg 1536w, https:\/\/cmm.imgw.pl\/wp-content\/uploads\/2022\/10\/WRF_POLSKA_CLOUD_L_ICON-EU_00z_2022-10-22_00_00_00-3.jpg 1700w\" sizes=\"(max-width: 1024px) 100vw, 1024px\" \/><\/figure>\n<\/div>\n\n\n\n<div class=\"wp-block-column is-layout-flow wp-block-column-is-layout-flow\">\n<figure class=\"wp-block-image size-large\"><img loading=\"lazy\" width=\"1024\" height=\"964\" src=\"https:\/\/cmm.imgw.pl\/wp-content\/uploads\/2022\/10\/WRF_POLSKA_CLOUD_L_ICON-EU_00z_2022-10-22_03_00_00-3-1024x964.jpg\" alt=\"\" class=\"wp-image-17911\" srcset=\"https:\/\/cmm.imgw.pl\/wp-content\/uploads\/2022\/10\/WRF_POLSKA_CLOUD_L_ICON-EU_00z_2022-10-22_03_00_00-3-1024x964.jpg 1024w, https:\/\/cmm.imgw.pl\/wp-content\/uploads\/2022\/10\/WRF_POLSKA_CLOUD_L_ICON-EU_00z_2022-10-22_03_00_00-3-300x282.jpg 300w, https:\/\/cmm.imgw.pl\/wp-content\/uploads\/2022\/10\/WRF_POLSKA_CLOUD_L_ICON-EU_00z_2022-10-22_03_00_00-3-768x723.jpg 768w, https:\/\/cmm.imgw.pl\/wp-content\/uploads\/2022\/10\/WRF_POLSKA_CLOUD_L_ICON-EU_00z_2022-10-22_03_00_00-3-1536x1446.jpg 1536w, https:\/\/cmm.imgw.pl\/wp-content\/uploads\/2022\/10\/WRF_POLSKA_CLOUD_L_ICON-EU_00z_2022-10-22_03_00_00-3.jpg 1700w\" sizes=\"(max-width: 1024px) 100vw, 1024px\" \/><\/figure>\n<\/div>\n<\/div>\n\n\n\n<h2 class=\"wp-block-heading\"><strong>Prognoza numeryczna pola zachmurzenia pi\u0119tra \u015bredniego (<a href=\"https:\/\/cmm.imgw.pl\/cmm\/?page_id=17699\" target=\"_blank\" rel=\"noreferrer noopener\"><mark style=\"background-color:rgba(0, 0, 0, 0)\" class=\"has-inline-color has-vivid-cyan-blue-color\">model WRF-ICON<\/mark><\/a>) na <\/strong>dzisiejsz\u0105 noc<\/h2>\n\n\n\n<div class=\"wp-block-columns is-layout-flex wp-container-26 wp-block-columns-is-layout-flex\">\n<div class=\"wp-block-column is-layout-flow wp-block-column-is-layout-flow\">\n<figure class=\"wp-block-image size-large\"><img loading=\"lazy\" width=\"1024\" height=\"964\" src=\"https:\/\/cmm.imgw.pl\/wp-content\/uploads\/2022\/10\/WRF_POLSKA_CLOUD_M_ICON-EU_00z_2022-10-21_18_00_00-3-1024x964.jpg\" alt=\"\" class=\"wp-image-17910\" srcset=\"https:\/\/cmm.imgw.pl\/wp-content\/uploads\/2022\/10\/WRF_POLSKA_CLOUD_M_ICON-EU_00z_2022-10-21_18_00_00-3-1024x964.jpg 1024w, https:\/\/cmm.imgw.pl\/wp-content\/uploads\/2022\/10\/WRF_POLSKA_CLOUD_M_ICON-EU_00z_2022-10-21_18_00_00-3-300x282.jpg 300w, https:\/\/cmm.imgw.pl\/wp-content\/uploads\/2022\/10\/WRF_POLSKA_CLOUD_M_ICON-EU_00z_2022-10-21_18_00_00-3-768x723.jpg 768w, https:\/\/cmm.imgw.pl\/wp-content\/uploads\/2022\/10\/WRF_POLSKA_CLOUD_M_ICON-EU_00z_2022-10-21_18_00_00-3-1536x1446.jpg 1536w, https:\/\/cmm.imgw.pl\/wp-content\/uploads\/2022\/10\/WRF_POLSKA_CLOUD_M_ICON-EU_00z_2022-10-21_18_00_00-3.jpg 1700w\" sizes=\"(max-width: 1024px) 100vw, 1024px\" \/><\/figure>\n<\/div>\n\n\n\n<div class=\"wp-block-column is-layout-flow wp-block-column-is-layout-flow\">\n<figure class=\"wp-block-image size-large\"><img loading=\"lazy\" width=\"1024\" height=\"964\" src=\"https:\/\/cmm.imgw.pl\/wp-content\/uploads\/2022\/10\/WRF_POLSKA_CLOUD_M_ICON-EU_00z_2022-10-21_21_00_00-3-1024x964.jpg\" alt=\"\" class=\"wp-image-17912\" srcset=\"https:\/\/cmm.imgw.pl\/wp-content\/uploads\/2022\/10\/WRF_POLSKA_CLOUD_M_ICON-EU_00z_2022-10-21_21_00_00-3-1024x964.jpg 1024w, https:\/\/cmm.imgw.pl\/wp-content\/uploads\/2022\/10\/WRF_POLSKA_CLOUD_M_ICON-EU_00z_2022-10-21_21_00_00-3-300x282.jpg 300w, https:\/\/cmm.imgw.pl\/wp-content\/uploads\/2022\/10\/WRF_POLSKA_CLOUD_M_ICON-EU_00z_2022-10-21_21_00_00-3-768x723.jpg 768w, https:\/\/cmm.imgw.pl\/wp-content\/uploads\/2022\/10\/WRF_POLSKA_CLOUD_M_ICON-EU_00z_2022-10-21_21_00_00-3-1536x1446.jpg 1536w, https:\/\/cmm.imgw.pl\/wp-content\/uploads\/2022\/10\/WRF_POLSKA_CLOUD_M_ICON-EU_00z_2022-10-21_21_00_00-3.jpg 1700w\" sizes=\"(max-width: 1024px) 100vw, 1024px\" \/><\/figure>\n<\/div>\n<\/div>\n\n\n\n<div class=\"wp-block-columns is-layout-flex wp-container-29 wp-block-columns-is-layout-flex\">\n<div class=\"wp-block-column is-layout-flow wp-block-column-is-layout-flow\">\n<figure class=\"wp-block-image size-large\"><img loading=\"lazy\" width=\"1024\" height=\"964\" src=\"https:\/\/cmm.imgw.pl\/wp-content\/uploads\/2022\/10\/WRF_POLSKA_CLOUD_M_ICON-EU_00z_2022-10-22_00_00_00-3-1024x964.jpg\" alt=\"\" class=\"wp-image-17913\" srcset=\"https:\/\/cmm.imgw.pl\/wp-content\/uploads\/2022\/10\/WRF_POLSKA_CLOUD_M_ICON-EU_00z_2022-10-22_00_00_00-3-1024x964.jpg 1024w, https:\/\/cmm.imgw.pl\/wp-content\/uploads\/2022\/10\/WRF_POLSKA_CLOUD_M_ICON-EU_00z_2022-10-22_00_00_00-3-300x282.jpg 300w, https:\/\/cmm.imgw.pl\/wp-content\/uploads\/2022\/10\/WRF_POLSKA_CLOUD_M_ICON-EU_00z_2022-10-22_00_00_00-3-768x723.jpg 768w, https:\/\/cmm.imgw.pl\/wp-content\/uploads\/2022\/10\/WRF_POLSKA_CLOUD_M_ICON-EU_00z_2022-10-22_00_00_00-3-1536x1446.jpg 1536w, https:\/\/cmm.imgw.pl\/wp-content\/uploads\/2022\/10\/WRF_POLSKA_CLOUD_M_ICON-EU_00z_2022-10-22_00_00_00-3.jpg 1700w\" sizes=\"(max-width: 1024px) 100vw, 1024px\" \/><\/figure>\n<\/div>\n\n\n\n<div class=\"wp-block-column is-layout-flow wp-block-column-is-layout-flow\">\n<figure class=\"wp-block-image size-large\"><img loading=\"lazy\" width=\"1024\" height=\"964\" src=\"https:\/\/cmm.imgw.pl\/wp-content\/uploads\/2022\/10\/WRF_POLSKA_CLOUD_M_ICON-EU_00z_2022-10-22_03_00_00-3-1024x964.jpg\" alt=\"\" class=\"wp-image-17914\" srcset=\"https:\/\/cmm.imgw.pl\/wp-content\/uploads\/2022\/10\/WRF_POLSKA_CLOUD_M_ICON-EU_00z_2022-10-22_03_00_00-3-1024x964.jpg 1024w, https:\/\/cmm.imgw.pl\/wp-content\/uploads\/2022\/10\/WRF_POLSKA_CLOUD_M_ICON-EU_00z_2022-10-22_03_00_00-3-300x282.jpg 300w, https:\/\/cmm.imgw.pl\/wp-content\/uploads\/2022\/10\/WRF_POLSKA_CLOUD_M_ICON-EU_00z_2022-10-22_03_00_00-3-768x723.jpg 768w, https:\/\/cmm.imgw.pl\/wp-content\/uploads\/2022\/10\/WRF_POLSKA_CLOUD_M_ICON-EU_00z_2022-10-22_03_00_00-3-1536x1446.jpg 1536w, https:\/\/cmm.imgw.pl\/wp-content\/uploads\/2022\/10\/WRF_POLSKA_CLOUD_M_ICON-EU_00z_2022-10-22_03_00_00-3.jpg 1700w\" sizes=\"(max-width: 1024px) 100vw, 1024px\" \/><\/figure>\n<\/div>\n<\/div>\n\n\n\n<h2 class=\"wp-block-heading\"><strong>Prognoza numeryczna pola zachmurzenia pi\u0119tra wysokiego (<a href=\"https:\/\/cmm.imgw.pl\/cmm\/?page_id=17688\" target=\"_blank\" rel=\"noreferrer noopener\"><mark style=\"background-color:rgba(0, 0, 0, 0)\" class=\"has-inline-color has-vivid-cyan-blue-color\">model WRF-ICON<\/mark><\/a>) na <\/strong>dzisiejsz\u0105 noc<\/h2>\n\n\n\n<div class=\"wp-block-columns is-layout-flex wp-container-32 wp-block-columns-is-layout-flex\">\n<div class=\"wp-block-column is-layout-flow wp-block-column-is-layout-flow\">\n<figure class=\"wp-block-image size-large\"><img loading=\"lazy\" width=\"1024\" height=\"964\" src=\"https:\/\/cmm.imgw.pl\/wp-content\/uploads\/2022\/10\/WRF_POLSKA_CLOUD_H_ICON-EU_00z_2022-10-21_18_00_00-4-1024x964.jpg\" alt=\"\" class=\"wp-image-17915\" srcset=\"https:\/\/cmm.imgw.pl\/wp-content\/uploads\/2022\/10\/WRF_POLSKA_CLOUD_H_ICON-EU_00z_2022-10-21_18_00_00-4-1024x964.jpg 1024w, https:\/\/cmm.imgw.pl\/wp-content\/uploads\/2022\/10\/WRF_POLSKA_CLOUD_H_ICON-EU_00z_2022-10-21_18_00_00-4-300x282.jpg 300w, https:\/\/cmm.imgw.pl\/wp-content\/uploads\/2022\/10\/WRF_POLSKA_CLOUD_H_ICON-EU_00z_2022-10-21_18_00_00-4-768x723.jpg 768w, https:\/\/cmm.imgw.pl\/wp-content\/uploads\/2022\/10\/WRF_POLSKA_CLOUD_H_ICON-EU_00z_2022-10-21_18_00_00-4-1536x1446.jpg 1536w, https:\/\/cmm.imgw.pl\/wp-content\/uploads\/2022\/10\/WRF_POLSKA_CLOUD_H_ICON-EU_00z_2022-10-21_18_00_00-4.jpg 1700w\" sizes=\"(max-width: 1024px) 100vw, 1024px\" \/><\/figure>\n<\/div>\n\n\n\n<div class=\"wp-block-column is-layout-flow wp-block-column-is-layout-flow\">\n<figure class=\"wp-block-image size-large\"><img loading=\"lazy\" width=\"1024\" height=\"964\" src=\"https:\/\/cmm.imgw.pl\/wp-content\/uploads\/2022\/10\/WRF_POLSKA_CLOUD_H_ICON-EU_00z_2022-10-21_21_00_00-3-1024x964.jpg\" alt=\"\" class=\"wp-image-17916\" srcset=\"https:\/\/cmm.imgw.pl\/wp-content\/uploads\/2022\/10\/WRF_POLSKA_CLOUD_H_ICON-EU_00z_2022-10-21_21_00_00-3-1024x964.jpg 1024w, https:\/\/cmm.imgw.pl\/wp-content\/uploads\/2022\/10\/WRF_POLSKA_CLOUD_H_ICON-EU_00z_2022-10-21_21_00_00-3-300x282.jpg 300w, https:\/\/cmm.imgw.pl\/wp-content\/uploads\/2022\/10\/WRF_POLSKA_CLOUD_H_ICON-EU_00z_2022-10-21_21_00_00-3-768x723.jpg 768w, https:\/\/cmm.imgw.pl\/wp-content\/uploads\/2022\/10\/WRF_POLSKA_CLOUD_H_ICON-EU_00z_2022-10-21_21_00_00-3-1536x1446.jpg 1536w, https:\/\/cmm.imgw.pl\/wp-content\/uploads\/2022\/10\/WRF_POLSKA_CLOUD_H_ICON-EU_00z_2022-10-21_21_00_00-3.jpg 1700w\" sizes=\"(max-width: 1024px) 100vw, 1024px\" \/><\/figure>\n<\/div>\n<\/div>\n\n\n\n<div class=\"wp-block-columns is-layout-flex wp-container-35 wp-block-columns-is-layout-flex\">\n<div class=\"wp-block-column is-layout-flow wp-block-column-is-layout-flow\">\n<figure class=\"wp-block-image size-large\"><img loading=\"lazy\" width=\"1024\" height=\"964\" src=\"https:\/\/cmm.imgw.pl\/wp-content\/uploads\/2022\/10\/WRF_POLSKA_CLOUD_H_ICON-EU_00z_2022-10-22_00_00_00-3-1024x964.jpg\" alt=\"\" class=\"wp-image-17917\" srcset=\"https:\/\/cmm.imgw.pl\/wp-content\/uploads\/2022\/10\/WRF_POLSKA_CLOUD_H_ICON-EU_00z_2022-10-22_00_00_00-3-1024x964.jpg 1024w, https:\/\/cmm.imgw.pl\/wp-content\/uploads\/2022\/10\/WRF_POLSKA_CLOUD_H_ICON-EU_00z_2022-10-22_00_00_00-3-300x282.jpg 300w, https:\/\/cmm.imgw.pl\/wp-content\/uploads\/2022\/10\/WRF_POLSKA_CLOUD_H_ICON-EU_00z_2022-10-22_00_00_00-3-768x723.jpg 768w, https:\/\/cmm.imgw.pl\/wp-content\/uploads\/2022\/10\/WRF_POLSKA_CLOUD_H_ICON-EU_00z_2022-10-22_00_00_00-3-1536x1446.jpg 1536w, https:\/\/cmm.imgw.pl\/wp-content\/uploads\/2022\/10\/WRF_POLSKA_CLOUD_H_ICON-EU_00z_2022-10-22_00_00_00-3.jpg 1700w\" sizes=\"(max-width: 1024px) 100vw, 1024px\" \/><\/figure>\n<\/div>\n\n\n\n<div class=\"wp-block-column is-layout-flow wp-block-column-is-layout-flow\">\n<figure class=\"wp-block-image size-large\"><img loading=\"lazy\" width=\"1024\" height=\"964\" src=\"https:\/\/cmm.imgw.pl\/wp-content\/uploads\/2022\/10\/WRF_POLSKA_CLOUD_H_ICON-EU_00z_2022-10-22_03_00_00-3-1024x964.jpg\" alt=\"\" class=\"wp-image-17918\" srcset=\"https:\/\/cmm.imgw.pl\/wp-content\/uploads\/2022\/10\/WRF_POLSKA_CLOUD_H_ICON-EU_00z_2022-10-22_03_00_00-3-1024x964.jpg 1024w, https:\/\/cmm.imgw.pl\/wp-content\/uploads\/2022\/10\/WRF_POLSKA_CLOUD_H_ICON-EU_00z_2022-10-22_03_00_00-3-300x282.jpg 300w, https:\/\/cmm.imgw.pl\/wp-content\/uploads\/2022\/10\/WRF_POLSKA_CLOUD_H_ICON-EU_00z_2022-10-22_03_00_00-3-768x723.jpg 768w, https:\/\/cmm.imgw.pl\/wp-content\/uploads\/2022\/10\/WRF_POLSKA_CLOUD_H_ICON-EU_00z_2022-10-22_03_00_00-3-1536x1446.jpg 1536w, https:\/\/cmm.imgw.pl\/wp-content\/uploads\/2022\/10\/WRF_POLSKA_CLOUD_H_ICON-EU_00z_2022-10-22_03_00_00-3.jpg 1700w\" sizes=\"(max-width: 1024px) 100vw, 1024px\" \/><\/figure>\n<\/div>\n<\/div>\n\n\n\n<p>Opracowanie: <\/p>\n\n\n\n<p>prof. dr hab. in\u017c.&nbsp;Mariusz&nbsp;Figurski Centrum Modelowania Meteorologicznego IMGW-PIB<\/p>\n\n\n\n<p>dr&nbsp;Grzegorz&nbsp;Duniec Centrum Modelowania Meteorologicznego IMGW-PIB<\/p>\n\n\n\n<p>dr&nbsp;Marcin&nbsp;Kolonko Centrum Modelowania Meteorologicznego IMGW-PIB<\/p>\n\n\n\n<p>mgr Rados\u0142aw Dro\u017adzio\u0142 Centrum Modelowania Meteorologicznego IMGW-PIB<\/p>\n\n\n\n<p>Backend:<\/p>\n\n\n\n<p>mgr&nbsp;Marcin&nbsp;Grzelczyk Centrum Modelowania Meteorologicznego IMGW-PIB<\/p>\n","protected":false},"excerpt":{"rendered":"<p>Gwiazda z w\u0142osami Chyba nie ma w\u015br\u00f3d nas osoby, kt\u00f3ra nie s\u0142ysza\u0142a o &nbsp;komecie Halleya (nazwa oficjalna 1P\/Halley, \u0142ac. Cometa Halleiensis). To przecie\u017c jedna z&nbsp;najs\u0142ynniejszych komet, kt\u00f3ra nazwana zosta\u0142a na cze\u015b\u0107 angielskiego astronoma Edmunda Halleya (1656 &#8211; 1742)[1]. Kometa Halleya znana by\u0142a ju\u017c wcze\u015bniej ludzko\u015bci i obserwowana od tysi\u0105cleci. Kiedy w 1682 roku na niebie [&hellip;]<\/p>\n","protected":false},"author":3,"featured_media":0,"comment_status":"closed","ping_status":"open","sticky":false,"template":"","format":"standard","meta":{"ocean_post_layout":"","ocean_both_sidebars_style":"","ocean_both_sidebars_content_width":0,"ocean_both_sidebars_sidebars_width":0,"ocean_sidebar":"","ocean_second_sidebar":"","ocean_disable_margins":"enable","ocean_add_body_class":"","ocean_shortcode_before_top_bar":"","ocean_shortcode_after_top_bar":"","ocean_shortcode_before_header":"","ocean_shortcode_after_header":"","ocean_has_shortcode":"","ocean_shortcode_after_title":"","ocean_shortcode_before_footer_widgets":"","ocean_shortcode_after_footer_widgets":"","ocean_shortcode_before_footer_bottom":"","ocean_shortcode_after_footer_bottom":"","ocean_display_top_bar":"default","ocean_display_header":"default","ocean_header_style":"","ocean_center_header_left_menu":"","ocean_custom_header_template":"","ocean_custom_logo":0,"ocean_custom_retina_logo":0,"ocean_custom_logo_max_width":0,"ocean_custom_logo_tablet_max_width":0,"ocean_custom_logo_mobile_max_width":0,"ocean_custom_logo_max_height":0,"ocean_custom_logo_tablet_max_height":0,"ocean_custom_logo_mobile_max_height":0,"ocean_header_custom_menu":"","ocean_menu_typo_font_family":"","ocean_menu_typo_font_subset":"","ocean_menu_typo_font_size":0,"ocean_menu_typo_font_size_tablet":0,"ocean_menu_typo_font_size_mobile":0,"ocean_menu_typo_font_size_unit":"px","ocean_menu_typo_font_weight":"","ocean_menu_typo_font_weight_tablet":"","ocean_menu_typo_font_weight_mobile":"","ocean_menu_typo_transform":"","ocean_menu_typo_transform_tablet":"","ocean_menu_typo_transform_mobile":"","ocean_menu_typo_line_height":0,"ocean_menu_typo_line_height_tablet":0,"ocean_menu_typo_line_height_mobile":0,"ocean_menu_typo_line_height_unit":"","ocean_menu_typo_spacing":0,"ocean_menu_typo_spacing_tablet":0,"ocean_menu_typo_spacing_mobile":0,"ocean_menu_typo_spacing_unit":"","ocean_menu_link_color":"","ocean_menu_link_color_hover":"","ocean_menu_link_color_active":"","ocean_menu_link_background":"","ocean_menu_link_hover_background":"","ocean_menu_link_active_background":"","ocean_menu_social_links_bg":"","ocean_menu_social_hover_links_bg":"","ocean_menu_social_links_color":"","ocean_menu_social_hover_links_color":"","ocean_disable_title":"default","ocean_disable_heading":"default","ocean_post_title":"","ocean_post_subheading":"","ocean_post_title_style":"","ocean_post_title_background_color":"","ocean_post_title_background":0,"ocean_post_title_bg_image_position":"","ocean_post_title_bg_image_attachment":"","ocean_post_title_bg_image_repeat":"","ocean_post_title_bg_image_size":"","ocean_post_title_height":0,"ocean_post_title_bg_overlay":0.5,"ocean_post_title_bg_overlay_color":"","ocean_disable_breadcrumbs":"default","ocean_breadcrumbs_color":"","ocean_breadcrumbs_separator_color":"","ocean_breadcrumbs_links_color":"","ocean_breadcrumbs_links_hover_color":"","ocean_display_footer_widgets":"default","ocean_display_footer_bottom":"default","ocean_custom_footer_template":"","ocean_post_oembed":"","ocean_post_self_hosted_media":"","ocean_post_video_embed":"","ocean_link_format":"","ocean_link_format_target":"self","ocean_quote_format":"","ocean_quote_format_link":"post","ocean_gallery_link_images":"off","ocean_gallery_id":[]},"categories":[1],"tags":[],"yoast_head":"<!-- This site is optimized with the Yoast SEO plugin v19.5.1 - https:\/\/yoast.com\/wordpress\/plugins\/seo\/ -->\n<title>Orionidy, \u015bwiadkowie s\u0142awnej komety - Laboratorium Modelowania Meteorologicznego CMOK IMGW-PIB<\/title>\n<meta name=\"robots\" content=\"index, follow, max-snippet:-1, max-image-preview:large, max-video-preview:-1\" \/>\n<link rel=\"canonical\" href=\"https:\/\/cmm.imgw.pl\/?p=17752\" \/>\n<meta property=\"og:locale\" content=\"pl_PL\" \/>\n<meta property=\"og:type\" content=\"article\" \/>\n<meta property=\"og:title\" content=\"Orionidy, \u015bwiadkowie s\u0142awnej komety - Laboratorium Modelowania Meteorologicznego CMOK IMGW-PIB\" \/>\n<meta property=\"og:description\" content=\"Gwiazda z w\u0142osami Chyba nie ma w\u015br\u00f3d nas osoby, kt\u00f3ra nie s\u0142ysza\u0142a o &nbsp;komecie Halleya (nazwa oficjalna 1P\/Halley, \u0142ac. Cometa Halleiensis). To przecie\u017c jedna z&nbsp;najs\u0142ynniejszych komet, kt\u00f3ra nazwana zosta\u0142a na cze\u015b\u0107 angielskiego astronoma Edmunda Halleya (1656 &#8211; 1742)[1]. Kometa Halleya znana by\u0142a ju\u017c wcze\u015bniej ludzko\u015bci i obserwowana od tysi\u0105cleci. Kiedy w 1682 roku na niebie [&hellip;]\" \/>\n<meta property=\"og:url\" content=\"https:\/\/cmm.imgw.pl\/?p=17752\" \/>\n<meta property=\"og:site_name\" content=\"Laboratorium Modelowania Meteorologicznego CMOK IMGW-PIB\" \/>\n<meta property=\"article:publisher\" content=\"https:\/\/www.facebook.com\/Meteoimgw\/\" \/>\n<meta property=\"article:published_time\" content=\"2022-10-19T12:24:44+00:00\" \/>\n<meta property=\"article:modified_time\" content=\"2022-10-21T11:32:16+00:00\" \/>\n<meta property=\"og:image\" content=\"https:\/\/cmm.imgw.pl\/wp-content\/uploads\/2022\/10\/0.png\" \/>\n<meta name=\"author\" content=\"CMM\" \/>\n<meta name=\"twitter:card\" content=\"summary_large_image\" \/>\n<meta name=\"twitter:creator\" content=\"@IMGW_CMM\" \/>\n<meta name=\"twitter:site\" content=\"@IMGW_CMM\" \/>\n<meta name=\"twitter:label1\" content=\"Napisane przez\" \/>\n\t<meta name=\"twitter:data1\" content=\"CMM\" \/>\n\t<meta name=\"twitter:label2\" content=\"Szacowany czas czytania\" \/>\n\t<meta name=\"twitter:data2\" content=\"19 minut\" \/>\n<script type=\"application\/ld+json\" class=\"yoast-schema-graph\">{\"@context\":\"https:\/\/schema.org\",\"@graph\":[{\"@type\":\"Article\",\"@id\":\"https:\/\/cmm.imgw.pl\/?p=17752#article\",\"isPartOf\":{\"@id\":\"https:\/\/cmm.imgw.pl\/?p=17752\"},\"author\":{\"name\":\"CMM\",\"@id\":\"https:\/\/cmm.imgw.pl\/#\/schema\/person\/a24a37fe434fe76b0f5791e6bd3fdb46\"},\"headline\":\"Orionidy, \u015bwiadkowie s\u0142awnej komety\",\"datePublished\":\"2022-10-19T12:24:44+00:00\",\"dateModified\":\"2022-10-21T11:32:16+00:00\",\"mainEntityOfPage\":{\"@id\":\"https:\/\/cmm.imgw.pl\/?p=17752\"},\"wordCount\":2400,\"publisher\":{\"@id\":\"https:\/\/cmm.imgw.pl\/#organization\"},\"inLanguage\":\"pl-PL\"},{\"@type\":\"WebPage\",\"@id\":\"https:\/\/cmm.imgw.pl\/?p=17752\",\"url\":\"https:\/\/cmm.imgw.pl\/?p=17752\",\"name\":\"Orionidy, \u015bwiadkowie s\u0142awnej komety - Laboratorium Modelowania Meteorologicznego CMOK IMGW-PIB\",\"isPartOf\":{\"@id\":\"https:\/\/cmm.imgw.pl\/#website\"},\"datePublished\":\"2022-10-19T12:24:44+00:00\",\"dateModified\":\"2022-10-21T11:32:16+00:00\",\"breadcrumb\":{\"@id\":\"https:\/\/cmm.imgw.pl\/?p=17752#breadcrumb\"},\"inLanguage\":\"pl-PL\",\"potentialAction\":[{\"@type\":\"ReadAction\",\"target\":[\"https:\/\/cmm.imgw.pl\/?p=17752\"]}]},{\"@type\":\"BreadcrumbList\",\"@id\":\"https:\/\/cmm.imgw.pl\/?p=17752#breadcrumb\",\"itemListElement\":[{\"@type\":\"ListItem\",\"position\":1,\"name\":\"Home\",\"item\":\"https:\/\/cmm.imgw.pl\/\"},{\"@type\":\"ListItem\",\"position\":2,\"name\":\"Orionidy, \u015bwiadkowie s\u0142awnej komety\"}]},{\"@type\":\"WebSite\",\"@id\":\"https:\/\/cmm.imgw.pl\/#website\",\"url\":\"https:\/\/cmm.imgw.pl\/\",\"name\":\"Laboratorium Modelowania Meteorologicznego CMOK IMGW-PIB\",\"description\":\"CMOK-LMM Laboratorium pe\u0142ni pa\u0144stwow\u0105 s\u0142u\u017cb\u0119 hydrologiczno-meteorologiczn\u0105 w zakresie numerycznych prognoz pogody, kt\u00f3rego zadaniem jest konsolidacja kompetencji w obszarze modelowania zjawisk pogodowych oraz dalszego rozwoju numerycznych modeli pogody (NMP).\",\"publisher\":{\"@id\":\"https:\/\/cmm.imgw.pl\/#organization\"},\"potentialAction\":[{\"@type\":\"SearchAction\",\"target\":{\"@type\":\"EntryPoint\",\"urlTemplate\":\"https:\/\/cmm.imgw.pl\/?s={search_term_string}\"},\"query-input\":\"required name=search_term_string\"}],\"inLanguage\":\"pl-PL\"},{\"@type\":\"Organization\",\"@id\":\"https:\/\/cmm.imgw.pl\/#organization\",\"name\":\"Laboratorium Modelowania Meteorologicznego CMOK IMGW-PIB\",\"url\":\"https:\/\/cmm.imgw.pl\/\",\"sameAs\":[\"https:\/\/www.facebook.com\/Meteoimgw\/\",\"https:\/\/twitter.com\/IMGW_CMM\"],\"logo\":{\"@type\":\"ImageObject\",\"inLanguage\":\"pl-PL\",\"@id\":\"https:\/\/cmm.imgw.pl\/#\/schema\/logo\/image\/\",\"url\":\"https:\/\/cmm.imgw.pl\/wp-content\/uploads\/2025\/10\/MODELE_LOGO_UNIFIKACJA_v2.png\",\"contentUrl\":\"https:\/\/cmm.imgw.pl\/wp-content\/uploads\/2025\/10\/MODELE_LOGO_UNIFIKACJA_v2.png\",\"width\":1356,\"height\":365,\"caption\":\"Laboratorium Modelowania Meteorologicznego CMOK IMGW-PIB\"},\"image\":{\"@id\":\"https:\/\/cmm.imgw.pl\/#\/schema\/logo\/image\/\"}},{\"@type\":\"Person\",\"@id\":\"https:\/\/cmm.imgw.pl\/#\/schema\/person\/a24a37fe434fe76b0f5791e6bd3fdb46\",\"name\":\"CMM\",\"image\":{\"@type\":\"ImageObject\",\"inLanguage\":\"pl-PL\",\"@id\":\"https:\/\/cmm.imgw.pl\/#\/schema\/person\/image\/\",\"url\":\"https:\/\/secure.gravatar.com\/avatar\/9248ea2273711f1cd09d6bd45867dbfb?s=96&d=blank&r=g\",\"contentUrl\":\"https:\/\/secure.gravatar.com\/avatar\/9248ea2273711f1cd09d6bd45867dbfb?s=96&d=blank&r=g\",\"caption\":\"CMM\"},\"sameAs\":[\"http:\/\/cmm.imgw.pl\"],\"url\":\"https:\/\/cmm.imgw.pl\/?author=3\"}]}<\/script>\n<!-- \/ Yoast SEO plugin. -->","yoast_head_json":{"title":"Orionidy, \u015bwiadkowie s\u0142awnej komety - Laboratorium Modelowania Meteorologicznego CMOK IMGW-PIB","robots":{"index":"index","follow":"follow","max-snippet":"max-snippet:-1","max-image-preview":"max-image-preview:large","max-video-preview":"max-video-preview:-1"},"canonical":"https:\/\/cmm.imgw.pl\/?p=17752","og_locale":"pl_PL","og_type":"article","og_title":"Orionidy, \u015bwiadkowie s\u0142awnej komety - Laboratorium Modelowania Meteorologicznego CMOK IMGW-PIB","og_description":"Gwiazda z w\u0142osami Chyba nie ma w\u015br\u00f3d nas osoby, kt\u00f3ra nie s\u0142ysza\u0142a o &nbsp;komecie Halleya (nazwa oficjalna 1P\/Halley, \u0142ac. Cometa Halleiensis). To przecie\u017c jedna z&nbsp;najs\u0142ynniejszych komet, kt\u00f3ra nazwana zosta\u0142a na cze\u015b\u0107 angielskiego astronoma Edmunda Halleya (1656 &#8211; 1742)[1]. Kometa Halleya znana by\u0142a ju\u017c wcze\u015bniej ludzko\u015bci i obserwowana od tysi\u0105cleci. Kiedy w 1682 roku na niebie [&hellip;]","og_url":"https:\/\/cmm.imgw.pl\/?p=17752","og_site_name":"Laboratorium Modelowania Meteorologicznego CMOK IMGW-PIB","article_publisher":"https:\/\/www.facebook.com\/Meteoimgw\/","article_published_time":"2022-10-19T12:24:44+00:00","article_modified_time":"2022-10-21T11:32:16+00:00","og_image":[{"url":"https:\/\/cmm.imgw.pl\/wp-content\/uploads\/2022\/10\/0.png"}],"author":"CMM","twitter_card":"summary_large_image","twitter_creator":"@IMGW_CMM","twitter_site":"@IMGW_CMM","twitter_misc":{"Napisane przez":"CMM","Szacowany czas czytania":"19 minut"},"schema":{"@context":"https:\/\/schema.org","@graph":[{"@type":"Article","@id":"https:\/\/cmm.imgw.pl\/?p=17752#article","isPartOf":{"@id":"https:\/\/cmm.imgw.pl\/?p=17752"},"author":{"name":"CMM","@id":"https:\/\/cmm.imgw.pl\/#\/schema\/person\/a24a37fe434fe76b0f5791e6bd3fdb46"},"headline":"Orionidy, \u015bwiadkowie s\u0142awnej komety","datePublished":"2022-10-19T12:24:44+00:00","dateModified":"2022-10-21T11:32:16+00:00","mainEntityOfPage":{"@id":"https:\/\/cmm.imgw.pl\/?p=17752"},"wordCount":2400,"publisher":{"@id":"https:\/\/cmm.imgw.pl\/#organization"},"inLanguage":"pl-PL"},{"@type":"WebPage","@id":"https:\/\/cmm.imgw.pl\/?p=17752","url":"https:\/\/cmm.imgw.pl\/?p=17752","name":"Orionidy, \u015bwiadkowie s\u0142awnej komety - Laboratorium Modelowania Meteorologicznego CMOK IMGW-PIB","isPartOf":{"@id":"https:\/\/cmm.imgw.pl\/#website"},"datePublished":"2022-10-19T12:24:44+00:00","dateModified":"2022-10-21T11:32:16+00:00","breadcrumb":{"@id":"https:\/\/cmm.imgw.pl\/?p=17752#breadcrumb"},"inLanguage":"pl-PL","potentialAction":[{"@type":"ReadAction","target":["https:\/\/cmm.imgw.pl\/?p=17752"]}]},{"@type":"BreadcrumbList","@id":"https:\/\/cmm.imgw.pl\/?p=17752#breadcrumb","itemListElement":[{"@type":"ListItem","position":1,"name":"Home","item":"https:\/\/cmm.imgw.pl\/"},{"@type":"ListItem","position":2,"name":"Orionidy, \u015bwiadkowie s\u0142awnej komety"}]},{"@type":"WebSite","@id":"https:\/\/cmm.imgw.pl\/#website","url":"https:\/\/cmm.imgw.pl\/","name":"Laboratorium Modelowania Meteorologicznego CMOK IMGW-PIB","description":"CMOK-LMM Laboratorium pe\u0142ni pa\u0144stwow\u0105 s\u0142u\u017cb\u0119 hydrologiczno-meteorologiczn\u0105 w zakresie numerycznych prognoz pogody, kt\u00f3rego zadaniem jest konsolidacja kompetencji w obszarze modelowania zjawisk pogodowych oraz dalszego rozwoju numerycznych modeli pogody (NMP).","publisher":{"@id":"https:\/\/cmm.imgw.pl\/#organization"},"potentialAction":[{"@type":"SearchAction","target":{"@type":"EntryPoint","urlTemplate":"https:\/\/cmm.imgw.pl\/?s={search_term_string}"},"query-input":"required name=search_term_string"}],"inLanguage":"pl-PL"},{"@type":"Organization","@id":"https:\/\/cmm.imgw.pl\/#organization","name":"Laboratorium Modelowania Meteorologicznego CMOK IMGW-PIB","url":"https:\/\/cmm.imgw.pl\/","sameAs":["https:\/\/www.facebook.com\/Meteoimgw\/","https:\/\/twitter.com\/IMGW_CMM"],"logo":{"@type":"ImageObject","inLanguage":"pl-PL","@id":"https:\/\/cmm.imgw.pl\/#\/schema\/logo\/image\/","url":"https:\/\/cmm.imgw.pl\/wp-content\/uploads\/2025\/10\/MODELE_LOGO_UNIFIKACJA_v2.png","contentUrl":"https:\/\/cmm.imgw.pl\/wp-content\/uploads\/2025\/10\/MODELE_LOGO_UNIFIKACJA_v2.png","width":1356,"height":365,"caption":"Laboratorium Modelowania Meteorologicznego CMOK IMGW-PIB"},"image":{"@id":"https:\/\/cmm.imgw.pl\/#\/schema\/logo\/image\/"}},{"@type":"Person","@id":"https:\/\/cmm.imgw.pl\/#\/schema\/person\/a24a37fe434fe76b0f5791e6bd3fdb46","name":"CMM","image":{"@type":"ImageObject","inLanguage":"pl-PL","@id":"https:\/\/cmm.imgw.pl\/#\/schema\/person\/image\/","url":"https:\/\/secure.gravatar.com\/avatar\/9248ea2273711f1cd09d6bd45867dbfb?s=96&d=blank&r=g","contentUrl":"https:\/\/secure.gravatar.com\/avatar\/9248ea2273711f1cd09d6bd45867dbfb?s=96&d=blank&r=g","caption":"CMM"},"sameAs":["http:\/\/cmm.imgw.pl"],"url":"https:\/\/cmm.imgw.pl\/?author=3"}]}},"_links":{"self":[{"href":"https:\/\/cmm.imgw.pl\/index.php?rest_route=\/wp\/v2\/posts\/17752"}],"collection":[{"href":"https:\/\/cmm.imgw.pl\/index.php?rest_route=\/wp\/v2\/posts"}],"about":[{"href":"https:\/\/cmm.imgw.pl\/index.php?rest_route=\/wp\/v2\/types\/post"}],"author":[{"embeddable":true,"href":"https:\/\/cmm.imgw.pl\/index.php?rest_route=\/wp\/v2\/users\/3"}],"replies":[{"embeddable":true,"href":"https:\/\/cmm.imgw.pl\/index.php?rest_route=%2Fwp%2Fv2%2Fcomments&post=17752"}],"version-history":[{"count":22,"href":"https:\/\/cmm.imgw.pl\/index.php?rest_route=\/wp\/v2\/posts\/17752\/revisions"}],"predecessor-version":[{"id":17923,"href":"https:\/\/cmm.imgw.pl\/index.php?rest_route=\/wp\/v2\/posts\/17752\/revisions\/17923"}],"wp:attachment":[{"href":"https:\/\/cmm.imgw.pl\/index.php?rest_route=%2Fwp%2Fv2%2Fmedia&parent=17752"}],"wp:term":[{"taxonomy":"category","embeddable":true,"href":"https:\/\/cmm.imgw.pl\/index.php?rest_route=%2Fwp%2Fv2%2Fcategories&post=17752"},{"taxonomy":"post_tag","embeddable":true,"href":"https:\/\/cmm.imgw.pl\/index.php?rest_route=%2Fwp%2Fv2%2Ftags&post=17752"}],"curies":[{"name":"wp","href":"https:\/\/api.w.org\/{rel}","templated":true}]}}